{"id":243262,"date":"2026-02-05T04:45:12","date_gmt":"2026-02-05T04:45:12","guid":{"rendered":"https:\/\/www.europesays.com\/pl\/243262\/"},"modified":"2026-02-05T04:45:12","modified_gmt":"2026-02-05T04:45:12","slug":"potancowka-z-zomowcami-wiceprezydent-radomia-w-ogniu-krytyki","status":"publish","type":"post","link":"https:\/\/www.europesays.com\/pl\/243262\/","title":{"rendered":"Pota\u0144c\u00f3wka z zomowcami. Wiceprezydent Radomia w ogniu krytyki"},"content":{"rendered":"\n<p class=\"ods-o-frame-in-text__paragraph\">W skr\u00f3cie:<\/p>\n<ul class=\"ods-m-bullet-list\">\n<li class=\"ods-a-bullet ods-a-bullet--normal\"> Impreza odby\u0142a si\u0119 w sobot\u0119. Zainaugurowa\u0142a obchody 50. rocznicy wydarze\u0144 radomskich z 1976 r.  <\/li>\n<li class=\"ods-a-bullet ods-a-bullet--normal\"> Szczeg\u00f3lne oburzenie wywo\u0142a\u0142o zamieszczone w mediach spo\u0142eczno\u015bciowych zdj\u0119cie z sobotniej zabawy, na kt\u00f3rym zast\u0119pca prezydenta Radomia i szefowa radomskich struktur PO Marta Michalska Wilk pozuje w towarzystwie dw\u00f3ch m\u0119\u017cczyzn przebranych za funkcjonariuszy MO <\/li>\n<li class=\"ods-a-bullet ods-a-bullet--normal\"> Wiceprezydent Michalska-Wilk w odpowiedzi na krytyk\u0119 napisa\u0142a, \u017ce obecno\u015b\u0107 os\u00f3b przebranych za funkcjonariuszy Milicji by\u0142a elementem inscenizacji historycznej <\/li>\n<li class=\"ods-a-bullet ods-a-bullet--normal\"> W czerwcu 1976 r. odpowiedzi na strajki i protesty do Radomia skierowano liczne oddzia\u0142y ZOMO z ca\u0142ego kraju, kt\u00f3re brutalnie atakowa\u0142y demonstrant\u00f3w <\/li>\n<li class=\"ods-a-bullet ods-a-bullet--normal\"> Zatrzymanych przewo\u017cono do komend MO i areszt\u00f3w, gdzie przechodzili przez tzw. \u015bcie\u017cki zdrowia, kt\u00f3re sta\u0142y si\u0119 swoistym symbolem Czerwca &#8217;76 <\/li>\n<\/ul>\n<p class=\"ods-c-paragraph \">Pota\u0144c\u00f3wka w klimacie PRL odby\u0142a si\u0119 w ubieg\u0142\u0105 sobot\u0119. Na jej organizator\u00f3w spad\u0142a fala krytyka zar\u00f3wno ze strony internaut\u00f3w, jak i polityk\u00f3w.<\/p>\n<p> Co by\u0142o celem pota\u0144c\u00f3wki w Radomiu? <\/p>\n<p> Jakie by\u0142y reakcje wiceprezydent na krytyk\u0119? <\/p>\n<p> Kto by\u0142 na pota\u0144c\u00f3wce w Radomiu? <\/p>\n<p> Jakie by\u0142y nastroje w\u015br\u00f3d uczestnik\u00f3w imprezy? <\/p>\n<p class=\"ods-c-paragraph \">Szczeg\u00f3lne oburzenie wywo\u0142a\u0142o zamieszczone w mediach spo\u0142eczno\u015bciowych zdj\u0119cie z sobotniej zabawy, na kt\u00f3rym zast\u0119pca prezydenta Radomia i szefowa radomskich struktur PO Marta Michalska-Wilk pozuje w towarzystwie dw\u00f3ch m\u0119\u017cczyzn przebranych za funkcjonariuszy MO. Do wsp\u00f3lnych fotografii ch\u0119tnie ustawiali si\u0119 tak\u017ce inni uczestnicy.<\/p>\n<p class=\"ods-c-paragraph \">&#8222;Co za wstyd i kompromitacja&#8221;, &#8222;Pota\u0144c\u00f3wka na grobach jako pami\u0119\u0107 ofiar Czerwca\u201976? Jako pami\u0119\u0107 \u00bb\u015bcie\u017cek zdrowia\u00ab?&#8221;, &#8222;Ha\u0144ba! Napluli\u015bcie ofiarom tych dni w twarz!&#8221;, &#8222;Bal na trupach PRL-u&#8230;&#8221; \u2014 pisano w komentarzach na facebookowym profilu miasta.<\/p>\n<p class=\"ods-c-paragraph \">Komentatorzy zwracali uwag\u0119, \u017ce widok uzbrojonych w pa\u0142ki i tarcze milicjant\u00f3w budzi jednoznaczne skojarzenie z tzw. \u015bcie\u017ckami zdrowia. Tak nazywano szpaler funkcjonariuszy MO bij\u0105cych pa\u0142kami robotnik\u00f3w zatrzymanych po <a href=\"https:\/\/wiadomosci.onet.pl\/tylko-w-onecie\/25-czerwca-76-radom-powinien-zostac-odznaczony\/e3brw7\" id=\"6d147a69-a749-434e-8496-4958d50889db\" rel=\"nofollow noopener\" target=\"_blank\">prote\u015bcie 25 czerwca 1976 r. w Radomiu.<\/a><\/p>\n<p> Politycy opozycji grzmi\u0105: co trzeba mie\u0107 w g\u0142owie?   <\/p>\n<p class=\"ods-c-paragraph \">Natychmiast zareagowali tak\u017ce polityczni oponenci wywodz\u0105cego si\u0119 z PO prezydenta Radomia Rados\u0142awa Witkowskiego. Na specjalnie zwo\u0142anej we wtorek konferencji prasowej pose\u0142 PiS<a href=\"https:\/\/wiadomosci.onet.pl\/marek-suski-polityk\" id=\"fd58fd6a-2c51-4307-a532-da194da74c18\" rel=\"nofollow noopener\" target=\"_blank\"> Marek Suski <\/a>uzna\u0142 zorganizowanie pota\u0144c\u00f3wki za &#8222;bulwersuj\u0105ce i skandaliczne&#8221;. Jego kolega z \u0142aw sejmowych, Rados\u0142aw Fogiel zastanawia\u0142 si\u0119, &#8222;co trzeba mie\u0107 w g\u0142owie, \u017ceby b\u0119d\u0105c radomianinem, a ju\u017c tym bardziej przedstawicielem w\u0142adz miasta, wpa\u015b\u0107 na pomy\u0142, \u017ceby zainaugurowa\u0107 obchody radosn\u0105 imprez\u0105 przepojon\u0105 nostalgi\u0105 za PRL-em&#8221;.<\/p>\n<p class=\"ods-c-paragraph \">Jednocze\u015bnie politycy PiS zaapelowali do prezydenta Radomia, by wyci\u0105gn\u0105\u0142 konsekwencj\u0119 wobec pomys\u0142odawc\u00f3w pota\u0144c\u00f3wki, a sam poda\u0142 si\u0119 do dymisji.<\/p>\n<p>W\u0142adze Radomia reaguj\u0105<\/p>\n<p class=\"ods-c-paragraph \">W odpowiedzi na krytyczne oceny internaut\u00f3w, na spo\u0142eczno\u015bciowych profilach miasta, ukaza\u0142o si\u0119 o\u015bwiadczenie, w kt\u00f3rym w\u0142adze Radomia t\u0142umaczy\u0142y, \u017ce impreza w klimacie PRL mia\u0142a by\u0107 okazj\u0105, &#8222;by przypomnie\u0107 m\u0142odszym pokoleniom o wa\u017cnych wydarzeniach historycznych i zrozumie\u0107 kontekst tamtych czas\u00f3w&#8221;.<\/p>\n<p class=\"ods-c-paragraph \">Prezydent Witkowski zabra\u0142 g\u0142os w mediach spo\u0142eczno\u015bciowych. Zaznaczy\u0142, \u017ce program tegorocznych obchod\u00f3w obejmie szereg r\u00f3\u017cnych wydarze\u0144, kt\u00f3re maj\u0105 przypomina\u0107 histori\u0119, a jednocze\u015bnie by\u0107 ho\u0142dem oddanym bohaterom radomskiego protestu robotniczego. Przyzna\u0142 jednocze\u015bnie, \u017ce inscenizacja z udzia\u0142em os\u00f3b przebranych za funkcjonariuszy MO, &#8222;by\u0142a niefortunna i przekroczy\u0142a r\u00f3wnie\u017c granice jego osobistej wra\u017cliwo\u015bci&#8221;.<\/p>\n<p class=\"ods-c-paragraph \">Prezydent Witkowski oceni\u0142, \u017ce negatywne komentarze mog\u0105 mie\u0107 charakter polityczny. &#8222;Nie ma mojej zgody na robienie polityki na ofiarach protestu robotniczego sprzed 50 lat. Nie ma mojej zgody na to, by ludzie z\u0142ej woli odebrali nam dum\u0119 z historii naszego miasta&#8221; \u2014 stwierdzi\u0142. Podkre\u015bli\u0142, \u017ce &#8222;pami\u0119\u0107 o Czerwcu \u201976 ma \u0142\u0105czy\u0107, a nie dzieli\u0107&#8221;.<\/p>\n<p class=\"ods-c-paragraph \">Na usprawiedliwienie ca\u0142ej sytuacji Witkowski przywo\u0142a\u0142 s\u0142owa uczestniczki wydarze\u0144 sprzed 50 lat, Miros\u0142awy Hetman. W wywiadzie udzielonym lokalnemu dziennikowi powiedzia\u0142a, \u017ce tak\u017ce ona uczestniczy\u0142a w imprezie i dla \u017cartu zrobi\u0142a sobie zdj\u0119cie z &#8222;zomowcem&#8221;. &#8222;Min\u0119\u0142o ju\u017c 50 lat. W sercu co zosta\u0142o, to zostanie. B\u0119dzie to z nami do ko\u0144ca \u017cycia. Ale nie mo\u017cna w ten spos\u00f3b podchodzi\u0107 do historii&#8221; \u2014 powiedzia\u0142a Hetman. &#8222;Tak bili nas, katowali, ale dlaczego nie mamy pokaza\u0107 m\u0142odym ludziom, jak wygl\u0105da\u0142 mundur \u00bbzomowca\u00ab&#8221;? \u2014 powiedzia\u0142a prezes Stowarzyszenia Radomski Czerwiec &#8217;76.<\/p>\n<p>   Przewodnicz\u0105cy Rady Miejskiej przeprasza za &#8222;brak wyczucia&#8221;<\/p>\n<p class=\"ods-c-paragraph \">Przewodnicz\u0105cy Rady Miejskiej w Radomiu Mateusz Tyczy\u0144ski podkre\u015bla\u0142, \u017ce przez lata uda\u0142o si\u0119 zbudowa\u0107 wsp\u00f3lnot\u0119 i &#8222;rzecz w Radomiu rzadka \u2014 niezale\u017cnie od pogl\u0105d\u00f3w, \u017cyciorys\u00f3w, przynale\u017cno\u015bci partyjnej i sympatii politycznych, m\u00f3wili\u015bmy o Czerwcu i jego bohaterach jednym g\u0142osem&#8221;. \u2014 Jedno \u2014 m\u00f3wi\u0105c wprost \u2014 niem\u0105dre zdj\u0119cie zast\u0119pczyni prezydenta, jeden g\u0142upi i niestosowny pomys\u0142 z wpuszczeniem na rocznicowe wydarzenie ludzi przebranych za ZOMO nie powinny tego zburzy\u0107 \u2014 powiedzia\u0142 Tyczy\u0144ski. I cho\u0107 \u2014 jak zaznaczy\u0142 \u2014 nie by\u0142o go na imprezie \u2014 przeprosi\u0142 &#8222;za brak wyczucia, wszystkie z\u0142e skojarzenia i wspomnienia, kt\u00f3re mog\u0142y wywo\u0142a\u0107 milicyjne pa\u0142ki i mundury ZOMO&#8221;.<\/p>\n<p>Michalska-Wilk odpowiada na krytyk\u0119<\/p>\n<p class=\"ods-c-paragraph \">Wiceprezydent Michalska-Wilk w odpowiedzi na krytyk\u0119 napisa\u0142a, \u017ce obecno\u015b\u0107 os\u00f3b przebranych za funkcjonariuszy Milicji by\u0142a elementem inscenizacji historycznej. Wed\u0142ug niej &#8222;fakt, \u017ce wsp\u00f3\u0142cze\u015bnie mo\u017cemy si\u0119 swobodnie przebiera\u0107 r\u00f3wnie\u017c za przedstawicieli aparatu represji i robi\u0107 sobie z nimi pami\u0105tkowe zdj\u0119cia, \u015bwiadczy o wolno\u015bci. Zawdzi\u0119czamy to m.in. bohaterom Radomskiego Czerwca \u201976&#8221;.<\/p>\n<p class=\"ods-c-paragraph \">Jednocze\u015bnie zaznaczy\u0142a, \u017ce obchody rocznicowe zaplanowane s\u0105 na ca\u0142y rok i obejmuj\u0105 szereg r\u00f3\u017cnorodnych wydarze\u0144: edukacyjnych, historycznych, patriotycznych, kulturalnych i spo\u0142ecznych \u2014 od spotka\u0144 z historykami i \u015bwiadkami wydarze\u0144, przez uroczysto\u015bci o charakterze podnios\u0142ym i pa\u0144stwowym, po inicjatywy integruj\u0105ce mieszka\u0144c\u00f3w wok\u00f3\u0142 wsp\u00f3lnej pami\u0119ci. &#8222;Uwa\u017camy, \u017ce pami\u0119\u0107 historyczna mo\u017ce i powinna przybiera\u0107 r\u00f3\u017cne formy, docieraj\u0105c do r\u00f3\u017cnych pokole\u0144&#8221; \u2014 wyja\u015bni\u0142a.<\/p>\n<p>Pota\u0144c\u00f3wka w stylu PRL. &#8222;Super impreza&#8221;<\/p>\n<p class=\"ods-c-paragraph \">W\u015br\u00f3d uczestnik\u00f3w imprezy byli te\u017c radomscy radni, pracownicy miejskich sp\u00f3\u0142ek i magistratu, szefowie instytucji kultury i zwykli radomianie, kt\u00f3rym uda\u0142o si\u0119 zdoby\u0107 wej\u015bci\u00f3wki w konkursie organizowanym przez lokaln\u0105 rozg\u0142o\u015bni\u0119. Wszyscy w strojach stylizowanych na mod\u0119 PRL-u, np. popularnych wtedy spodniach dzwonach czy tradycyjnych damskich garsonkach. <\/p>\n<p>    <img decoding=\"async\" src=\"https:\/\/www.europesays.com\/pl\/wp-content\/uploads\/2026\/02\/Lysk9lBaHR0cHM6Ly9vY2RuLmV1L3B1bHNjbXMvTURBXy80YmQzMjA5YmNlZGUzYzE3YmRhZmZiYWFiMzY4MWEwYi5qcGeRlQLNB.jpeg\" height=\"627\" width=\"940\" style=\"min-height:627px;\" alt=\"Pota\u0144c\u00f3wka w klimacie PRL w Radomiu\" loading=\"lazy\" class=\"ods-c-image__img ods-c-image__img--viewport-width\"\/> <\/p>\n<p>Pota\u0144c\u00f3wka w klimacie PRL w RadomiuPiotr Polak \/ PAP<\/p>\n<p class=\"ods-c-paragraph \">Go\u015bciom serwowano m.in. \u015bledzika, galaret\u0119, flaczki oraz oran\u017cad\u0119. Uczestnicy pili te\u017c w\u0142asny alkohol i ta\u0144czyli przy najwi\u0119kszych szlagierach epoki PRL.<\/p>\n<p class=\"ods-c-paragraph \">Wielu z nich pozytywnie ocenia\u0142o przebieg imprezy. &#8222;Super impreza pod ka\u017cdym wzgl\u0119dem. Czas wspomnie\u0144 i dobrej zabawy&#8221; \u2014 napisa\u0142a jedna z internautek. &#8222;I ja tam by\u0142am, jad\u0142am, ta\u0144czy\u0142am i kompot pi\u0142am! \u2014 doda\u0142a inna. Kto\u015b inny \u017cali\u0142 si\u0119, \u017ce nie uda\u0142o mu si\u0119 zdoby\u0107 wej\u015bci\u00f3wki, \u017ce by\u0142y one tylko dla wybra\u0144c\u00f3w. Inna skwitowa\u0142a negatywne komentarze: &#8222;I po co ta martyrologia? Ludzie, wystarczy, troch\u0119 rado\u015bci z \u017cycia!&#8221;.<\/p>\n<p> <img decoding=\"async\" src=\"https:\/\/www.europesays.com\/pl\/wp-content\/uploads\/2026\/02\/IUOk9lBaHR0cHM6Ly9vY2RuLmV1L3B1bHNjbXMvTURBXy80M2YxYTY2YzQ1YTU2YjFhNGYzZTRjNDUyMDY4MjA3Yy5qcGeRlQLNB.jpeg\" height=\"627\" width=\"940\" style=\"min-height:627px;\" alt=\"Pota\u0144c\u00f3wka w klimacie PRL w Radomiu\" loading=\"lazy\" class=\"ods-c-image__img ods-c-image__img--viewport-width\"\/> <\/p>\n<p>Pota\u0144c\u00f3wka w klimacie PRL w RadomiuPiotr Polak \/ PAP<\/p>\n<p> Wydarzenia radomskie. 50. rocznica Czerwca&#8217;76<\/p>\n<p class=\"ods-c-paragraph \">25 czerwca 1976 r. w wielu zak\u0142adach pracy w Polsce zorganizowano strajki w zwi\u0105zku z og\u0142oszon\u0105 przez rz\u0105d podwy\u017ck\u0105 cen.<\/p>\n<p class=\"ods-c-paragraph \">Na ulice Radomia w prote\u015bcie wysz\u0142o 20 tys. ludzi. W\u0142adze skierowa\u0142y do tego miasta oddzia\u0142y ZOMO z Warszawy, \u0141odzi, Kielc i Lublina oraz Wy\u017cszej Szko\u0142y Oficerskiej MO w Szczytnie. Mundurowi u\u017cywali si\u0142y, pos\u0142uguj\u0105c si\u0119 pa\u0142kami, armatkami wodnymi i gazami \u0142zawi\u0105cymi. Dw\u00f3ch demonstrant\u00f3w, Jan \u0141ab\u0119cki i Tadeusz Z\u0105becki, zgin\u0119\u0142o w tragicznym wypadku \u2014 pod rozp\u0119dzon\u0105 przyczep\u0105 wype\u0142nion\u0105 betonowymi p\u0142ytami, kt\u00f3r\u0105 spychali w kierunku zomowc\u00f3w.<\/p>\n<p class=\"ods-c-paragraph \">Zatrzymanych przewo\u017cono do komend MO i areszt\u00f3w, gdzie przechodzili przez tzw. \u015bcie\u017cki zdrowia, kt\u00f3re sta\u0142y si\u0119 swoistym symbolem Czerwca &#8217;76.<\/p>\n<p class=\"ods-c-paragraph \">W zwi\u0105zku z udzia\u0142em w prote\u015bcie prac\u0119 straci\u0142o ok. 900 radomian, przede wszystkim pracownik\u00f3w Zak\u0142ad\u00f3w Metalowych. Zacz\u0119\u0142y si\u0119 tak\u017ce represje wobec uczestnik\u00f3w protestu i ich rodzin. Na pomoc represjonowanym ruszy\u0142o wiele os\u00f3b ze \u015brodowisk opozycyjnych i niezale\u017cnych. We wrze\u015bniu 1976 r. powsta\u0142 Komitet Obrony Robotnik\u00f3w \u2014 pierwsza, dzia\u0142aj\u0105ca jawnie w kraju komunistycznym organizacja opozycyjna, kt\u00f3ra walczy\u0142a o wypuszczenie na wolno\u015b\u0107 wszystkich skazanych.<\/p>\n","protected":false},"excerpt":{"rendered":"W skr\u00f3cie: Impreza odby\u0142a si\u0119 w sobot\u0119. Zainaugurowa\u0142a obchody 50. rocznicy wydarze\u0144 radomskich z 1976 r. Szczeg\u00f3lne oburzenie&hellip;\n","protected":false},"author":2,"featured_media":243263,"comment_status":"","ping_status":"","sticky":false,"template":"","format":"standard","meta":{"footnotes":"","_share_on_mastodon":"0"},"categories":[12],"tags":[32,33,36,37,27,34,35,28,31,48,25,46,42,8926,38,40,39,41,3689,2913,43384,47,29,30,435,26],"class_list":["post-243262","post","type-post","status-publish","format-standard","has-post-thumbnail","category-polska","tag-breaking-news","tag-breakingnews","tag-featured-news","tag-featurednews","tag-headlines","tag-latest-news","tag-latestnews","tag-naglowki","tag-najwazniejsze-artykuly","tag-nat_styl","tag-news","tag-omp","tag-pl","tag-platforma_obywatelska","tag-poland","tag-polish","tag-polska","tag-polski","tag-prl","tag-radom","tag-radoslaw_witkowski","tag-screening_general","tag-top-stories","tag-topstories","tag-warszawa","tag-wiadomosci"],"share_on_mastodon":{"url":"https:\/\/pubeurope.com\/@pl\/116016206633909379","error":""},"_links":{"self":[{"href":"https:\/\/www.europesays.com\/pl\/wp-json\/wp\/v2\/posts\/243262","targetHints":{"allow":["GET"]}}],"collection":[{"href":"https:\/\/www.europesays.com\/pl\/wp-json\/wp\/v2\/posts"}],"about":[{"href":"https:\/\/www.europesays.com\/pl\/wp-json\/wp\/v2\/types\/post"}],"author":[{"embeddable":true,"href":"https:\/\/www.europesays.com\/pl\/wp-json\/wp\/v2\/users\/2"}],"replies":[{"embeddable":true,"href":"https:\/\/www.europesays.com\/pl\/wp-json\/wp\/v2\/comments?post=243262"}],"version-history":[{"count":0,"href":"https:\/\/www.europesays.com\/pl\/wp-json\/wp\/v2\/posts\/243262\/revisions"}],"wp:featuredmedia":[{"embeddable":true,"href":"https:\/\/www.europesays.com\/pl\/wp-json\/wp\/v2\/media\/243263"}],"wp:attachment":[{"href":"https:\/\/www.europesays.com\/pl\/wp-json\/wp\/v2\/media?parent=243262"}],"wp:term":[{"taxonomy":"category","embeddable":true,"href":"https:\/\/www.europesays.com\/pl\/wp-json\/wp\/v2\/categories?post=243262"},{"taxonomy":"post_tag","embeddable":true,"href":"https:\/\/www.europesays.com\/pl\/wp-json\/wp\/v2\/tags?post=243262"}],"curies":[{"name":"wp","href":"https:\/\/api.w.org\/{rel}","templated":true}]}}