{"id":243268,"date":"2026-02-05T04:48:08","date_gmt":"2026-02-05T04:48:08","guid":{"rendered":"https:\/\/www.europesays.com\/pl\/243268\/"},"modified":"2026-02-05T04:48:08","modified_gmt":"2026-02-05T04:48:08","slug":"michel-moran-mial-wypadek-kucharz-pokazal-obrazenia-za-pozno-2","status":"publish","type":"post","link":"https:\/\/www.europesays.com\/pl\/243268\/","title":{"rendered":"Michel Moran mia\u0142 wypadek. Kucharz pokaza\u0142 obra\u017cenia: za p\u00f3\u017ano"},"content":{"rendered":"<p class=\"Paragraph_desktopParagraph__U31Gm\"><a href=\"https:\/\/plejada.pl\/temat\/michel-moran\/3ewpydb\" id=\"014cfdc3-7a87-453b-b955-ee5b10ba1b93\" rel=\"nofollow noopener\" target=\"_blank\">Michel Moran<\/a> zaniepokoi\u0142 swoich fan\u00f3w, publikuj\u0105c w mediach spo\u0142eczno\u015bciowych zdj\u0119cie uszkodzonej d\u0142oni. Widoczny opatrunek i stabilizuj\u0105ca szyna nie pozostawiaj\u0105 z\u0142udze\u0144, \u017ce uraz jest powa\u017cny. Sam kucharz nie zdradzi\u0142 jednak, jak dok\u0142adnie dosz\u0142o do wypadku. W kr\u00f3tkim, wymownym wpisie zasugerowa\u0142 jedynie, \u017ce mog\u0142o chodzi\u0107 o chwil\u0119 nieuwagi lub zwyk\u0142ego pecha.<\/p>\n<blockquote>\n<p class=\"Paragraph_desktopParagraph__U31Gm\">Brak uwagi? Pecha? Za p\u00f3\u017ano, \u017ceby zastanowi\u0107. Jestem z\u0142amane<\/p>\n<\/blockquote>\n<p class=\"Paragraph_desktopParagraph__U31Gm\">\u2014 napisa\u0142 Michel Moran (pisownia oryginalna), pozostawiaj\u0105c fan\u00f3w w niepewno\u015bci co do szczeg\u00f3\u0142\u00f3w zdarzenia.<\/p>\n<ul class=\"OchatFollowUps_wrapper__1ry7X\">\n<li class=\"OchatFollowUps_item__Dhyly OchatFollowUps_itemDesktop__R6aBv\">Co si\u0119 sta\u0142o Michelowi Moranowi?<\/li>\n<li class=\"OchatFollowUps_item__Dhyly OchatFollowUps_itemDesktop__R6aBv\">Jakie obra\u017cenia odni\u00f3s\u0142 Michel Moran?<\/li>\n<li class=\"OchatFollowUps_item__Dhyly OchatFollowUps_itemDesktop__R6aBv\">Co napisali fani w komentarzach?<\/li>\n<li class=\"OchatFollowUps_item__Dhyly OchatFollowUps_itemDesktop__R6aBv\">Jak kontuzja wp\u0142ynie na prac\u0119 Michela Morana?<\/li>\n<\/ul>\n<p>Michel Moran mia\u0142 wypadek. Kucharz pokaza\u0142 obra\u017cenia <\/p>\n<p class=\"Paragraph_desktopParagraph__U31Gm\">Pod postem Michela Morana natychmiast pojawi\u0142a si\u0119 fala wsparcia. Internauci i osoby ze \u015bwiata gastronomii przesy\u0142ali kucharzowi s\u0142owa otuchy i \u017cyczenia szybkiego powrotu do zdrowia. <\/p>\n<p class=\"Paragraph_desktopParagraph__U31Gm\">&#8222;\u0141\u0105cz\u0119 si\u0119 w b\u00f3lu. Du\u017co zdr\u00f3wka&#8221;,&#8221;O nie! Wracaj do zdrowia Mistrzu&#8221;, &#8222;Kochany! Szybkiego powrotu do zdrowia&#8221; \u2014 pisali poruszeni obserwatorzy. Jeden z nich doda\u0142 nawet: &#8222;Jestem po operacji nadgarstka 8 dni temu, wiem jak to jest, do tego prawa d\u0142o\u0144 jak u mnie. Szybkiego powrotu do zdrowia&#8221;. G\u0142os zabra\u0142a nawet <a href=\"https:\/\/plejada.pl\/temat\/anita-werner\/gvqdpwk\" id=\"ea1857a0-e5c4-4bbd-8a50-b03a88ced088\" rel=\"nofollow noopener\" target=\"_blank\">Anita Werner<\/a>, kt\u00f3ra napisa\u0142a: <\/p>\n<blockquote>\n<p class=\"Paragraph_desktopParagraph__U31Gm\">Du\u017co cierpliwo\u015bci, Michel a wtedy czas powrotu do zdrowia szybciej zleci. Zdrowiej szybko!<\/p>\n<\/blockquote>\n<p class=\"Paragraph_desktopParagraph__U31Gm\">Pojawia si\u0119 jednak pytanie, jak kontuzja wp\u0142ynie na codzienn\u0105 prac\u0119 Michela Morana. Jako szef kuchni na co dzie\u0144 polega przecie\u017c na sprawnych d\u0142oniach. Na razie nie wiadomo, czy uraz zmusi go do d\u0142u\u017cszej przerwy od gotowania. Fani maj\u0105 jednak nadziej\u0119, \u017ce szybko stanie na nogi i zn\u00f3w zobacz\u0105 go w pe\u0142ni si\u0142 i zdrowia. <\/p>\n<p><img decoding=\"async\" class=\"Image_image__0tuHp Image_autoHeight__f2n87 \" height=\"587\" width=\"390\" src=\"https:\/\/www.europesays.com\/pl\/wp-content\/uploads\/2026\/02\/B-7k9kpTURBXy9mZDM4ZjQwOTk5NTZiM2QyZmIwYTc3OWUzYzBhY2YyNC5qcGeSlQLNA6wAwsOVAgDNAkvCw94AA6EwAaExAaEzw.jpeg\" alt=\"Michel Moran\" loading=\"lazy\" \/>MW Media<\/p>\n<p>Michel Moran<\/p>\n<p class=\"Paragraph_desktopParagraph__U31Gm\">Dzi\u0119kujemy, \u017ce przeczyta\u0142a\u015b\/e\u015b nasz artyku\u0142 do ko\u0144ca. W serwisie Plejada.pl ka\u017cdego dnia piszemy o najwa\u017cniejszych wydarzeniach show-biznesowych. B\u0105d\u017a na bie\u017c\u0105co! <a rel=\"nofollow noopener\" href=\"https:\/\/profile.google.com\/cp\/Cg0vZy8xMWJ6X19wdHBx\" id=\"13c9f13e-82e0-4e94-ac70-0e3969dde409\" target=\"_blank\">Obserwuj<\/a> Plejad\u0119 w Google. Odwied\u017a nas tak\u017ce na <a rel=\"nofollow noopener\" href=\"https:\/\/www.facebook.com\/plejadapl\" id=\"3e864e18-c792-4819-a139-e439907707ae\" target=\"_blank\">Facebooku<\/a>, <a rel=\"nofollow noopener\" href=\"https:\/\/www.instagram.com\/plejadapl\/\" id=\"bd7710dc-a300-4734-becc-80d9eaebbc73\" target=\"_blank\">Instagramie<\/a>, <a rel=\"nofollow noopener\" href=\"https:\/\/www.youtube.com\/c\/plejada\" id=\"f306d289-26a3-414d-9ca6-632a1e20db12\" target=\"_blank\">YouTubie<\/a> oraz <a rel=\"nofollow noopener\" href=\"https:\/\/www.tiktok.com\/@plejada_pl\" id=\"a22ffe90-1bfd-4a90-9e37-8fba2efea069\" target=\"_blank\">TikToku<\/a>.<\/p>\n<p class=\"Paragraph_desktopParagraph__U31Gm\">Chcesz podzieli\u0107 si\u0119 ciekawym newsem lub zaproponowa\u0107 temat? Skontaktuj si\u0119 z nami, pisz\u0105c maila na adres: <a href=\"https:\/\/www.onet.pl\/styl-zycia\/plejada\/michel-moran-mial-wypadek-kucharz-pokazal-obrazenia-za-pozno\/mailto:plejada@redakcjaonet.pl\" id=\"7f250dec-9e6d-464d-8ad6-1d0bc8b3ba10\" rel=\"nofollow noopener\" target=\"_blank\">plejada@redakcjaon<\/a><a rel=\"nofollow noopener\" href=\"http:\/\/et.pl\" id=\"5d3b2abe-4113-4ef2-a0ee-597b63cb561d\" target=\"_blank\">et.pl<\/a>.<\/p>\n<p><script async src=\"\/\/www.instagram.com\/embed.js\"><\/script><script async src=\"\/\/www.tiktok.com\/embed.js\"><\/script><\/p>\n","protected":false},"excerpt":{"rendered":"Michel Moran zaniepokoi\u0142 swoich fan\u00f3w, publikuj\u0105c w mediach spo\u0142eczno\u015bciowych zdj\u0119cie uszkodzonej d\u0142oni. Widoczny opatrunek i stabilizuj\u0105ca szyna nie&hellip;\n","protected":false},"author":2,"featured_media":243269,"comment_status":"","ping_status":"","sticky":false,"template":"","format":"standard","meta":{"footnotes":"","_share_on_mastodon":"0"},"categories":[22],"tags":[122,67,4094,4095,53,52,68,51,55,42,38,40,39,41,123,47,196,65,50,18051],"class_list":["post-243268","post","type-post","status-publish","format-standard","has-post-thumbnail","category-rozrywka","tag-entertainment","tag-intextvideo_splayer","tag-masterchef","tag-michel_moran","tag-new_header","tag-onet3","tag-onet3d","tag-onet3d_2i","tag-phx","tag-pl","tag-poland","tag-polish","tag-polska","tag-polski","tag-rozrywka","tag-screening_general","tag-styl_zycia","tag-update_me","tag-v2021","tag-zlamanie"],"share_on_mastodon":{"url":"https:\/\/pubeurope.com\/@pl\/116016218418298248","error":""},"_links":{"self":[{"href":"https:\/\/www.europesays.com\/pl\/wp-json\/wp\/v2\/posts\/243268","targetHints":{"allow":["GET"]}}],"collection":[{"href":"https:\/\/www.europesays.com\/pl\/wp-json\/wp\/v2\/posts"}],"about":[{"href":"https:\/\/www.europesays.com\/pl\/wp-json\/wp\/v2\/types\/post"}],"author":[{"embeddable":true,"href":"https:\/\/www.europesays.com\/pl\/wp-json\/wp\/v2\/users\/2"}],"replies":[{"embeddable":true,"href":"https:\/\/www.europesays.com\/pl\/wp-json\/wp\/v2\/comments?post=243268"}],"version-history":[{"count":0,"href":"https:\/\/www.europesays.com\/pl\/wp-json\/wp\/v2\/posts\/243268\/revisions"}],"wp:featuredmedia":[{"embeddable":true,"href":"https:\/\/www.europesays.com\/pl\/wp-json\/wp\/v2\/media\/243269"}],"wp:attachment":[{"href":"https:\/\/www.europesays.com\/pl\/wp-json\/wp\/v2\/media?parent=243268"}],"wp:term":[{"taxonomy":"category","embeddable":true,"href":"https:\/\/www.europesays.com\/pl\/wp-json\/wp\/v2\/categories?post=243268"},{"taxonomy":"post_tag","embeddable":true,"href":"https:\/\/www.europesays.com\/pl\/wp-json\/wp\/v2\/tags?post=243268"}],"curies":[{"name":"wp","href":"https:\/\/api.w.org\/{rel}","templated":true}]}}