{"id":243275,"date":"2026-02-05T04:54:07","date_gmt":"2026-02-05T04:54:07","guid":{"rendered":"https:\/\/www.europesays.com\/pl\/243275\/"},"modified":"2026-02-05T04:54:07","modified_gmt":"2026-02-05T04:54:07","slug":"gwiazda-skokow-nie-jedzie-na-igrzyska-stefan-horngacher-az-sie-zagotowal","status":"publish","type":"post","link":"https:\/\/www.europesays.com\/pl\/243275\/","title":{"rendered":"Gwiazda skok\u00f3w nie jedzie na igrzyska. Stefan Horngacher a\u017c si\u0119 zagotowa\u0142"},"content":{"rendered":"<p class=\"ods-c-paragraph \">Na nadchodz\u0105cych igrzyskach olimpijskich zobaczymy a\u017c sze\u015b\u0107 konkurs\u00f3w skok\u00f3w narciarskich, w tym skoki na normalnej i du\u017cej skoczni oraz debiutuj\u0105cy na IO format zawod\u00f3w w duetach. Jedn\u0105 z czo\u0142owych reprezentacji, kt\u00f3ra z pewno\u015bci\u0105 powalczy o medale, b\u0119d\u0105 Niemcy. Gwiazdor Karl Geiger nie pojedzie jednak na imprez\u0119 pomimo swojej zwy\u017ckowej formy. Pow\u00f3d braku powo\u0142ania jest znacznie bardziej nieoczywisty, ni\u017c mog\u0142oby si\u0119 wydawa\u0107.<\/p>\n<p> Dalszy ci\u0105g artyku\u0142u pod materia\u0142em wideo <\/p>\n<p class=\"ods-c-paragraph \">Na drodze Geigera do igrzysk olimpijskich stoi system Niemieckiego Komitetu Olimpijskiego (DOSB). Okazuje si\u0119, \u017ce powo\u0142ani mog\u0105 zosta\u0107 wy\u0142\u0105cznie zawodnicy, kt\u00f3rzy zaprezentowali dobr\u0105 form\u0119 przed up\u0142ywem danego terminu. Dramat niemieckiego skoczka polega na tym, \u017ce osi\u0105ga\u0142 on znakomite wyniki dopiero po wyznaczonej dacie.<\/p>\n<p>   By\u0142y trener Polak\u00f3w apeluje przed igrzyskami. Nawo\u0142uje do zmiany<\/p>\n<p class=\"ods-c-paragraph \">Aby pojecha\u0107 na igrzyska, Geiger musia\u0142by zaj\u0105\u0107 miejsce w pierwszej \u00f3semce lub dwukrotnie uplasowa\u0107 si\u0119 w pierwszej pi\u0119tnastce na zawodach w Sapporo, kt\u00f3re mia\u0142y miejsce a\u017c trzy tygodnie przed zawodami skoczk\u00f3w na igrzyskach olimpijskich. Niestety jego znakomita forma nadesz\u0142a dopiero w ostatnim czasie w Oberstdorfie i Willingen. Brak mo\u017cliwo\u015bci powo\u0142ania do kadry skrytykowa\u0142 nawet sam selekcjoner, Stefan Horngacher.<\/p>\n<p class=\"ods-c-paragraph \">\u2014 Powinni\u015bmy zastanowi\u0107 si\u0119 nad naszym systemem. W Austrii wygl\u0105da to troch\u0119 inaczej. Tam trenerzy maj\u0105 wi\u0119kszy wp\u0142yw na to, kto aktualnie jest najlepszy i powinien jecha\u0107 na igrzyska olimpijskie. U nas niekoniecznie tak by\u0142o. Musieli\u015bmy wybra\u0107 dru\u017cyn\u0119 na podstawie wcze\u015bniejszych wynik\u00f3w. Nie wiem, czy to rzeczywi\u015bcie w\u0142a\u015bciwe podej\u015bcie z perspektywy sportowej. Zbli\u017ca si\u0119 najwa\u017cniejsza impreza \u2013 igrzyska olimpijskie. Jeden zawodnik mo\u017ce by\u0107 w \u015bwietnej formie w listopadzie, a inny zaczyna b\u0142yszcze\u0107 dopiero przed igrzyskami. Jako trener pojawia si\u0119 pytanie &#8222;kogo wybra\u0107?&#8221; \u2014 wyja\u015bnia Stefan Horngacher.<\/p>\n<p class=\"ods-c-paragraph \">Ca\u0142a wydaje si\u0119 niezwykle absurdalna. Karl Geiger ostatecznie nie pojedzie na igrzyska, poniewa\u017c najlepsze wyniki osi\u0105ga tu\u017c przed startem turnieju. Przypomnijmy, \u017ce pierwsze skoki m\u0119\u017cczyzn \u2014 w tym tak\u017ce wyst\u0119py Polak\u00f3w \u2014 b\u0119dzie mo\u017cna \u015bledzi\u0107 ju\u017c od 9 lutego..<\/p>\n","protected":false},"excerpt":{"rendered":"Na nadchodz\u0105cych igrzyskach olimpijskich zobaczymy a\u017c sze\u015b\u0107 konkurs\u00f3w skok\u00f3w narciarskich, w tym skoki na normalnej i du\u017cej skoczni&hellip;\n","protected":false},"author":2,"featured_media":243276,"comment_status":"","ping_status":"","sticky":false,"template":"","format":"standard","meta":{"footnotes":"","_share_on_mastodon":"0"},"categories":[24],"tags":[2399,40595,48,46,42,38,40,39,41,42204,47,1874,127,126,28488,130,15289],"class_list":["post-243275","post","type-post","status-publish","format-standard","has-post-thumbnail","category-sport","tag-igrzyska_olimpijskie","tag-karl_geiger","tag-nat_styl","tag-omp","tag-pl","tag-poland","tag-polish","tag-polska","tag-polski","tag-ps_omp_tst00","tag-screening_general","tag-skoki_narciarskie","tag-sport","tag-sports","tag-stefan_horngacher","tag-wiadomosci_sportowe","tag-zimowe_igrzyska_olimpijskie_2026"],"share_on_mastodon":{"url":"https:\/\/pubeurope.com\/@pl\/116016242081245954","error":""},"_links":{"self":[{"href":"https:\/\/www.europesays.com\/pl\/wp-json\/wp\/v2\/posts\/243275","targetHints":{"allow":["GET"]}}],"collection":[{"href":"https:\/\/www.europesays.com\/pl\/wp-json\/wp\/v2\/posts"}],"about":[{"href":"https:\/\/www.europesays.com\/pl\/wp-json\/wp\/v2\/types\/post"}],"author":[{"embeddable":true,"href":"https:\/\/www.europesays.com\/pl\/wp-json\/wp\/v2\/users\/2"}],"replies":[{"embeddable":true,"href":"https:\/\/www.europesays.com\/pl\/wp-json\/wp\/v2\/comments?post=243275"}],"version-history":[{"count":0,"href":"https:\/\/www.europesays.com\/pl\/wp-json\/wp\/v2\/posts\/243275\/revisions"}],"wp:featuredmedia":[{"embeddable":true,"href":"https:\/\/www.europesays.com\/pl\/wp-json\/wp\/v2\/media\/243276"}],"wp:attachment":[{"href":"https:\/\/www.europesays.com\/pl\/wp-json\/wp\/v2\/media?parent=243275"}],"wp:term":[{"taxonomy":"category","embeddable":true,"href":"https:\/\/www.europesays.com\/pl\/wp-json\/wp\/v2\/categories?post=243275"},{"taxonomy":"post_tag","embeddable":true,"href":"https:\/\/www.europesays.com\/pl\/wp-json\/wp\/v2\/tags?post=243275"}],"curies":[{"name":"wp","href":"https:\/\/api.w.org\/{rel}","templated":true}]}}