{"id":243293,"date":"2026-02-05T05:09:19","date_gmt":"2026-02-05T05:09:19","guid":{"rendered":"https:\/\/www.europesays.com\/pl\/243293\/"},"modified":"2026-02-05T05:09:19","modified_gmt":"2026-02-05T05:09:19","slug":"margot-robbie-zachwyca-stylizacja-z-epoki-gwiazda-promuje-wichrowe-wzgorza","status":"publish","type":"post","link":"https:\/\/www.europesays.com\/pl\/243293\/","title":{"rendered":"Margot Robbie zachwyca stylizacj\u0105 z epoki. Gwiazda promuje &#8222;Wichrowe wzg\u00f3rza&#8221;"},"content":{"rendered":"<p class=\"ods-c-paragraph \">Robbie, kt\u00f3ra wciela si\u0119 w posta\u0107 Catherine Earnshaw, konsekwentnie podkre\u015bla motywy z epoki zar\u00f3wno w wyborze garderoby, jak i dodatk\u00f3w. Jej ostatnia stylizacja, czyli gorsetowy top, kwiecisty str\u00f3j, spodnie z paskiem oraz botki na obcasie, by\u0142a kolejnym uk\u0142onem w stron\u0119 filmowych kostium\u00f3w. Australijska gwiazda uzupe\u0142ni\u0142a ca\u0142o\u015b\u0107 sk\u00f3rzan\u0105 kurtk\u0105 przewieszon\u0105 przez rami\u0119 oraz owalnymi okularami przeciws\u0142onecznymi, a jej blond w\u0142osy swobodnie opada\u0142y na ramiona.<\/p>\n<p> Dalszy ci\u0105g artyku\u0142u pod materia\u0142em wideo    <\/p>\n<p> Jakie stylizacje prezentowa\u0142a Margot Robbie? <\/p>\n<p> W jakim filmie wyst\u0119puje Margot Robbie? <\/p>\n<p> Kto jest re\u017cyserem najnowszej adaptacji 'Wichrowych wzg\u00f3rz&#8217;? <\/p>\n<p> Jakie dodatki mia\u0142a na sobie Margot Robbie podczas promocji filmu? <\/p>\n<p class=\"ods-c-paragraph \">Wybory modowe Margot Robbie sta\u0142y si\u0119 jednym z najgor\u0119tszych temat\u00f3w trasy promocyjnej. Aktorka niejednokrotnie zaskakiwa\u0142a odwa\u017cnymi i zmys\u0142owymi stylizacjami, kt\u00f3re przyci\u0105ga\u0142y uwag\u0119 zar\u00f3wno medi\u00f3w, jak i fan\u00f3w.<\/p>\n<p class=\"ods-c-paragraph \">W poniedzia\u0142kowy wiecz\u00f3r podczas premiery filmu w Le Grand Rex w Pary\u017cu Margot Robbie zaprezentowa\u0142a a\u017c dwie stylizacje, kt\u00f3re natychmiast sta\u0142y si\u0119 przedmiotem dyskusji w \u015bwiecie mody. Przechadzaj\u0105c si\u0119 po czerwonym dywanie, aktorka wybra\u0142a czerwon\u0105 aksamitn\u0105 sukni\u0119 Chanel z efektownym trenem, oddaj\u0105c tym samym ho\u0142d georgia\u0144skiej epoce, do kt\u00f3rej nawi\u0105zuje film. Stylizacj\u0119 uzupe\u0142ni\u0142 naszyjnik typu choker wysadzany diamentami szampa\u0144skimi o \u0142\u0105cznej masie 100 karat\u00f3w od Lorraine Schwartz.<\/p>\n<p class=\"ods-c-paragraph \">Warto przypomnie\u0107, \u017ce &#8222;Barbie&#8221;, w kt\u00f3rej Margot zagra\u0142a g\u0142\u00f3wn\u0105 rol\u0119, a Emerald Fennell pojawi\u0142a si\u0119 epizodycznie jako Midge, mia\u0142a bud\u017cet marketingowy na poziomie 150 mln dol. Kampania promocyjna obejmowa\u0142a m.in. realny Malibu Barbie DreamHouse wystawiony na Airbnb, czteroodcinkowy program &#8222;Barbie DreamHouse Challenge&#8221; w HGTV oraz wsp\u00f3\u0142prac\u0119 z ponad setk\u0105 marek odzie\u017cowych i lifestylowych.<\/p>\n<p class=\"ods-c-paragraph \">Czytaj tak\u017ce:<\/p>\n<p> Galeria zdj\u0119\u0107    Margot Robbie w drodze do BBC Studios    <img src=\"https:\/\/www.europesays.com\/pl\/wp-content\/uploads\/2026\/02\/XlCk9lBaHR0cHM6Ly9vY2RuLmV1L3B1bHNjbXMvTURBXy9hMDg1N2RiM2I2YThkZDM4Njk2NGY0OWJmMTFiZWUyNy5qcGeRlQLNA.jpeg\" height=\"529\" width=\"940\" alt=\"Margot Robbie w drodze do BBC Studios\" loading=\"lazy\" decoding=\"async\" class=\"ods-c-image__img ods-c-image__img--placeholder\"\/>     1\/8   <\/p>\n<p>MAHI\/Backgrid\/East News \/ East News<\/p>\n<p>        Aktorka wybra\u0142a gorsetowy top, kwiecisty str\u00f3j, spodnie z paskiem oraz botki na obcasie    <img src=\"https:\/\/www.europesays.com\/pl\/wp-content\/uploads\/2026\/02\/YQVk9lBaHR0cHM6Ly9vY2RuLmV1L3B1bHNjbXMvTURBXy80YzEwNmMwMzE3ZWNhOTZjYWM5Y2VjZWNjOTlkMDg2ZS5qcGeRlQLNA.jpeg\" height=\"529\" width=\"940\" alt=\"Aktorka wybra\u0142a gorsetowy top, kwiecisty str\u00f3j, spodnie z paskiem oraz botki na obcasie\" loading=\"lazy\" decoding=\"async\" class=\"ods-c-image__img ods-c-image__img--placeholder\"\/>     2\/8   <\/p>\n<p>MAHI\/Backgrid\/East News \/ East News<\/p>\n<p>           To kolejny uk\u0142on w stron\u0119 filmowych kostium\u00f3w    <img src=\"https:\/\/www.europesays.com\/pl\/wp-content\/uploads\/2026\/02\/BCuk9lBaHR0cHM6Ly9vY2RuLmV1L3B1bHNjbXMvTURBXy85ZDcwNGIwMTg0MDE2OWI5YjE2ZjIyMGI5NDkxZjA4Zi5qcGeRlQLNA.jpeg\" height=\"529\" width=\"940\" alt=\"To kolejny uk\u0142on w stron\u0119 filmowych kostium\u00f3w\" loading=\"lazy\" decoding=\"async\" class=\"ods-c-image__img ods-c-image__img--placeholder\"\/>     3\/8   <\/p>\n<p>MAHI\/Backgrid\/East News \/ East News<\/p>\n<p>        Robbie uzupe\u0142ni\u0142a stylizacj\u0119 sk\u00f3rzan\u0105 kurtk\u0105 przewieszon\u0105 przez rami\u0119     <img src=\"https:\/\/www.europesays.com\/pl\/wp-content\/uploads\/2026\/02\/528k9lBaHR0cHM6Ly9vY2RuLmV1L3B1bHNjbXMvTURBXy9kNGEwNjNlMGMxYTg4OTgxNjYxNDYxYTg0M2M4YjZjMy5qcGeRlQLNA.jpeg\" height=\"529\" width=\"940\" alt=\"Robbie uzupe\u0142ni\u0142a stylizacj\u0119 sk\u00f3rzan\u0105 kurtk\u0105 przewieszon\u0105 przez rami\u0119 \" loading=\"lazy\" decoding=\"async\" class=\"ods-c-image__img ods-c-image__img--placeholder\"\/>     4\/8   <\/p>\n<p>MAHI\/Backgrid\/East News \/ East News<\/p>\n<p>           Aktorka zachwyci\u0142a strojem inspirowanym epok\u0105 tak\u017ce podczas francuskiej premiera filmu    <img src=\"https:\/\/www.europesays.com\/pl\/wp-content\/uploads\/2026\/02\/w7ek9lBaHR0cHM6Ly9vY2RuLmV1L3B1bHNjbXMvTURBXy80YWQ0N2YwYTI3YzZhZmQyM2RiYzBkMzkyNGU4N2VjZS5qcGeRlQLNA.jpeg\" height=\"529\" width=\"940\" alt=\"Aktorka zachwyci\u0142a strojem inspirowanym epok\u0105 tak\u017ce podczas francuskiej premiera filmu\" loading=\"lazy\" decoding=\"async\" class=\"ods-c-image__img ods-c-image__img--placeholder\"\/>     5\/8   <\/p>\n<p>Rex Features\/East News\/Shutterstock \/ East News<\/p>\n<p>        Aktorka wybra\u0142a czerwon\u0105 aksamitn\u0105 sukni\u0119 Chanel z efektownym trenem    <img src=\"https:\/\/www.europesays.com\/pl\/wp-content\/uploads\/2026\/02\/T9gk9lBaHR0cHM6Ly9vY2RuLmV1L3B1bHNjbXMvTURBXy82YWU3YzhhZjg2YWNhNjdhMTkzY2I2YzRlY2Q4NWIzNC5qcGeRlQLNA.jpeg\" height=\"529\" width=\"940\" alt=\"Aktorka wybra\u0142a czerwon\u0105 aksamitn\u0105 sukni\u0119 Chanel z efektownym trenem\" loading=\"lazy\" decoding=\"async\" class=\"ods-c-image__img ods-c-image__img--placeholder\"\/>     6\/8   <\/p>\n<p>Rex Features\/East News\/Shutterstock \/ East News<\/p>\n<p>           Na ol\u015bniewaj\u0105c\u0105 stylizacj\u0119 Margot Robbie postawi\u0142a r\u00f3wnie\u017c podczas \u015bwiatowej premiery w Los Angeles    <img src=\"https:\/\/www.europesays.com\/pl\/wp-content\/uploads\/2026\/02\/O6Lk9lBaHR0cHM6Ly9vY2RuLmV1L3B1bHNjbXMvTURBXy85YzRhMjE3OWU3NWZkNzNmZDU2NTI0NzBiNWE2ZWI2ZS5qcGeRlQLNA.jpeg\" height=\"529\" width=\"940\" alt=\"Na ol\u015bniewaj\u0105c\u0105 stylizacj\u0119 Margot Robbie postawi\u0142a r\u00f3wnie\u017c podczas \u015bwiatowej premiery w Los Angeles\" loading=\"lazy\" decoding=\"async\" class=\"ods-c-image__img ods-c-image__img--placeholder\"\/>     7\/8   <\/p>\n<p>Rex Features\/East News\/Shutterstock \/ East News<\/p>\n<p>        Sesja promocyjna do filmu &#8222;Wichrowe wzg\u00f3rza&#8221;    <img src=\"https:\/\/www.europesays.com\/pl\/wp-content\/uploads\/2026\/02\/Lkwk9lBaHR0cHM6Ly9vY2RuLmV1L3B1bHNjbXMvTURBXy9lYzdkOWQ2NTA2MjMwODcxMzkxNjE5OTUxMTEwNGU3MC5qcGeRlQLNA.jpeg\" height=\"529\" width=\"940\" alt=\"Sesja promocyjna do filmu &quot;Wichrowe wzg\u00f3rza&quot;\" loading=\"lazy\" decoding=\"async\" class=\"ods-c-image__img ods-c-image__img--placeholder\"\/>     8\/8   <\/p>\n<p>Rex Features\/East News\/Shutterstock \/ East News<\/p>\n","protected":false},"excerpt":{"rendered":"Robbie, kt\u00f3ra wciela si\u0119 w posta\u0107 Catherine Earnshaw, konsekwentnie podkre\u015bla motywy z epoki zar\u00f3wno w wyborze garderoby, jak&hellip;\n","protected":false},"author":2,"featured_media":243294,"comment_status":"","ping_status":"","sticky":false,"template":"","format":"standard","meta":{"footnotes":"","_share_on_mastodon":"0"},"categories":[22],"tags":[1942,122,43392,2047,1142,48,46,42,38,40,39,41,123,47,40586],"class_list":["post-243293","post","type-post","status-publish","format-standard","has-post-thumbnail","category-rozrywka","tag-celebryci","tag-entertainment","tag-gorset","tag-margot_robbie","tag-moda","tag-nat_styl","tag-omp","tag-pl","tag-poland","tag-polish","tag-polska","tag-polski","tag-rozrywka","tag-screening_general","tag-taboola_tst0"],"share_on_mastodon":{"url":"https:\/\/pubeurope.com\/@pl\/116016300971978082","error":""},"_links":{"self":[{"href":"https:\/\/www.europesays.com\/pl\/wp-json\/wp\/v2\/posts\/243293","targetHints":{"allow":["GET"]}}],"collection":[{"href":"https:\/\/www.europesays.com\/pl\/wp-json\/wp\/v2\/posts"}],"about":[{"href":"https:\/\/www.europesays.com\/pl\/wp-json\/wp\/v2\/types\/post"}],"author":[{"embeddable":true,"href":"https:\/\/www.europesays.com\/pl\/wp-json\/wp\/v2\/users\/2"}],"replies":[{"embeddable":true,"href":"https:\/\/www.europesays.com\/pl\/wp-json\/wp\/v2\/comments?post=243293"}],"version-history":[{"count":0,"href":"https:\/\/www.europesays.com\/pl\/wp-json\/wp\/v2\/posts\/243293\/revisions"}],"wp:featuredmedia":[{"embeddable":true,"href":"https:\/\/www.europesays.com\/pl\/wp-json\/wp\/v2\/media\/243294"}],"wp:attachment":[{"href":"https:\/\/www.europesays.com\/pl\/wp-json\/wp\/v2\/media?parent=243293"}],"wp:term":[{"taxonomy":"category","embeddable":true,"href":"https:\/\/www.europesays.com\/pl\/wp-json\/wp\/v2\/categories?post=243293"},{"taxonomy":"post_tag","embeddable":true,"href":"https:\/\/www.europesays.com\/pl\/wp-json\/wp\/v2\/tags?post=243293"}],"curies":[{"name":"wp","href":"https:\/\/api.w.org\/{rel}","templated":true}]}}