{"id":243895,"date":"2026-02-05T11:31:09","date_gmt":"2026-02-05T11:31:09","guid":{"rendered":"https:\/\/www.europesays.com\/pl\/243895\/"},"modified":"2026-02-05T11:31:09","modified_gmt":"2026-02-05T11:31:09","slug":"przerwy-w-posiedzeniu-aresztowym-ziobry-zamieszanie-w-sprawie-przeniesienia-sprawy","status":"publish","type":"post","link":"https:\/\/www.europesays.com\/pl\/243895\/","title":{"rendered":"Przerwy w posiedzeniu aresztowym Ziobry. Zamieszanie w sprawie przeniesienia sprawy"},"content":{"rendered":"<p class=\"ods-c-paragraph \">Mec. Lewandowski uargumentowa\u0142 sw\u00f3j wniosek m.in. faktem rezygnacji w lipcu 2024 r. wiceprezesa s\u0105du do spraw karnych ze wzgl\u0119du na &#8222;naciski polityczne ze strony [\u00f3wczesnego] ministra sprawiedliwo\u015bci&#8221;. Mia\u0142o to miejsce podczas trwania posiedzenia aresztowego w sprawie Marcina Romanowskiego.<\/p>\n<p> Dalszy ci\u0105g artyku\u0142u pod materia\u0142em wideo    <\/p>\n<p> Dlaczego s\u0105d zdecydowa\u0142 o przerwie w posiedzeniu aresztowym Ziobry? <\/p>\n<p> Jakie zarzuty postawi\u0142a prokuratura Zbigniewowi Ziobrze? <\/p>\n<p> Czy wniosek obrony o przeniesienie sprawy zosta\u0142 uwzgl\u0119dniony? <\/p>\n<p> Ile przest\u0119pstw \u0142\u0105cznie mia\u0142 pope\u0142ni\u0107 Ziobro wed\u0142ug prokuratury? <\/p>\n<p class=\"ods-c-paragraph \">\u2014 Pani s\u0119dzia mo\u017ce mie\u0107 wra\u017cenie, \u017ce w przypadku, gdy jej wyrok nie spodoba si\u0119 prokuratorowi generalnemu, to spotkaj\u0105 j\u0105 represje. Dlatego taki wniosek zosta\u0142 z\u0142o\u017cony, \u017ce be spraw\u0119 t\u0119 rozpatrywa\u0142 inny s\u0105d, a nie ten, w kt\u00f3rym si\u0119 teraz znajdujemy \u2014 przekaza\u0142 Lewandowski w trakcie przerwy.<\/p>\n<p class=\"ods-c-paragraph \">P\u00f3\u017aniej, podczas kolejnej przerwy, drugi z obro\u0144c\u00f3w mec. Adam Gomo\u0142a przekaza\u0142, \u017ce s\u0105d oddali\u0142 wniosek o przeniesienie.<\/p>\n<p>Trzecie podej\u015bcie do sprawy<\/p>\n<p class=\"ods-c-paragraph \">Posiedzenie aresztowe Ziobry by\u0142o ju\u017c dwukrotnie odraczane \u2014 22 grudnia ub.r. i 15 stycznia br. \u2014 z powodu wniosk\u00f3w sk\u0142adanych przez obro\u0144c\u00f3w by\u0142ego ministra sprawiedliwo\u015bci.<\/p>\n<p class=\"ods-c-paragraph \">Prokuratura zarzuca Ziobrze m.in. kierowanie zorganizowan\u0105 grup\u0105 przest\u0119pcz\u0105 i wykorzystywanie swojego stanowiska do dzia\u0142a\u0144 o charakterze przest\u0119pczym. Wed\u0142ug prokuratury Ziobro mia\u0142 pope\u0142ni\u0107 \u0142\u0105cznie 26 przest\u0119pstw, m.in. wydawa\u0107 swoim podw\u0142adnym polecenia \u0142amania prawa, by zapewni\u0107 wybranym podmiotom dotacje z Funduszu Sprawiedliwo\u015bci, ingerowa\u0107 w przygotowanie ofert konkursowych i dopuszcza\u0107 do przyznawania \u015brodk\u00f3w nieuprawnionym podmiotom.<\/p>\n<p class=\"ods-c-paragraph \">W skierowanym do s\u0105du w po\u0142owie listopada 2025 r. wniosku, prokuratorzy wskazali m.in. na realne ryzyko ucieczki by\u0142ego ministra, ukrywania si\u0119 oraz matactwa procesowego.<\/p>\n","protected":false},"excerpt":{"rendered":"Mec. Lewandowski uargumentowa\u0142 sw\u00f3j wniosek m.in. faktem rezygnacji w lipcu 2024 r. wiceprezesa s\u0105du do spraw karnych ze&hellip;\n","protected":false},"author":2,"featured_media":243896,"comment_status":"","ping_status":"","sticky":false,"template":"","format":"standard","meta":{"footnotes":"","_share_on_mastodon":"0"},"categories":[12],"tags":[1675,32,33,36,37,27,49,34,35,28,31,48,25,46,42,38,40,39,41,412,47,29,30,26,2037],"class_list":["post-243895","post","type-post","status-publish","format-standard","has-post-thumbnail","category-polska","tag-bartosz_lewandowski","tag-breaking-news","tag-breakingnews","tag-featured-news","tag-featurednews","tag-headlines","tag-kraj","tag-latest-news","tag-latestnews","tag-naglowki","tag-najwazniejsze-artykuly","tag-nat_styl","tag-news","tag-omp","tag-pl","tag-poland","tag-polish","tag-polska","tag-polski","tag-prawo_sady_prawnicy","tag-screening_general","tag-top-stories","tag-topstories","tag-wiadomosci","tag-zbigniew_ziobro"],"share_on_mastodon":{"url":"https:\/\/pubeurope.com\/@pl\/116017803039753616","error":""},"_links":{"self":[{"href":"https:\/\/www.europesays.com\/pl\/wp-json\/wp\/v2\/posts\/243895","targetHints":{"allow":["GET"]}}],"collection":[{"href":"https:\/\/www.europesays.com\/pl\/wp-json\/wp\/v2\/posts"}],"about":[{"href":"https:\/\/www.europesays.com\/pl\/wp-json\/wp\/v2\/types\/post"}],"author":[{"embeddable":true,"href":"https:\/\/www.europesays.com\/pl\/wp-json\/wp\/v2\/users\/2"}],"replies":[{"embeddable":true,"href":"https:\/\/www.europesays.com\/pl\/wp-json\/wp\/v2\/comments?post=243895"}],"version-history":[{"count":0,"href":"https:\/\/www.europesays.com\/pl\/wp-json\/wp\/v2\/posts\/243895\/revisions"}],"wp:featuredmedia":[{"embeddable":true,"href":"https:\/\/www.europesays.com\/pl\/wp-json\/wp\/v2\/media\/243896"}],"wp:attachment":[{"href":"https:\/\/www.europesays.com\/pl\/wp-json\/wp\/v2\/media?parent=243895"}],"wp:term":[{"taxonomy":"category","embeddable":true,"href":"https:\/\/www.europesays.com\/pl\/wp-json\/wp\/v2\/categories?post=243895"},{"taxonomy":"post_tag","embeddable":true,"href":"https:\/\/www.europesays.com\/pl\/wp-json\/wp\/v2\/tags?post=243895"}],"curies":[{"name":"wp","href":"https:\/\/api.w.org\/{rel}","templated":true}]}}