{"id":243897,"date":"2026-02-05T11:32:10","date_gmt":"2026-02-05T11:32:10","guid":{"rendered":"https:\/\/www.europesays.com\/pl\/243897\/"},"modified":"2026-02-05T11:32:10","modified_gmt":"2026-02-05T11:32:10","slug":"5-lutego-odbierz-darmowy-czujnik-dymu-lub-czadu-ogolnopolska-akcja-radia-zet-i-psp","status":"publish","type":"post","link":"https:\/\/www.europesays.com\/pl\/243897\/","title":{"rendered":"5 lutego odbierz darmowy czujnik dymu lub czadu. Og\u00f3lnopolska akcja Radia ZET i PSP"},"content":{"rendered":"<p><a name=\"eztoc36858266_0_3\" id=\"eztoc36858266_0_3\"\/>5 lutego odbierz darmowy czujnik dymu lub czadu. Og\u00f3lnopolska akcja Radia ZET i PSP<\/p>\n<p>Czujniki dymu i czadu s\u0105 niezb\u0119dnym elementem bezpiecze\u0144stwa oraz jednym z najprostszych sposob\u00f3w ochrony domu przed tlenkiem w\u0119gla.<\/p>\n<p>W czwartek, 5 lutego, w godz. 10:00\u201318:00 w ka\u017cdej Komendzie Powiatowej i Miejskiej Pa\u0144stwowej Stra\u017cy Po\u017carnej\u00a0w Polsce, na has\u0142o \u201eCzadowa Stra\u017c\u201d, b\u0119dzie mo\u017cna odebra\u0107 darmowy czujnik dymu lub tlenku w\u0119gla w ramach\u00a0Programu Ochrony Ludno\u015bci i Obrony Cywilnej. W ka\u017cdej jednostce przygotowano minimum\u00a015 bezp\u0142atnych urz\u0105dze\u0144.\u00a0W ramach og\u00f3lnopolskiej akcji\u00a0stra\u017cacy ka\u017cd\u0105 osob\u0119, kt\u00f3ra przyjdzie odebra\u0107 czujk\u0119, przeszkol\u0105 i poka\u017c\u0105, jak taka czujka dzia\u0142a, jak prawid\u0142owo j\u0105 zamontowa\u0107 i jak nale\u017cy jej u\u017cywa\u0107,\u00a0a tak\u017ce opowiedz\u0105, jak zabezpieczy\u0107 dom przed po\u017carem.<\/p>\n<p>W dniu akcji w Wiadomo\u015bciach Radia ZET od rana do wieczora b\u0119d\u0105 emitowane informacje zwi\u0105zane z akcj\u0105 \u201eCzadowa Stra\u017c\u201d. B\u0119dziemy przybli\u017ca\u0107 s\u0142uchaczom, jak dzia\u0142aj\u0105 czujniki, jak rozpozna\u0107 zagro\u017cenie oraz jak w prosty spos\u00f3b zadba\u0107 o bezpiecze\u0144stwo w domu.\u00a0Reporterzy Radia ZET i stra\u017cacy tego dnia b\u0119d\u0105 blisko Was, w trosce o zdrowie i ka\u017cde \u017cycie. Eksperci &#8222;Czadowej Stra\u017cy&#8221;, m\u0142. bryg. Teresa Tiszbierek i kpt. Wojciech Gralec, w godz. 10:00-12:00 pod naszym specjalnym numerem 321-321-800 udziel\u0105 fachowych porad.<\/p>\n<p>Odbi\u00f3r czujnik\u00f3w odbywa si\u0119 osobi\u015bcie. Telefonicznie mo\u017cna uzyska\u0107 informacje o dost\u0119pno\u015bci urz\u0105dze\u0144 oraz o mo\u017cliwo\u015bci instrukta\u017cu z obs\u0142ugi czujnik\u00f3w i zasad bezpiecze\u0144stwa w domu.<\/p>\n<p>\n<a href=\"https:\/\/www.gov.pl\/web\/kgpsp\/komendy-wojewodzkie\" target=\"_blank\" rel=\"dofollow noopener\">Kliknij tutaj, aby sprawdzi\u0107 list\u0119 komend<\/a>. Najpierw wybierz Komend\u0119 Wojew\u00f3dzk\u0105 PSP dla swojego wojew\u00f3dztwa \u2013 na jej stronie znajdziesz wykaz oraz dane kontaktowe Komend Powiatowych i Miejskich PSP.<\/p>\n<p>                            <img decoding=\"async\" data-ot-ignore=\"\" class=\" \" src=\"https:\/\/www.europesays.com\/pl\/wp-content\/uploads\/2026\/02\/Straz-pozarna.jpg\" width=\"2000\" height=\"1204\" alt=\"Stra\u017c po\u017carna\" data- data-portal-copyright=\"Radio ZET\" loading=\"lazy\"\/><\/p>\n<p>                                                                    fot.<br \/>\n                    Radio ZET                <\/p>\n<p>By\u0142e\u015b \u015bwiadkiem czego\u015b niespodziewanego? Masz temat, kt\u00f3rym powinni\u015bmy si\u0119 zaj\u0105\u0107?<\/p>\n<p>Zg\u0142o\u015b spraw\u0119 przez <a href=\"https:\/\/wiadomosci.radiozet.pl\/czerwony-telefon\" target=\"_blank\" title=\"Czerwony telefon Radia Zet\" rel=\"nofollow noopener\">Czerwony telefon Radia ZET<\/a><\/p>\n","protected":false},"excerpt":{"rendered":"5 lutego odbierz darmowy czujnik dymu lub czadu. Og\u00f3lnopolska akcja Radia ZET i PSP Czujniki dymu i czadu&hellip;\n","protected":false},"author":2,"featured_media":243898,"comment_status":"","ping_status":"","sticky":false,"template":"","format":"standard","meta":{"footnotes":"","_share_on_mastodon":"0"},"categories":[5],"tags":[32,33,19480,36,37,27,34,35,28,31,25,42,38,40,39,41,7891,10218,29,30,26],"class_list":["post-243897","post","type-post","status-publish","format-standard","has-post-thumbnail","category-naglowki","tag-breaking-news","tag-breakingnews","tag-czad","tag-featured-news","tag-featurednews","tag-headlines","tag-latest-news","tag-latestnews","tag-naglowki","tag-najwazniejsze-artykuly","tag-news","tag-pl","tag-poland","tag-polish","tag-polska","tag-polski","tag-straz-pozarna","tag-tlenek-wegla","tag-top-stories","tag-topstories","tag-wiadomosci"],"share_on_mastodon":{"url":"https:\/\/pubeurope.com\/@pl\/116017807007854596","error":""},"_links":{"self":[{"href":"https:\/\/www.europesays.com\/pl\/wp-json\/wp\/v2\/posts\/243897","targetHints":{"allow":["GET"]}}],"collection":[{"href":"https:\/\/www.europesays.com\/pl\/wp-json\/wp\/v2\/posts"}],"about":[{"href":"https:\/\/www.europesays.com\/pl\/wp-json\/wp\/v2\/types\/post"}],"author":[{"embeddable":true,"href":"https:\/\/www.europesays.com\/pl\/wp-json\/wp\/v2\/users\/2"}],"replies":[{"embeddable":true,"href":"https:\/\/www.europesays.com\/pl\/wp-json\/wp\/v2\/comments?post=243897"}],"version-history":[{"count":0,"href":"https:\/\/www.europesays.com\/pl\/wp-json\/wp\/v2\/posts\/243897\/revisions"}],"wp:featuredmedia":[{"embeddable":true,"href":"https:\/\/www.europesays.com\/pl\/wp-json\/wp\/v2\/media\/243898"}],"wp:attachment":[{"href":"https:\/\/www.europesays.com\/pl\/wp-json\/wp\/v2\/media?parent=243897"}],"wp:term":[{"taxonomy":"category","embeddable":true,"href":"https:\/\/www.europesays.com\/pl\/wp-json\/wp\/v2\/categories?post=243897"},{"taxonomy":"post_tag","embeddable":true,"href":"https:\/\/www.europesays.com\/pl\/wp-json\/wp\/v2\/tags?post=243897"}],"curies":[{"name":"wp","href":"https:\/\/api.w.org\/{rel}","templated":true}]}}