{"id":244160,"date":"2026-02-05T13:54:08","date_gmt":"2026-02-05T13:54:08","guid":{"rendered":"https:\/\/www.europesays.com\/pl\/244160\/"},"modified":"2026-02-05T13:54:08","modified_gmt":"2026-02-05T13:54:08","slug":"katarzyna-zillmann-i-janja-lesar-sa-para-tancerka-potwierdza","status":"publish","type":"post","link":"https:\/\/www.europesays.com\/pl\/244160\/","title":{"rendered":"Katarzyna Zillmann i Janja Lesar s\u0105 par\u0105. Tancerka potwierdza"},"content":{"rendered":"<p class=\"ods-c-paragraph \">\u2014 Wiesz, kiedy z kim\u015b przebywasz tyle czasu, to masz wsp\u00f3lne plany, robisz wsp\u00f3lne projekty i widzisz wsp\u00f3ln\u0105 przysz\u0142o\u015b\u0107. Dok\u0142adnie, to mo\u017cna nazwa\u0107 zwi\u0105zkiem \u2014 t\u0142umaczy\u0142a gwiazda tanecznego show stacji, dodaj\u0105c, \u017ce &#8222;jest za wcze\u015bnie&#8221;, by deklarowa\u0107 wielkie uczucia. \u2014 Ale na pewno jest to pi\u0119kna relacja, kt\u00f3ra trwa \u2014 zaznaczy\u0142a Lesar.<\/p>\n<p> Dalszy ci\u0105g artyku\u0142u pod materia\u0142em wideo    <\/p>\n<p> Jakie plany maj\u0105 Katarzyna Zillmann i Janja Lesar? <\/p>\n<p> Jak d\u0142ugo trwaj\u0105 relacje Katarzyny Zillmann i Janji Lesar? <\/p>\n<p> Kto by\u0142 wcze\u015bniejszym partnerem Katarzyny Zillmann? <\/p>\n<p> Co Janja Lesar powiedzia\u0142a o swoich uczuciach? <\/p>\n<blockquote class=\"ods-o-quota\">\n<p class=\"ods-o-quota__paragraph\">Bardzo marz\u0119 o radosnym \u017cyciu i fajnych do\u015bwiadczeniach. Nawet gdy na pocz\u0105tku wydaj\u0105 si\u0119 one negatywne, wa\u017cne, by wyci\u0105ga\u0107 z takich sytuacji co\u015b dobrego<\/p>\n<\/blockquote>\n<p class=\"ods-c-paragraph \">\u2014 stwierdzi\u0142a w dalszej cz\u0119\u015bci wywiadu.<\/p>\n<p class=\"ods-c-paragraph \">S\u0142owenka partnerowa\u0142a wio\u015blarce w ostatniej edycji &#8222;Ta\u0144ca z gwiazdami&#8221;. Zillmann wcze\u015bniej by\u0142a zwi\u0105zana z kajakark\u0105 Juli\u0105 Walczak. Lesar natomiast sp\u0119dzi\u0142a 22 lata u boku Krzysztofa Hulboja.<\/p>\n","protected":false},"excerpt":{"rendered":"\u2014 Wiesz, kiedy z kim\u015b przebywasz tyle czasu, to masz wsp\u00f3lne plany, robisz wsp\u00f3lne projekty i widzisz wsp\u00f3ln\u0105&hellip;\n","protected":false},"author":2,"featured_media":244161,"comment_status":"","ping_status":"","sticky":false,"template":"","format":"standard","meta":{"footnotes":"","_share_on_mastodon":"0"},"categories":[22],"tags":[1942,122,3765,3561,48,46,42,38,40,39,41,123,47,40586,1884],"class_list":["post-244160","post","type-post","status-publish","format-standard","has-post-thumbnail","category-rozrywka","tag-celebryci","tag-entertainment","tag-janja_lesar","tag-katarzyna_zillmann","tag-nat_styl","tag-omp","tag-pl","tag-poland","tag-polish","tag-polska","tag-polski","tag-rozrywka","tag-screening_general","tag-taboola_tst0","tag-taniec_z_gwiazdami"],"share_on_mastodon":{"url":"https:\/\/pubeurope.com\/@pl\/116018365223125095","error":""},"_links":{"self":[{"href":"https:\/\/www.europesays.com\/pl\/wp-json\/wp\/v2\/posts\/244160","targetHints":{"allow":["GET"]}}],"collection":[{"href":"https:\/\/www.europesays.com\/pl\/wp-json\/wp\/v2\/posts"}],"about":[{"href":"https:\/\/www.europesays.com\/pl\/wp-json\/wp\/v2\/types\/post"}],"author":[{"embeddable":true,"href":"https:\/\/www.europesays.com\/pl\/wp-json\/wp\/v2\/users\/2"}],"replies":[{"embeddable":true,"href":"https:\/\/www.europesays.com\/pl\/wp-json\/wp\/v2\/comments?post=244160"}],"version-history":[{"count":0,"href":"https:\/\/www.europesays.com\/pl\/wp-json\/wp\/v2\/posts\/244160\/revisions"}],"wp:featuredmedia":[{"embeddable":true,"href":"https:\/\/www.europesays.com\/pl\/wp-json\/wp\/v2\/media\/244161"}],"wp:attachment":[{"href":"https:\/\/www.europesays.com\/pl\/wp-json\/wp\/v2\/media?parent=244160"}],"wp:term":[{"taxonomy":"category","embeddable":true,"href":"https:\/\/www.europesays.com\/pl\/wp-json\/wp\/v2\/categories?post=244160"},{"taxonomy":"post_tag","embeddable":true,"href":"https:\/\/www.europesays.com\/pl\/wp-json\/wp\/v2\/tags?post=244160"}],"curies":[{"name":"wp","href":"https:\/\/api.w.org\/{rel}","templated":true}]}}