{"id":244200,"date":"2026-02-05T14:19:06","date_gmt":"2026-02-05T14:19:06","guid":{"rendered":"https:\/\/www.europesays.com\/pl\/244200\/"},"modified":"2026-02-05T14:19:06","modified_gmt":"2026-02-05T14:19:06","slug":"przerwy-w-posiedzeniu-aresztowym-ziobry-zamieszanie-wokol-przeniesienia-sprawy","status":"publish","type":"post","link":"https:\/\/www.europesays.com\/pl\/244200\/","title":{"rendered":"Przerwy w posiedzeniu aresztowym Ziobry. Zamieszanie wok\u00f3\u0142 przeniesienia sprawy"},"content":{"rendered":"\n<p class=\"ods-o-frame-in-text__paragraph\">W skr\u00f3cie:<\/p>\n<ul class=\"ods-m-bullet-list\">\n<li class=\"ods-a-bullet ods-a-bullet--normal\"> Obro\u0144cy pokusili si\u0119 o kolejny wniosek, by decyzja o areszcie zapad\u0142a w rozszerzonym sk\u0142adzie trzech s\u0119dzi\u00f3w. Potem wnie\u015bli o zapoznanie si\u0119 z protoko\u0142ami przes\u0142ucha\u0144 podejrzanych w aferze wok\u00f3\u0142 Funduszu Sprawiedliwo\u015bci <\/li>\n<li class=\"ods-a-bullet ods-a-bullet--normal\"> Dziennikarze dopytywali obro\u0144c\u00f3w, czy ich wnioski zmierzaj\u0105 jedynie do tego, \u017ceby op\u00f3\u017ani\u0107 wydanie decyzji przez s\u0105d. Mec. Gomo\u0142a odpowiedzia\u0142, \u017ce razem z mec. Lewandowskim chc\u0105 zapewni\u0107 klientowi sprawiedliwy proces <\/li>\n<li class=\"ods-a-bullet ods-a-bullet--normal\"> Posiedzenie aresztowe Ziobry by\u0142o wcze\u015bniej dwukrotnie odraczane \u2014 22 grudnia ub.r. i 15 stycznia br. \u2014 z powodu wniosk\u00f3w sk\u0142adanych przez obro\u0144c\u00f3w by\u0142ego ministra sprawiedliwo\u015bci <\/li>\n<\/ul>\n<p class=\"ods-c-paragraph \">\u2014 Z\u0142o\u017cyli\u015bmy wniosek o wyst\u0105pienie przez s\u0105d do S\u0105du Najwy\u017cszego o przekazanie tej sprawy do innego s\u0105du [&#8230;]. Wniosek by\u0142 motywowany szeregiem r\u00f3\u017cnych okoliczno\u015bci \u2014 powiedzia\u0142 mec. Lewandowski po og\u0142oszeniu pierwszej przerwy.<\/p>\n<p class=\"ods-c-paragraph \">Adwokat przypomnia\u0142, \u017ce 16 lipca 2024 r., czyli w dniu, kiedy by\u0142o posiedzenie aresztowe by\u0142ego wiceministra sprawiedliwo\u015bci Marcina Romanowskiego, \u00f3wczesny minister sprawiedliwo\u015bci Adam Bodnar odwo\u0142a\u0142 kierownictwo s\u0105du.<\/p>\n<p class=\"ods-c-paragraph \">W jego ocenie istnieje obawa, \u017ce s\u0119dzia Agnieszka Prokopowicz, kt\u00f3ra prowadzi spraw\u0119 Zbigniewa Ziobry, mo\u017ce obawia\u0107 si\u0119 represji, gdy podejmie decyzj\u0119, kt\u00f3ra nie spodoba si\u0119 obecnemu ministrowi Waldemarowi \u017burkowi.<\/p>\n<p>    Dalszy ci\u0105g artyku\u0142u pod materia\u0142em wideo    <\/p>\n<p> Kiedy odby\u0142o si\u0119 posiedzenie aresztowe Zbigniewa Ziobry? <\/p>\n<p> Ile razy przerwano posiedzenie aresztowe Ziobry? <\/p>\n<p> Jakie zarzuty postawiono Zbigniewowi Ziobrze? <\/p>\n<p> Co obrona Ziobry chce osi\u0105gn\u0105\u0107 sk\u0142adaj\u0105c wnioski? <\/p>\n<p>  Liczne wnioski obrony<\/p>\n<p class=\"ods-c-paragraph \">Podczas kolejnej przerwy w posiedzeniu drugi z obro\u0144c\u00f3w Ziobry mec. Adam Gomo\u0142a poinformowa\u0142, \u017ce s\u0105d oddali\u0142 wniosek o przekazanie sprawy do innego s\u0105du. Jak m\u00f3wi\u0142, w ocenie s\u0105du nie ma do tego podstaw.<\/p>\n<p class=\"ods-c-paragraph \">Obrona zdecydowa\u0142a si\u0119 wi\u0119c na kolejny wniosek, by &#8222;z uwagi na szczeg\u00f3ln\u0105 wag\u0119 i zawi\u0142o\u015b\u0107 tej sprawy&#8221; zarz\u0105dzono jej rozpoznanie w sk\u0142adzie trzech s\u0119dzi\u00f3w. Decyzj\u0119 musi podj\u0105\u0107 prezes s\u0105du.<\/p>\n<p class=\"ods-c-paragraph \">Po godz. 14 podczas trzeciej przerwy okaza\u0142o si\u0119, \u017ce obro\u0144cy chc\u0105 zapozna\u0107 si\u0119 z protoko\u0142ami przes\u0142ucha\u0144 podejrzanych w aferze wok\u00f3\u0142 Funduszu Sprawiedliwo\u015bci. S\u0105d przychyli\u0142 si\u0119 do tego wniosku.<\/p>\n<p class=\"ods-c-paragraph \">Wcze\u015bniej dziennikarze dopytywali obro\u0144c\u00f3w, czy ich wnioski zmierzaj\u0105 jedynie do tego, \u017ceby op\u00f3\u017ani\u0107 wydanie decyzji przez s\u0105d. Mec. Gomo\u0142a odpowiedzia\u0142, \u017ce razem z mec. Lewandowskim chc\u0105 zapewni\u0107 swojemu klientowi sprawiedliwy proces i wykorzystaj\u0105 wszystkie instrumenty, by zabezpieczy\u0107 jego interes. W zwi\u0105zku z tym prawnicy zamierzaj\u0105 wyczerpa\u0107 drog\u0119 zwi\u0105zan\u0105 ze sk\u0142adem s\u0105du i z kompletno\u015bci\u0105 materia\u0142u dowodowego.<\/p>\n<p>   Trzecie podej\u015bcie do sprawy<\/p>\n<p class=\"ods-c-paragraph \">Posiedzenie aresztowe Zbigniewa Ziobry by\u0142o ju\u017c dwukrotnie odraczane \u2014 22 grudnia ub.r. i 15 stycznia br. \u2014 z powodu wniosk\u00f3w sk\u0142adanych przez obro\u0144c\u00f3w by\u0142ego ministra sprawiedliwo\u015bci.<\/p>\n<p class=\"ods-c-paragraph \">Prokuratura zarzuca Ziobrze m.in. kierowanie zorganizowan\u0105 grup\u0105 przest\u0119pcz\u0105 i wykorzystywanie swojego stanowiska do dzia\u0142a\u0144 o charakterze przest\u0119pczym. Wed\u0142ug prokuratury polityk mia\u0142 pope\u0142ni\u0107 \u0142\u0105cznie 26 przest\u0119pstw, m.in. wydawa\u0107 swoim podw\u0142adnym polecenia \u0142amania prawa, by zapewni\u0107 wybranym podmiotom dotacje z Funduszu Sprawiedliwo\u015bci, ingerowa\u0107 w przygotowanie ofert konkursowych i dopuszcza\u0107 do przyznawania \u015brodk\u00f3w nieuprawnionym podmiotom.<\/p>\n<p class=\"ods-c-paragraph \">W skierowanym do s\u0105du w po\u0142owie listopada 2025 r. wniosku, prokuratorzy wskazali m.in. na realne ryzyko ucieczki by\u0142ego ministra, ukrywania si\u0119 oraz matactwa procesowego.<\/p>\n<p class=\"ods-c-paragraph \">Przypomnijmy, \u017ce Ziobro od grudnia ub.r. cieszy si\u0119 azylem politycznym na W\u0119grzech. Rz\u0105d w Budapeszcie udzieli\u0142 politykowi schronienia, poniewa\u017c w jego ocenie w Polsce dochodzi do narusze\u0144 praw i wolno\u015bci: by\u0142y minister sprawiedliwo\u015bci ma by\u0107 ofiar\u0105 politycznych represji.<\/p>\n","protected":false},"excerpt":{"rendered":"W skr\u00f3cie: Obro\u0144cy pokusili si\u0119 o kolejny wniosek, by decyzja o areszcie zapad\u0142a w rozszerzonym sk\u0142adzie trzech s\u0119dzi\u00f3w.&hellip;\n","protected":false},"author":2,"featured_media":244201,"comment_status":"","ping_status":"","sticky":false,"template":"","format":"standard","meta":{"footnotes":"","_share_on_mastodon":"0"},"categories":[12],"tags":[1675,32,33,36,37,27,49,34,35,28,31,48,25,46,42,38,40,39,41,412,47,29,30,26,2037],"class_list":["post-244200","post","type-post","status-publish","format-standard","has-post-thumbnail","category-polska","tag-bartosz_lewandowski","tag-breaking-news","tag-breakingnews","tag-featured-news","tag-featurednews","tag-headlines","tag-kraj","tag-latest-news","tag-latestnews","tag-naglowki","tag-najwazniejsze-artykuly","tag-nat_styl","tag-news","tag-omp","tag-pl","tag-poland","tag-polish","tag-polska","tag-polski","tag-prawo_sady_prawnicy","tag-screening_general","tag-top-stories","tag-topstories","tag-wiadomosci","tag-zbigniew_ziobro"],"share_on_mastodon":{"url":"https:\/\/pubeurope.com\/@pl\/116018463582405161","error":""},"_links":{"self":[{"href":"https:\/\/www.europesays.com\/pl\/wp-json\/wp\/v2\/posts\/244200","targetHints":{"allow":["GET"]}}],"collection":[{"href":"https:\/\/www.europesays.com\/pl\/wp-json\/wp\/v2\/posts"}],"about":[{"href":"https:\/\/www.europesays.com\/pl\/wp-json\/wp\/v2\/types\/post"}],"author":[{"embeddable":true,"href":"https:\/\/www.europesays.com\/pl\/wp-json\/wp\/v2\/users\/2"}],"replies":[{"embeddable":true,"href":"https:\/\/www.europesays.com\/pl\/wp-json\/wp\/v2\/comments?post=244200"}],"version-history":[{"count":0,"href":"https:\/\/www.europesays.com\/pl\/wp-json\/wp\/v2\/posts\/244200\/revisions"}],"wp:featuredmedia":[{"embeddable":true,"href":"https:\/\/www.europesays.com\/pl\/wp-json\/wp\/v2\/media\/244201"}],"wp:attachment":[{"href":"https:\/\/www.europesays.com\/pl\/wp-json\/wp\/v2\/media?parent=244200"}],"wp:term":[{"taxonomy":"category","embeddable":true,"href":"https:\/\/www.europesays.com\/pl\/wp-json\/wp\/v2\/categories?post=244200"},{"taxonomy":"post_tag","embeddable":true,"href":"https:\/\/www.europesays.com\/pl\/wp-json\/wp\/v2\/tags?post=244200"}],"curies":[{"name":"wp","href":"https:\/\/api.w.org\/{rel}","templated":true}]}}