{"id":244312,"date":"2026-02-05T15:23:10","date_gmt":"2026-02-05T15:23:10","guid":{"rendered":"https:\/\/www.europesays.com\/pl\/244312\/"},"modified":"2026-02-05T15:23:10","modified_gmt":"2026-02-05T15:23:10","slug":"magdalena-boczarska-na-prezentacji-ramowki-polsatu-zachwycajaca-stylizacja","status":"publish","type":"post","link":"https:\/\/www.europesays.com\/pl\/244312\/","title":{"rendered":"Magdalena Boczarska na prezentacji ram\u00f3wki Polsatu. Zachwycaj\u0105ca stylizacja"},"content":{"rendered":"<p class=\"ods-c-paragraph \">Polsat zaprezentowa\u0142 swoje propozycje na wiosn\u0119 2026 r. Na wydarzeniu nie mog\u0142o zabrakn\u0105\u0107 gwiazd zwi\u0105zanych zawodowo ze stacj\u0105. W\u015br\u00f3d nich zjawi\u0142a si\u0119 Magdalena Boczarska, kt\u00f3ra wyst\u0105pi w najbli\u017cszej edycji &#8222;Ta\u0144ca z gwiazdami&#8221;.<\/p>\n<p> Dalszy ci\u0105g artyku\u0142u pod materia\u0142em wideo    <\/p>\n<p> Jak wygl\u0105da\u0142a stylizacja Magdaleny Boczarskiej? <\/p>\n<p> W jakim kolorze by\u0142a marynarka Magdaleny Boczarskiej? <\/p>\n<p> Kiedy odb\u0119dzie si\u0119 najbli\u017csza edycja 'Ta\u0144ca z gwiazdami&#8217;? <\/p>\n<p> Kto jeszcze we\u017amie udzia\u0142 w 'Ta\u0144cu z gwiazdami&#8217;? <\/p>\n<p>  Magdalena Boczarska na prezentacji wiosennej ram\u00f3wki Polsatu<\/p>\n<p class=\"ods-c-paragraph \">Magdalena Boczarska absolutnie ol\u015bni\u0142a na czerwonym dywanie. Podczas prezentacji wiosennej ram\u00f3wki, kt\u00f3ra odby\u0142a si\u0119 w czwartkowe przedpo\u0142udnie, mia\u0142a na sobie oversize&#8217;ov\u0105 w niezwykle modnym obecnie odcieniu zgaszonej \u015bliwki oraz bia\u0142e d\u017cinsy. Do tego srebrne klapki na obcasie (nie spos\u00f3b przej\u015b\u0107 obok nich oboj\u0119tnie!), szara kopert\u00f3wka oraz drobne, ale efektowne kolczyki.<\/p>\n<p class=\"ods-c-paragraph \">Uwag\u0119 zwracaj\u0105 tak\u017ce w\u0142osy \u2014 aktorka spi\u0119\u0142a je w g\u0142adki kucyk \u2014 i makija\u017c z czerwon\u0105 szmink\u0105 w roli g\u0142\u00f3wnej. Co ciekawe, gwiazda postawi\u0142a na manicure w tym samym kolorze.<\/p>\n<p class=\"ods-c-paragraph \">Ca\u0142o\u015b\u0107 prezentowa\u0142a si\u0119 niezwykle elegancko i modowo. Jednak detale te\u017c maj\u0105 znaczenie, z czego aktorka ewidentnie zdaje sobie spraw\u0119. Bior\u0105c to pod uwag\u0119, to niezwykle udana stylizacja.<\/p>\n<p>Magdalena Boczarska w &#8222;Ta\u0144cu z gwiazdami&#8221;   <\/p>\n<p class=\"ods-c-paragraph \">Ju\u017c wkr\u00f3tce zobaczymy j\u0105 w &#8222;Ta\u0144cu z gwiazdami&#8221;. Opr\u00f3cz Magdaleny Boczarskiej swoje umiej\u0119tno\u015bci na gwiazdorskim parkiecie zaprezentuj\u0105 mi\u0119dzy innymi Emilia Komarnicka, Sebastian Fabija\u0144ki, Piotr K\u0119dzierski, Ma\u0142gorzata Paw\u0142owska czy Izabela Miko. Zapowiada si\u0119 naprawd\u0119 mocny sezon.<\/p>\n<p> Galeria zdj\u0119\u0107    Magdalena Boczarska    <img src=\"https:\/\/cdn.kobieta.onet.pl\/1\/DWvk9lBaHR0cHM6Ly9vY2RuLmV1L3B1bHNjbXMvTURBXy82NGQ2ZjY3MTFmNTQxNjliOTQ5OTAzODdiNGYwODM1Yi5qcGeRlQLNAhXNAyDCw94AAqEwB6ExBA\" height=\"529\" width=\"940\" alt=\"Magdalena Boczarska\" loading=\"lazy\" decoding=\"async\" class=\"ods-c-image__img ods-c-image__img--placeholder\"\/>     1\/3   <\/p>\n<p>Jacek Kurnikowski \/ AKPA<\/p>\n<p>        Magdalena Boczarska    <img src=\"https:\/\/cdn.kobieta.onet.pl\/1\/N7nk9lBaHR0cHM6Ly9vY2RuLmV1L3B1bHNjbXMvTURBXy9kMDhhYTUwMDBiOGRjZDA2NDA3M2ZmZjFlMzIzNjlmMC5qcGeRlQLNAhXNAyDCw94AAqEwB6ExBA\" height=\"529\" width=\"940\" alt=\"Magdalena Boczarska\" loading=\"lazy\" decoding=\"async\" class=\"ods-c-image__img ods-c-image__img--placeholder\"\/>     2\/3   <\/p>\n<p>Jacek Kurnikowski \/ AKPA<\/p>\n<p>           Magdalena Boczarska    <img src=\"https:\/\/cdn.kobieta.onet.pl\/1\/Oy4k9lBaHR0cHM6Ly9vY2RuLmV1L3B1bHNjbXMvTURBXy8zZTYwZWY5NjZjYWRjZTRiZDcyZDI1OGI2ZTgyMTBlMy5qcGeRlQLNAhXNAyDCw94AAqEwB6ExBA\" height=\"529\" width=\"940\" alt=\"Magdalena Boczarska\" loading=\"lazy\" decoding=\"async\" class=\"ods-c-image__img ods-c-image__img--placeholder\"\/>     3\/3   <\/p>\n<p>Jacek Kurnikowski \/ AKPA<\/p>\n","protected":false},"excerpt":{"rendered":"Polsat zaprezentowa\u0142 swoje propozycje na wiosn\u0119 2026 r. Na wydarzeniu nie mog\u0142o zabrakn\u0105\u0107 gwiazd zwi\u0105zanych zawodowo ze stacj\u0105.&hellip;\n","protected":false},"author":2,"featured_media":244313,"comment_status":"","ping_status":"","sticky":false,"template":"","format":"standard","meta":{"footnotes":"","_share_on_mastodon":"0"},"categories":[5],"tags":[32,33,36,37,30897,27,34,35,2119,1142,28,31,48,25,46,42,38,40,39,41,47,10522,40586,29,30,26],"class_list":["post-244312","post","type-post","status-publish","format-standard","has-post-thumbnail","category-naglowki","tag-breaking-news","tag-breakingnews","tag-featured-news","tag-featurednews","tag-gwiazdy_na_czerwonym_dywanie","tag-headlines","tag-latest-news","tag-latestnews","tag-magdalena_boczarska","tag-moda","tag-naglowki","tag-najwazniejsze-artykuly","tag-nat_styl","tag-news","tag-omp","tag-pl","tag-poland","tag-polish","tag-polska","tag-polski","tag-screening_general","tag-stylizacje_gwiazd","tag-taboola_tst0","tag-top-stories","tag-topstories","tag-wiadomosci"],"share_on_mastodon":{"url":"https:\/\/pubeurope.com\/@pl\/116018715346221415","error":""},"_links":{"self":[{"href":"https:\/\/www.europesays.com\/pl\/wp-json\/wp\/v2\/posts\/244312","targetHints":{"allow":["GET"]}}],"collection":[{"href":"https:\/\/www.europesays.com\/pl\/wp-json\/wp\/v2\/posts"}],"about":[{"href":"https:\/\/www.europesays.com\/pl\/wp-json\/wp\/v2\/types\/post"}],"author":[{"embeddable":true,"href":"https:\/\/www.europesays.com\/pl\/wp-json\/wp\/v2\/users\/2"}],"replies":[{"embeddable":true,"href":"https:\/\/www.europesays.com\/pl\/wp-json\/wp\/v2\/comments?post=244312"}],"version-history":[{"count":0,"href":"https:\/\/www.europesays.com\/pl\/wp-json\/wp\/v2\/posts\/244312\/revisions"}],"wp:featuredmedia":[{"embeddable":true,"href":"https:\/\/www.europesays.com\/pl\/wp-json\/wp\/v2\/media\/244313"}],"wp:attachment":[{"href":"https:\/\/www.europesays.com\/pl\/wp-json\/wp\/v2\/media?parent=244312"}],"wp:term":[{"taxonomy":"category","embeddable":true,"href":"https:\/\/www.europesays.com\/pl\/wp-json\/wp\/v2\/categories?post=244312"},{"taxonomy":"post_tag","embeddable":true,"href":"https:\/\/www.europesays.com\/pl\/wp-json\/wp\/v2\/tags?post=244312"}],"curies":[{"name":"wp","href":"https:\/\/api.w.org\/{rel}","templated":true}]}}