{"id":244436,"date":"2026-02-05T16:39:10","date_gmt":"2026-02-05T16:39:10","guid":{"rendered":"https:\/\/www.europesays.com\/pl\/244436\/"},"modified":"2026-02-05T16:39:10","modified_gmt":"2026-02-05T16:39:10","slug":"podwojne-alerty-imgw-na-wieczor-i-noc-to-nie-koniec-niebezpiecznej-pogody","status":"publish","type":"post","link":"https:\/\/www.europesays.com\/pl\/244436\/","title":{"rendered":"Podw\u00f3jne alerty IMGW na wiecz\u00f3r i noc. To nie koniec niebezpiecznej pogody"},"content":{"rendered":"<p class=\"Paragraph_desktopParagraph__U31Gm\">Go\u0142oled\u017a od ostatniej nocy daje si\u0119 we znaki przede wszystkim na zachodzie, p\u00f3\u0142nocy i w centrum kraju. <a href=\"https:\/\/wiadomosci.onet.pl\/pogoda\/fala-gololedzi-nad-polska-sytuacja-szybko-sie-pogarsza-relacja-na-zywo\/fpvecfb\" id=\"3d82c516-620a-47fc-9bcf-2e0d9a511b49\" rel=\"nofollow noopener\" target=\"_blank\">Drogi i chodniki pokrywa tam coraz grubsza warstwa lodu,<\/a> a warunki do poruszania si\u0119 s\u0105 wyj\u0105tkowo trudne. To jednak nie koniec marzn\u0105cego deszczu.<\/p>\n<p class=\"VideoPlayerText_videoPlayerText__iDwyz\">Dalszy ci\u0105g materia\u0142u pod wideo<\/p>\n<ul class=\"OchatFollowUps_wrapper__1ry7X\">\n<li class=\"OchatFollowUps_item__Dhyly OchatFollowUps_itemDesktop__R6aBv\">Jakie s\u0105 przewidywania dotycz\u0105ce pogody w Polsce na wiecz\u00f3r?<\/li>\n<li class=\"OchatFollowUps_item__Dhyly OchatFollowUps_itemDesktop__R6aBv\">Gdzie dok\u0142adnie obowi\u0105zuj\u0105 alerty IMGW przed go\u0142oledzi\u0105?<\/li>\n<li class=\"OchatFollowUps_item__Dhyly OchatFollowUps_itemDesktop__R6aBv\">Czy go\u0142oled\u017a b\u0119dzie jedynym zagro\u017ceniem w nadchodz\u0105cych godzinach?<\/li>\n<li class=\"OchatFollowUps_item__Dhyly OchatFollowUps_itemDesktop__R6aBv\">Jakie s\u0105 skutki mg\u0142y przewidywane na drogach?<\/li>\n<\/ul>\n<p>Podw\u00f3jne ostrze\u017cenia IMGW na najbli\u017cszy wiecz\u00f3r i noc. Do go\u0142oledzi do\u0142\u0105cz\u0105 g\u0119ste mg\u0142y <\/p>\n<p class=\"Paragraph_desktopParagraph__U31Gm\"><a href=\"https:\/\/wiadomosci.onet.pl\/imgw\" id=\"1f3903b8-fff3-4050-a105-46a4d39ff46f\" rel=\"nofollow noopener\" target=\"_blank\">IMGW<\/a> dla wi\u0119kszo\u015bci kraju przed\u0142u\u017cy\u0142 do pi\u0105tkowego poranka alerty przed tym zjawiskiem. Obowi\u0105zywa\u0107 maj\u0105 w wi\u0119kszo\u015bci \u015al\u0105ska oraz w pasie od Lubelszczyzny i Mazowsza po Podlasie, Warmi\u0119, Kujawy, Pomorze, Wielkopolsk\u0119 i ziemi\u0119 lubusk\u0105. Szczeg\u00f3lnie gro\u017anie zrobi si\u0119 w pasie p\u00f3\u0142nocnym i \u015brodkowym, gdzie ostrze\u017cenia maj\u0105 drugi stopie\u0144.<\/p>\n<p><img decoding=\"async\" class=\"Image_image__0tuHp Image_autoHeight__f2n87 \" height=\"447\" width=\"471\" src=\"https:\/\/www.europesays.com\/pl\/wp-content\/uploads\/2026\/02\/OR7k9kpTURBXy9kYWIwNjg5MThkODRjMjgzZDlhMTgzNjU4M2EwZDU3Ny5wbmeRlQLNA6wAwsPeAAOhMAGhMQGhM8M.jpeg\" alt=\"Aktualne ostrze\u017cenia IMGW przed marzn\u0105cymi opadami\" loading=\"lazy\" \/>IMGW-PIB METEO POLSKA<\/p>\n<p>Aktualne ostrze\u017cenia IMGW przed marzn\u0105cymi opadami<\/p>\n<p class=\"Paragraph_desktopParagraph__U31Gm\">Deszcz na tym obszarze pada\u0107 mo\u017ce bez przerwy i okresami o nat\u0119\u017ceniu umiarkowanym. Spowoduje to, \u017ce warunki drogowe b\u0119d\u0105 si\u0119 ci\u0105gle pogarsza\u0107 i nie mo\u017cna wykluczy\u0107 utrudnie\u0144 komunikacyjnych, a nawet parali\u017cu. Ponadto synoptycy poinformowali o mo\u017cliwo\u015bci wyd\u0142u\u017cenia czasu trwania ostrze\u017ce\u0144.<\/p>\n<p class=\"Paragraph_desktopParagraph__U31Gm\">Opr\u00f3cz opad\u00f3w marzn\u0105cego <a href=\"https:\/\/wiadomosci.onet.pl\/deszcz\" id=\"698fd6c5-7e2a-4edd-9c99-1dd378eea340\" rel=\"nofollow noopener\" target=\"_blank\">deszczu<\/a> i go\u0142oledzi wkr\u00f3tce zaczn\u0105 pojawia\u0107 si\u0119 te\u017c mg\u0142y i zamglenia. Utworz\u0105 si\u0119 one w wi\u0119kszo\u015bci kraju, ale najg\u0119stsze b\u0119d\u0105 w woj. \u015bl\u0105skim, \u015bwi\u0119tokrzyskim, cz\u0119\u015bciowo w ma\u0142opolskim oraz na po\u0142udniu woj. dolno\u015bl\u0105skiego i opolskiego.<\/p>\n<p><img decoding=\"async\" class=\"Image_image__0tuHp Image_autoHeight__f2n87 \" height=\"438\" width=\"478\" src=\"https:\/\/www.europesays.com\/pl\/wp-content\/uploads\/2026\/02\/z6_k9kpTURBXy80YWJlZTA0NDU3NzAzMWQyZWQ5YmNmZjYxOGQxYTU5My5wbmeRlQLNA6wAwsPeAAOhMAGhMQGhM8M.jpeg\" alt=\"Na po\u0142udniu noc przyniesie tak\u017ce g\u0119ste mg\u0142y\" loading=\"lazy\" \/>IMGW-PIB METEO POLSKA<\/p>\n<p>Na po\u0142udniu noc przyniesie tak\u017ce g\u0119ste mg\u0142y<\/p>\n<p class=\"Paragraph_desktopParagraph__U31Gm\">Dzi\u015b od godz. 19 do pi\u0105tku do godz. 10 obowi\u0105zuj\u0105 tam ostrze\u017cenia pierwszego stopnia przed <a href=\"https:\/\/wiadomosci.onet.pl\/mgly\" id=\"000533c3-117b-4c1b-9698-188973bce526\" rel=\"nofollow noopener\" target=\"_blank\">mg\u0142ami<\/a>, kt\u00f3re miejscami ogranicz\u0105 widzialno\u015b\u0107 poni\u017cej 200 m. Mo\u017ce to utrudni\u0107 poruszanie si\u0119 po drogach, a nawet poprawne funkcjonowanie lotnisk. Prawdopodobie\u0144stwo wyst\u0105pienia zjawiska zosta\u0142o oszacowane na 75 proc.<\/p>\n","protected":false},"excerpt":{"rendered":"Go\u0142oled\u017a od ostatniej nocy daje si\u0119 we znaki przede wszystkim na zachodzie, p\u00f3\u0142nocy i w centrum kraju. Drogi&hellip;\n","protected":false},"author":2,"featured_media":244437,"comment_status":"","ping_status":"","sticky":false,"template":"","format":"standard","meta":{"footnotes":"","_share_on_mastodon":"0"},"categories":[12],"tags":[25481,32,33,36,37,23120,27,67,34,35,43129,10372,28,31,53,25,52,68,51,55,42,78,38,40,39,41,47,591,29,30,65,50,26],"class_list":["post-244436","post","type-post","status-publish","format-standard","has-post-thumbnail","category-polska","tag-alerty_imgw","tag-breaking-news","tag-breakingnews","tag-featured-news","tag-featurednews","tag-gololedz","tag-headlines","tag-intextvideo_splayer","tag-latest-news","tag-latestnews","tag-marznace_opady","tag-mgla","tag-naglowki","tag-najwazniejsze-artykuly","tag-new_header","tag-news","tag-onet3","tag-onet3d","tag-onet3d_2i","tag-phx","tag-pl","tag-pogoda","tag-poland","tag-polish","tag-polska","tag-polski","tag-screening_general","tag-srodowisko","tag-top-stories","tag-topstories","tag-update_me","tag-v2021","tag-wiadomosci"],"share_on_mastodon":{"url":"https:\/\/pubeurope.com\/@pl\/116019014073675201","error":""},"_links":{"self":[{"href":"https:\/\/www.europesays.com\/pl\/wp-json\/wp\/v2\/posts\/244436","targetHints":{"allow":["GET"]}}],"collection":[{"href":"https:\/\/www.europesays.com\/pl\/wp-json\/wp\/v2\/posts"}],"about":[{"href":"https:\/\/www.europesays.com\/pl\/wp-json\/wp\/v2\/types\/post"}],"author":[{"embeddable":true,"href":"https:\/\/www.europesays.com\/pl\/wp-json\/wp\/v2\/users\/2"}],"replies":[{"embeddable":true,"href":"https:\/\/www.europesays.com\/pl\/wp-json\/wp\/v2\/comments?post=244436"}],"version-history":[{"count":0,"href":"https:\/\/www.europesays.com\/pl\/wp-json\/wp\/v2\/posts\/244436\/revisions"}],"wp:featuredmedia":[{"embeddable":true,"href":"https:\/\/www.europesays.com\/pl\/wp-json\/wp\/v2\/media\/244437"}],"wp:attachment":[{"href":"https:\/\/www.europesays.com\/pl\/wp-json\/wp\/v2\/media?parent=244436"}],"wp:term":[{"taxonomy":"category","embeddable":true,"href":"https:\/\/www.europesays.com\/pl\/wp-json\/wp\/v2\/categories?post=244436"},{"taxonomy":"post_tag","embeddable":true,"href":"https:\/\/www.europesays.com\/pl\/wp-json\/wp\/v2\/tags?post=244436"}],"curies":[{"name":"wp","href":"https:\/\/api.w.org\/{rel}","templated":true}]}}