{"id":244638,"date":"2026-02-05T19:14:08","date_gmt":"2026-02-05T19:14:08","guid":{"rendered":"https:\/\/www.europesays.com\/pl\/244638\/"},"modified":"2026-02-05T19:14:08","modified_gmt":"2026-02-05T19:14:08","slug":"wielkopolska-65-latek-zginal-na-chodniku-pod-wlasnym-domem-sluzby-apeluja","status":"publish","type":"post","link":"https:\/\/www.europesays.com\/pl\/244638\/","title":{"rendered":"Wielkopolska. 65-latek zgin\u0105\u0142 na chodniku pod w\u0142asnym domem. S\u0142u\u017cby apeluj\u0105"},"content":{"rendered":"<p class=\"ods-c-paragraph \">Do dramatycznych wydarze\u0144 dosz\u0142o 5 lutego w miejscowo\u015bci Garki, w gminie Odolan\u00f3w. Jak informuj\u0105 &#8222;Fakty Kaliskie&#8221;, ok. 65-letni m\u0119\u017cczyzna wyszed\u0142 z domu, by posypa\u0107 \u015bliski chodnik popio\u0142em. Chcia\u0142 w ten spos\u00f3b zabezpieczy\u0107 nawierzchni\u0119 przed niebezpieczn\u0105 go\u0142oledzi\u0105.<\/p>\n<p> Gdzie dosz\u0142o do wypadku? <\/p>\n<p> Co robi\u0142 m\u0119\u017cczyzna przed wypadkiem? <\/p>\n<p> Jakie by\u0142y okoliczno\u015bci \u015bmierci m\u0119\u017cczyzny? <\/p>\n<p> Jakie s\u0105 apelacje s\u0142u\u017cb wzgl\u0119dem go\u0142oledzi? <\/p>\n<p class=\"ods-c-paragraph \">W pewnym momencie m\u0119\u017cczyzna po\u015blizgn\u0105\u0142 si\u0119 i upad\u0142, uderzaj\u0105c potylic\u0105 o tward\u0105 nawierzchni\u0119. Jako pierwszy na pomoc ruszy\u0142 s\u0105siad, kt\u00f3ry zauwa\u017cy\u0142 le\u017c\u0105cego na ziemi m\u0119\u017cczyzn\u0119. Natychmiast wezwa\u0142 pogotowie ratunkowe. Mimo przeprowadzonej reanimacji, \u017cycia poszkodowanego nie uda\u0142o si\u0119 uratowa\u0107.<\/p>\n<p class=\"ods-c-paragraph \">&#8222;Ok. godz. 10. zostali\u015bmy poinformowani o \u015bmierci oko\u0142o 65-letniego m\u0119\u017cczyzny w miejscowo\u015bci Garki. Spraw\u0105 zajmuje si\u0119 prokuratura. Policjanci dok\u0142adnie wyja\u015bniaj\u0105 przyczyny i okoliczno\u015bci zdarzenia&#8221; \u2014 przekaza\u0142a podkomisarz Patrycja Naczke z Komendy Policji w Ostrowie Wielkopolskim, cytowana przez &#8222;o2.pl&#8221;.<\/p>\n<p class=\"ods-c-paragraph \">Tragedia z Garek to kolejny dow\u00f3d na to, jak niebezpieczna potrafi by\u0107 go\u0142oled\u017a. S\u0142u\u017cby w ca\u0142ej Polsce apeluj\u0105 o ostro\u017cno\u015b\u0107 \u2013 \u015bliskie chodniki stanowi\u0105 zagro\u017cenie nie tylko dla kierowc\u00f3w, ale tak\u017ce dla pieszych. Upadek na oblodzonej nawierzchni mo\u017ce prowadzi\u0107 do powa\u017cnych obra\u017ce\u0144, a w niekt\u00f3rych przypadkach \u2013 jak ten w Garkach \u2013 ko\u0144czy\u0107 si\u0119 \u015bmierci\u0105.<\/p>\n","protected":false},"excerpt":{"rendered":"Do dramatycznych wydarze\u0144 dosz\u0142o 5 lutego w miejscowo\u015bci Garki, w gminie Odolan\u00f3w. Jak informuj\u0105 &#8222;Fakty Kaliskie&#8221;, ok. 65-letni&hellip;\n","protected":false},"author":2,"featured_media":244639,"comment_status":"","ping_status":"","sticky":false,"template":"","format":"standard","meta":{"footnotes":"","_share_on_mastodon":"0"},"categories":[5],"tags":[32,33,36,37,23120,27,34,35,28,31,48,25,46,42,38,40,39,41,47,40590,29,30,26,3033],"class_list":["post-244638","post","type-post","status-publish","format-standard","has-post-thumbnail","category-naglowki","tag-breaking-news","tag-breakingnews","tag-featured-news","tag-featurednews","tag-gololedz","tag-headlines","tag-latest-news","tag-latestnews","tag-naglowki","tag-najwazniejsze-artykuly","tag-nat_styl","tag-news","tag-omp","tag-pl","tag-poland","tag-polish","tag-polska","tag-polski","tag-screening_general","tag-taboola_tst1","tag-top-stories","tag-topstories","tag-wiadomosci","tag-wielkopolska_wojewodztwo_wielkopolskie"],"share_on_mastodon":{"url":"https:\/\/pubeurope.com\/@pl\/116019623542870637","error":""},"_links":{"self":[{"href":"https:\/\/www.europesays.com\/pl\/wp-json\/wp\/v2\/posts\/244638","targetHints":{"allow":["GET"]}}],"collection":[{"href":"https:\/\/www.europesays.com\/pl\/wp-json\/wp\/v2\/posts"}],"about":[{"href":"https:\/\/www.europesays.com\/pl\/wp-json\/wp\/v2\/types\/post"}],"author":[{"embeddable":true,"href":"https:\/\/www.europesays.com\/pl\/wp-json\/wp\/v2\/users\/2"}],"replies":[{"embeddable":true,"href":"https:\/\/www.europesays.com\/pl\/wp-json\/wp\/v2\/comments?post=244638"}],"version-history":[{"count":0,"href":"https:\/\/www.europesays.com\/pl\/wp-json\/wp\/v2\/posts\/244638\/revisions"}],"wp:featuredmedia":[{"embeddable":true,"href":"https:\/\/www.europesays.com\/pl\/wp-json\/wp\/v2\/media\/244639"}],"wp:attachment":[{"href":"https:\/\/www.europesays.com\/pl\/wp-json\/wp\/v2\/media?parent=244638"}],"wp:term":[{"taxonomy":"category","embeddable":true,"href":"https:\/\/www.europesays.com\/pl\/wp-json\/wp\/v2\/categories?post=244638"},{"taxonomy":"post_tag","embeddable":true,"href":"https:\/\/www.europesays.com\/pl\/wp-json\/wp\/v2\/tags?post=244638"}],"curies":[{"name":"wp","href":"https:\/\/api.w.org\/{rel}","templated":true}]}}