{"id":24479,"date":"2025-09-30T17:28:07","date_gmt":"2025-09-30T17:28:07","guid":{"rendered":"https:\/\/www.europesays.com\/pl\/24479\/"},"modified":"2025-09-30T17:28:07","modified_gmt":"2025-09-30T17:28:07","slug":"oni-moga-trafic-do-kadry-jana-urbana-te-nazwiska-zaskakuja-ujawniamy","status":"publish","type":"post","link":"https:\/\/www.europesays.com\/pl\/24479\/","title":{"rendered":"Oni mog\u0105 trafi\u0107 do kadry Jana Urbana. Te nazwiska zaskakuj\u0105. Ujawniamy"},"content":{"rendered":"<p>Bart\u0142omiej Dr\u0105gowski mo\u017ce nie przyjecha\u0107 na zgrupowanie reprezentacji Polski, kt\u00f3ra 9 pa\u017adziernika zmierzy si\u0119 w towarzyskim spotkaniu z Now\u0105 Zelandi\u0105 w Chorzowie, a trzy dni p\u00f3\u017aniej w eliminacjach mundialu z Litw\u0105 w Kownie.<\/p>\n<p class=\"VideoPlayerText_videoPlayerText__zrtJk\">Dalszy ci\u0105g materia\u0142u pod wideo<\/p>\n<p>Polak nie wyst\u0105pi\u0142 w dw\u00f3ch ostatnich meczach Panathinaikosu z powodu kontuzji kolana. Uraz nie jest bardzo powa\u017cny, ale jego udzia\u0142 w zgrupowaniu stoi pod znakiem zapytania.<\/p>\n<p>Jan Urban powo\u0142ania ma og\u0142osi\u0107 w pi\u0105tek. Wszystko b\u0119dzie zale\u017ce\u0107 od tego, czy Dr\u0105gowski w czwartek zagra w meczu Ligi Europy z holenderskim Go Ahead Eagles. Je\u015bli w nim wyst\u0105pi, to dostanie te\u017c powo\u0142anie. Jak nie, to z naszych informacji wynika, \u017ce raczej nie b\u0119dzie go te\u017c na li\u015bcie wybra\u0144c\u00f3w selekcjonera.<\/p>\n<p>Poni\u017cej przedstawiamy, kto ma najwi\u0119ksze szanse na powo\u0142anie. Szczeg\u00f3lnie jedno nazwisko mo\u017ce zaskakiwa\u0107.<\/p>\n<p>Powr\u00f3t po czterech latach<\/p>\n<p class=\"Paragraph_desktopParagraph__Fd2e9\">Jak ustalili\u015bmy, w takim wariancie najwi\u0119ksze szanse na powo\u0142anie ma Rados\u0142aw Majecki. Poza nim powo\u0142ania oczywi\u015bcie dostan\u0105 \u0141ukasz Skorupski, Kamil Grabara i prawdopodobnie \u2014 w roli numeru cztery \u2014 Bartosz Mrozek.<\/p>\n<p class=\"Paragraph_desktopParagraph__Fd2e9\">Je\u015bli nawet nie b\u0119dzie Dr\u0105gowskiego, to golkiper Lecha prawdopodobnie nie wskoczy na pozycj\u0119 numer trzy w hierarchii. Ma by\u0107 bramkarzem do trening\u00f3w, kt\u00f3ry zostanie wys\u0142any na trybuny w Kownie.<\/p>\n<p class=\"Paragraph_desktopParagraph__Fd2e9\">Za kadencji Micha\u0142a Probierza czasami siada\u0142 na \u0142awce, gdy Dr\u0105gowski ju\u017c wcze\u015bniej wypada\u0142 z powodu kontuzji. We wrze\u015bniu dosta\u0142 powo\u0142anie na mecze z Holandi\u0105 (1:1) i Finlandi\u0105 (3:1), ale by uczestniczy\u0107 w treningach. Wy\u017cej od niego w hierarchii byli \u0141ukasz Skorupski, Kamil Grabara i Dr\u0105gowski. Notowania niepowo\u0142anych Marcina Bu\u0142ki i Majeckiego tak\u017ce by\u0142y lepsze, ale w roli golkipera numer cztery Urban wola\u0142 Mrozka.<\/p>\n<p class=\"Paragraph_desktopParagraph__Fd2e9\">Bu\u0142ka dozna\u0142 powa\u017cnej kontuzji i nie mo\u017ce by\u0107 brany pod uwag\u0119, wi\u0119c w tej sytuacji naturalne jest powo\u0142anie Majeckiego. Dla niego by\u0142by to powr\u00f3t do reprezentacji po czterech latach. Ostatni raz w kadrze pojawi\u0142 si\u0119 w pa\u017adzierniku 2021 r., gdy tak\u017ce zast\u0105pi\u0142 kontuzjowanego Dr\u0105gowskiego. Wtedy w meczu z San Marino (5:0) zanotowa\u0142 jedyny wyst\u0119p w dru\u017cynie narodowej.<\/p>\n<p class=\"Paragraph_desktopParagraph__Fd2e9\">Latem Majecki zosta\u0142 wypo\u017cyczony z Monaco do Brestu, ale pocz\u0105tek pobytu w nowym zespole ma nieudany. Najpierw s\u0142abiej wypad\u0142 w przegranym 0:2 meczu z Toulouse (nota 2 w &#8222;L\u2019Equipe&#8221;), potem w spotkaniu z Lens (1:3) niepotrzebnie wybieg\u0142 z bramki, sfaulowa\u0142 rywala w polu karnym, za co obejrza\u0142 czerwon\u0105 kartk\u0119 i jeszcze oczywi\u015bcie sprokurowa\u0142 jedenastk\u0119.<\/p>\n<p class=\"Paragraph_desktopParagraph__Fd2e9\">By\u0142 zawieszony na dwa mecze, wr\u00f3ci\u0142 w niedzielnym spotkaniu z Angers (2:0) i wypad\u0142 poprawnie. Niemniej by\u0142by to swoisty paradoks, gdyby do kadry wr\u00f3ci\u0142 akurat w takim momencie, a nie wtedy gdy dobrze sobie radzi\u0142 w AS Monaco. Tyle \u017ce w\u00f3wczas by\u0142a wi\u0119ksza konkurencja.<\/p>\n<p>Cezary Miszta pod lup\u0105 kadry<\/p>\n<p class=\"Paragraph_desktopParagraph__Fd2e9\">Sztab kadry obserwuje te\u017c innych bramkarzy z zagranicznych klub\u00f3w. Pewnym zaskoczeniem mog\u0105 by\u0107 do\u015b\u0107 wysokie notowania Cezarego Miszty z Rio Ave. Jeden z dw\u00f3ch trener\u00f3w bramkarzy w sztabie reprezentacji Andrzej Dawidziuk obserwowa\u0142 go podczas mecz\u00f3w z Benfic\u0105 (1:1) i Porto (0:3). Polak sprawi\u0142 dobre wra\u017cenie, wida\u0107, \u017ce w Portugalii zrobi\u0142 post\u0119p w por\u00f3wnaniu do czas\u00f3w gry w Legii.<\/p>\n<p class=\"Paragraph_desktopParagraph__Fd2e9\">Pewnym zaskoczeniem jest te\u017c obecno\u015b\u0107 w kr\u0119gu zainteresowa\u0144 Mateusza Lisa, ale to niespodzianka tylko dla kogo\u015b, kto nie \u015bledzi ligi tureckiej. Polak broni w Goztepe, kt\u00f3re zajmuje czwarte miejsce w do\u015b\u0107 mocnej lidze, na dodatek w siedmiu meczach wpu\u015bci\u0142 tylko dwa gole, jedynie lider Galatasaray r\u00f3wnie dobrze spisuje w defensywie. Lis mia\u0142 udany ju\u017c poprzedni sezon, ale ten jest jeszcze lepszy. Polak ma kapitalny wska\u017anik obronionych strza\u0142\u00f3w &#8211; prawie 87 proc.<\/p>\n<p class=\"Paragraph_desktopParagraph__Fd2e9\">Gdyby kierowa\u0107 si\u0119 tylko i wy\u0142\u0105cznie sam\u0105 form\u0105, to kto wie, czy Lis w tym sezonie nie jest w najlepszej dyspozycji z polskich golkiper\u00f3w.<\/p>\n<p class=\"Paragraph_desktopParagraph__Fd2e9\">Lekkim minusem w jego przypadku jest wiek. Co prawda, maj\u0105c 28 lat, daleko mu do pi\u0142karskiej emerytury, ale konkurenci s\u0105 od niego m\u0142odsi. A przy powo\u0142aniach bramkarza numer trzy, te\u017c trzeba patrze\u0107 na PESEL. Wielu selekcjoner\u00f3w jako trzeciego powo\u0142uje bardziej perspektywicznego golkipera ni\u017c trzeciego pod wzgl\u0119dem umiej\u0119tno\u015bci.<\/p>\n<p class=\"Paragraph_desktopParagraph__Fd2e9\">W kr\u0119gu zainteresowa\u0144 jest te\u017c Mateusz Kochalski z azerskiego Karabachu, cho\u0107 tu pewien problem stanowi liga, w kt\u00f3rej gra. Za to jako z nielicznych Polak\u00f3w wyst\u0119puje w Lidze Mistrz\u00f3w i w pierwszej kolejce z kolegami sprawi\u0142 sensacj\u0119, pokonuj\u0105c Benfik\u0119 3:2 i to na wyje\u017adzie. On ju\u017c by\u0142 na zgrupowaniach, nawet na Euro, ale jako bramkarz numer cztery, tylko do trening\u00f3w. Nie by\u0142 oficjalnie w kadrze.<\/p>\n<p class=\"Paragraph_desktopParagraph__Fd2e9\">W kr\u0119gu zainteresowa\u0144 jest te\u017c Jakub Stolarczyk, kt\u00f3ry po spadku z Premier League wywalczy\u0142 miejsce w sk\u0142adzie w dalszym ci\u0105gu mocnego personalnie Leicester, kt\u00f3re jest jednym z g\u0142\u00f3wnych kandydat\u00f3w do awansu.<\/p>\n<p>Szansa Kamila Grabary<\/p>\n<p class=\"Paragraph_desktopParagraph__Fd2e9\">Na pierwszych miejscach nie nale\u017cy spodziewa\u0107 si\u0119 zmian. Numerem jeden pozostanie Skorupski, a dw\u00f3jk\u0105 Grabara.<\/p>\n<p class=\"Paragraph_desktopParagraph__Fd2e9\">W meczu z Now\u0105 Zelandi\u0105 prawdopodobnie w pierwszym sk\u0142adzie wyjdzie ten drugi. W drugiej po\u0142owie mo\u017ce zmieni go Dr\u0105gowski lub Majecki. To jedyny mecz nie o punkty w tym roku, gdy sztab kadry ma okazj\u0119 kogo\u015b sprawdzi\u0107. Nie ma jeszcze decyzji, czy Grabara b\u0119dzie weryfikowany przez ca\u0142e spotkanie, czy po przerwie szans\u0119 dostanie inny golkiper.<\/p>\n<p class=\"Paragraph_desktopParagraph__Fd2e9\">Z kolei w Kownie, je\u015bli nie wydarzy si\u0119 nic niespodziewanego, mi\u0119dzy s\u0142upkami stanie Skorupski.<\/p>\n","protected":false},"excerpt":{"rendered":"Bart\u0142omiej Dr\u0105gowski mo\u017ce nie przyjecha\u0107 na zgrupowanie reprezentacji Polski, kt\u00f3ra 9 pa\u017adziernika zmierzy si\u0119 w towarzyskim spotkaniu z&hellip;\n","protected":false},"author":2,"featured_media":24480,"comment_status":"","ping_status":"","sticky":false,"template":"","format":"standard","meta":{"footnotes":""},"categories":[24],"tags":[67,929,948,42,38,40,39,41,136,128,47,127,135,126],"class_list":{"0":"post-24479","1":"post","2":"type-post","3":"status-publish","4":"format-standard","5":"has-post-thumbnail","7":"category-sport","8":"tag-intextvideo_splayer","9":"tag-pawb","10":"tag-pilka_nozna","11":"tag-pl","12":"tag-poland","13":"tag-polish","14":"tag-polska","15":"tag-polski","16":"tag-ps_detal_new","17":"tag-psv2","18":"tag-screening_general","19":"tag-sport","20":"tag-sport_sport","21":"tag-sports"},"share_on_mastodon":{"url":"","error":""},"_links":{"self":[{"href":"https:\/\/www.europesays.com\/pl\/wp-json\/wp\/v2\/posts\/24479","targetHints":{"allow":["GET"]}}],"collection":[{"href":"https:\/\/www.europesays.com\/pl\/wp-json\/wp\/v2\/posts"}],"about":[{"href":"https:\/\/www.europesays.com\/pl\/wp-json\/wp\/v2\/types\/post"}],"author":[{"embeddable":true,"href":"https:\/\/www.europesays.com\/pl\/wp-json\/wp\/v2\/users\/2"}],"replies":[{"embeddable":true,"href":"https:\/\/www.europesays.com\/pl\/wp-json\/wp\/v2\/comments?post=24479"}],"version-history":[{"count":0,"href":"https:\/\/www.europesays.com\/pl\/wp-json\/wp\/v2\/posts\/24479\/revisions"}],"wp:featuredmedia":[{"embeddable":true,"href":"https:\/\/www.europesays.com\/pl\/wp-json\/wp\/v2\/media\/24480"}],"wp:attachment":[{"href":"https:\/\/www.europesays.com\/pl\/wp-json\/wp\/v2\/media?parent=24479"}],"wp:term":[{"taxonomy":"category","embeddable":true,"href":"https:\/\/www.europesays.com\/pl\/wp-json\/wp\/v2\/categories?post=24479"},{"taxonomy":"post_tag","embeddable":true,"href":"https:\/\/www.europesays.com\/pl\/wp-json\/wp\/v2\/tags?post=24479"}],"curies":[{"name":"wp","href":"https:\/\/api.w.org\/{rel}","templated":true}]}}