{"id":244892,"date":"2026-02-05T22:46:15","date_gmt":"2026-02-05T22:46:15","guid":{"rendered":"https:\/\/www.europesays.com\/pl\/244892\/"},"modified":"2026-02-05T22:46:15","modified_gmt":"2026-02-05T22:46:15","slug":"michel-moran-uszkodzil-sobie-dlon-na-pewno-bede-mniej-aktywny","status":"publish","type":"post","link":"https:\/\/www.europesays.com\/pl\/244892\/","title":{"rendered":"Michel Moran uszkodzi\u0142 sobie d\u0142o\u0144. &#8222;Na pewno b\u0119d\u0119 mniej aktywny&#8221;"},"content":{"rendered":"<p class=\"ods-c-paragraph \">Cho\u0107 <a href=\"https:\/\/plejada.pl\/temat\/michel-moran\/3ewpydb\" id=\"f2a2f672-032b-4d27-b34c-50f98306c6c8\" rel=\"nofollow noopener\" target=\"_blank\">Michel Moran<\/a> urodzi\u0142 si\u0119 w Pary\u017cu, a w jego \u017cy\u0142ach p\u0142ynie hiszpa\u0144ska krew, to w\u0142a\u015bnie Polska sta\u0142a si\u0119 jego domem. Restaurator zyska\u0142 najwi\u0119ksz\u0105 rozpoznawalno\u015b\u0107 dzi\u0119ki programom kulinarnym emitowanym przez stacj\u0119 TVN.<\/p>\n<p> Dalszy ci\u0105g artyku\u0142u pod materia\u0142em wideo    <\/p>\n<p> Co dok\u0142adnie si\u0119 sta\u0142o z d\u0142oni\u0105 Michela Morana? <\/p>\n<p> Jak Michel Moran komentuje sw\u00f3j uraz? <\/p>\n<p> Czy Michel Moran zrobi przerw\u0119 od pracy? <\/p>\n<p> Jakie wsparcie otrzyma\u0142 Michel Moran od innych os\u00f3b? <\/p>\n<p>  Michel Moran uszkodzi\u0142 sobie d\u0142o\u0144. Ju\u017c wiadomo, co dok\u0142adnie si\u0119 sta\u0142o<\/p>\n<p class=\"ods-c-paragraph \">Na instagramowym profilu Michela Morana pojawi\u0142o si\u0119 zdj\u0119cie uszkodzonej d\u0142oni, a widoczny opatrunek i stabilizuj\u0105ca szyna nie pozostawiaj\u0105 z\u0142udze\u0144, \u017ce uraz jest powa\u017cny. &#8222;Brak uwagi? Pech? Za p\u00f3\u017ano, \u017ceby zastanawia\u0107. Jestem za\u0142amany&#8221; \u2014 napisa\u0142 restaurator.<\/p>\n<p class=\"ods-c-paragraph \">Pod postem opublikowanym przez Morana pojawi\u0142a si\u0119 lawina komentarzy. S\u0142owa wsparcia sp\u0142yn\u0119\u0142y r\u00f3wnie\u017c od gwiazd, m.in. Rados\u0142awa Majdana, Anity Werner i Katarzyny Dziurskiej.<\/p>\n<p> <img decoding=\"async\" src=\"https:\/\/www.europesays.com\/pl\/wp-content\/uploads\/2026\/02\/AKIk9lBaHR0cHM6Ly9vY2RuLmV1L3B1bHNjbXMvTURBXy8yMGFkMzE2MWEwNWVhM2M5MzI3ZDZiYThkMjYyNGQyYi5wbmeSlQPNA.jpeg\" height=\"529\" width=\"940\" style=\"min-height:529px;\" alt=\"Michel Moran na Instagramie\" loading=\"lazy\" class=\"ods-c-image__img ods-c-image__img--viewport-width\"\/> <\/p>\n<p>Michel Moran na Instagramiehttps:\/\/www.instagram.com\/michelmoran_official\/<\/p>\n<p class=\"ods-c-paragraph \">Marta Wierzbicka spyta\u0142a w komentarzu Michela Morana o to, co si\u0119 sta\u0142o. &#8222;N\u00f3\u017c wygra\u0142 z palcem&#8221; \u2014 odpisa\u0142 kr\u00f3tko.<\/p>\n<p class=\"ods-c-paragraph \">W rozmowie z Plejad\u0105 restaurator ujawnia szczeg\u00f3\u0142y urazu i przyznaje, \u017ce b\u0119dzie musia\u0142 zrobi\u0107 sobie chwilow\u0105 przerw\u0119 od pracy.<\/p>\n<blockquote class=\"ods-o-quote\">\n<p class=\"ods-o-quote__paragraph\">Obci\u0105\u0142em sobie palec w kuchni i tyle. Kucharski wypadek, mo\u017cna powiedzie\u0107. Na pewno b\u0119d\u0119 mniej aktywny w kuchni przez nast\u0119pne dni i tygodnie, ale dalej b\u0119d\u0119 obecny w restauracji. B\u0119d\u0119 z kucharzami, \u017ceby zobaczy\u0107, co robi\u0105. Chocia\u017c oni wiedz\u0105, co robi\u0105 \u2014 nie martwi\u0119 si\u0119 o go\u015bci i restauracj\u0119, tylko bardziej o siebie, bo lubi\u0119 by\u0107 aktywny<\/p>\n<\/blockquote>\n<p class=\"ods-c-paragraph \">\u2014 t\u0142umaczy.<\/p>\n<p> <img decoding=\"async\" src=\"https:\/\/www.europesays.com\/pl\/wp-content\/uploads\/2026\/02\/Rz4k9lBaHR0cHM6Ly9vY2RuLmV1L3B1bHNjbXMvTURBXy9iNjQ1YmYyYjFkYTc4MThiNDdiNDc2NTkxODk2Y2Y1Ny5qcGeRlQLNA.jpeg\" height=\"529\" width=\"940\" style=\"min-height:529px;\" alt=\"Michel Moran\" loading=\"lazy\" class=\"ods-c-image__img ods-c-image__img--vertical\"\/> <\/p>\n<p>Michel MoranMWMEDIA SOPOT \/ MW Media<\/p>\n<p>  <img decoding=\"async\" src=\"https:\/\/www.europesays.com\/pl\/wp-content\/uploads\/2026\/02\/dL3k9lBaHR0cHM6Ly9vY2RuLmV1L3B1bHNjbXMvTURBXy85NTVmY2FkODhhZTM0MTNjOTMwNmIxZDU5NzllZDM1ZC5qcGeRlQLNA.jpeg\" height=\"529\" width=\"940\" style=\"min-height:529px;\" alt=\"Michel Moran\" loading=\"lazy\" class=\"ods-c-image__img ods-c-image__img--vertical\"\/> <\/p>\n<p>Michel MoranPawe\u0142 Wrzecion \/ AKPA<\/p>\n<p>  <img decoding=\"async\" src=\"https:\/\/www.europesays.com\/pl\/wp-content\/uploads\/2026\/02\/E9Yk9lBaHR0cHM6Ly9vY2RuLmV1L3B1bHNjbXMvTURBXy82YjcxN2JiMjI2YWNhZTNiNGUxZTJkODM0NjUxYmEzZC5qcGeRlQLNA.jpeg\" height=\"529\" width=\"940\" style=\"min-height:529px;\" alt=\"Michel Moran\" loading=\"lazy\" class=\"ods-c-image__img ods-c-image__img--vertical\"\/> <\/p>\n<p>Michel MoranMW Media<\/p>\n<p class=\"ods-c-paragraph \">Dzi\u0119kujemy, \u017ce przeczyta\u0142a\u015b\/e\u015b nasz artyku\u0142 do ko\u0144ca. W serwisie Plejada.pl ka\u017cdego dnia piszemy o najwa\u017cniejszych wydarzeniach show-biznesowych. B\u0105d\u017a na bie\u017c\u0105co! <a rel=\"nofollow noopener\" href=\"https:\/\/profile.google.com\/cp\/Cg0vZy8xMWJ6X19wdHBx\" id=\"aef682ad-64ba-4464-aa95-5d0f027f19d4\" target=\"_blank\">Obserwuj<\/a> Plejad\u0119 w Google. Odwied\u017a nas tak\u017ce na <a rel=\"nofollow noopener\" href=\"https:\/\/www.facebook.com\/plejadapl\" id=\"0a91e568-ee24-40dc-a271-312a9ffd5d49\" target=\"_blank\">Facebooku<\/a>, <a rel=\"nofollow noopener\" href=\"https:\/\/www.instagram.com\/plejadapl\/\" id=\"66025d28-926f-4490-9635-9f1fc501a4b6\" target=\"_blank\">Instagramie<\/a>, <a rel=\"nofollow noopener\" href=\"https:\/\/www.youtube.com\/c\/plejada\" id=\"22e227ca-f0bc-487a-a7bf-451a279179ee\" target=\"_blank\">YouTubie<\/a> oraz <a rel=\"nofollow noopener\" href=\"https:\/\/www.tiktok.com\/@plejada_pl\" id=\"6c8d4492-62a8-432c-8208-907e0caab8ed\" target=\"_blank\">TikToku<\/a>.<\/p>\n<p class=\"ods-c-paragraph \">Chcesz podzieli\u0107 si\u0119 ciekawym newsem lub zaproponowa\u0107 temat? Skontaktuj si\u0119 z nami, pisz\u0105c maila na adres: <a rel=\"nofollow noopener\" href=\"https:\/\/plejada.pl\/newsy\/michel-moran-uszkodzil-sobie-dlon-na-pewno-bede-mniej-aktywny\/mailto:plejada@redakcjaonet.pl\" id=\"36400523-a227-4be7-85d5-3c0f21c7b08a\" target=\"_blank\">plejada@redakcjaon<\/a><a href=\"https:\/\/et.pl\" id=\"f4c21d88-7618-4752-858f-bd4de22b8e22\" rel=\"nofollow noopener\" target=\"_blank\">et.pl<\/a>.<\/p>\n<p><script async src=\"\/\/www.instagram.com\/embed.js\"><\/script><script async src=\"\/\/www.tiktok.com\/embed.js\"><\/script><\/p>\n","protected":false},"excerpt":{"rendered":"Cho\u0107 Michel Moran urodzi\u0142 si\u0119 w Pary\u017cu, a w jego \u017cy\u0142ach p\u0142ynie hiszpa\u0144ska krew, to w\u0142a\u015bnie Polska sta\u0142a&hellip;\n","protected":false},"author":2,"featured_media":244893,"comment_status":"","ping_status":"","sticky":false,"template":"","format":"standard","meta":{"footnotes":"","_share_on_mastodon":"0"},"categories":[22],"tags":[122,42093,4094,4095,48,125,46,42,38,40,39,41,123,47,338,2588],"class_list":["post-244892","post","type-post","status-publish","format-standard","has-post-thumbnail","category-rozrywka","tag-entertainment","tag-float_tst0","tag-masterchef","tag-michel_moran","tag-nat_styl","tag-newsy","tag-omp","tag-pl","tag-poland","tag-polish","tag-polska","tag-polski","tag-rozrywka","tag-screening_general","tag-tylko_w_plejadzie","tag-wypadek"],"share_on_mastodon":{"url":"https:\/\/pubeurope.com\/@pl\/116020457191712499","error":""},"_links":{"self":[{"href":"https:\/\/www.europesays.com\/pl\/wp-json\/wp\/v2\/posts\/244892","targetHints":{"allow":["GET"]}}],"collection":[{"href":"https:\/\/www.europesays.com\/pl\/wp-json\/wp\/v2\/posts"}],"about":[{"href":"https:\/\/www.europesays.com\/pl\/wp-json\/wp\/v2\/types\/post"}],"author":[{"embeddable":true,"href":"https:\/\/www.europesays.com\/pl\/wp-json\/wp\/v2\/users\/2"}],"replies":[{"embeddable":true,"href":"https:\/\/www.europesays.com\/pl\/wp-json\/wp\/v2\/comments?post=244892"}],"version-history":[{"count":0,"href":"https:\/\/www.europesays.com\/pl\/wp-json\/wp\/v2\/posts\/244892\/revisions"}],"wp:featuredmedia":[{"embeddable":true,"href":"https:\/\/www.europesays.com\/pl\/wp-json\/wp\/v2\/media\/244893"}],"wp:attachment":[{"href":"https:\/\/www.europesays.com\/pl\/wp-json\/wp\/v2\/media?parent=244892"}],"wp:term":[{"taxonomy":"category","embeddable":true,"href":"https:\/\/www.europesays.com\/pl\/wp-json\/wp\/v2\/categories?post=244892"},{"taxonomy":"post_tag","embeddable":true,"href":"https:\/\/www.europesays.com\/pl\/wp-json\/wp\/v2\/tags?post=244892"}],"curies":[{"name":"wp","href":"https:\/\/api.w.org\/{rel}","templated":true}]}}