{"id":24502,"date":"2025-09-30T17:42:07","date_gmt":"2025-09-30T17:42:07","guid":{"rendered":"https:\/\/www.europesays.com\/pl\/24502\/"},"modified":"2025-09-30T17:42:07","modified_gmt":"2025-09-30T17:42:07","slug":"andrzej-lebiediew-sie-wygadal-bedzie-jezdzil-razem-z-maksymilianem-pawelczakiem-przeglad-sportowy-onet","status":"publish","type":"post","link":"https:\/\/www.europesays.com\/pl\/24502\/","title":{"rendered":"Andrzej Lebiediew si\u0119 wygada\u0142. B\u0119dzie je\u017adzi\u0142 razem z Maksymilianem Pawe\u0142czakiem &#8211; Przegl\u0105d Sportowy Onet"},"content":{"rendered":"<ol>\n<li><a href=\"https:\/\/news.google.com\/rss\/articles\/CBMi0wFBVV95cUxPa29LTzhTWkJRN1ljOElYTXNadjhCV3dQUXdYcmRUWWptaS0yem9wdEtkZXJxVHRnWjhGY0s0M29BR3ZQQkZYdzFfV04taE1tcVJOSlcyNlF4SEtHeXhmZ1N1Vlh0V2RlRWQyN3lCaUdUenIzTUtXdVAxMkVjV3BZdEdub1hkY2hhMzNyV1ZsRFk4Y2ZpLWR0Mi1fWVVsUXhWZTFKZzN0OW9OZ1VXMnZUZ1lWV3prcFVueVdCNGdVZVhHSFlZMGROd2hzZ29OSGhkaHRJ?oc=5\" target=\"_blank\" rel=\"nofollow noopener\">Andrzej Lebiediew si\u0119 wygada\u0142. B\u0119dzie je\u017adzi\u0142 razem z Maksymilianem Pawe\u0142czakiem<\/a>&nbsp;&nbsp;Przegl\u0105d Sportowy Onet<\/li>\n<li><a href=\"https:\/\/news.google.com\/rss\/articles\/CBMivwFBVV95cUxNenRFUWdVcFF0SV9DNXFETFZWVmNBWG5jaXgtMUhlekY2alZGNEU5S3ZTTUNuN3l5SkF1ZmxFVXlrVnhrd2dmcTlPU2V6Nkh4Z3RGZGlHQVFoUk5WajUwU2ZpVXFkeEhWUVdqLXloem0xZFFXR19iNGt1NUtBV3V0WFhMVkJUSG5mZXBLVUphbVJXQ0xVaklYSmE0eTVjbWxyTGFrN2ZjVm00UEcyYVNhWF96ZzdRVzJiZEFZdGxuNA?oc=5\" target=\"_blank\" rel=\"nofollow noopener\">\u017bu\u017cel. By\u0142o blisko wielkiego skandalu. &#8222;Tu\u017c przed meczem wszcz\u0119to procedur\u0119 alarmow\u0105&#8221;<\/a>&nbsp;&nbsp;SportoweFakty<\/li>\n<li><a href=\"https:\/\/news.google.com\/rss\/articles\/CBMivAFBVV95cUxOcjR2VGNhMXNUS1V3NHZUSUdPcHlJZ0VOcjBhdDlKMFl4RDBwVmlBWVN3MFRHX2tXbzlnVkV2TkwtVkxoN3A2Sl8xZXpaVEZMZG1nRDBYQ3diY0JUQl9YVURJQzdzdUFOZjBtMFZ0UzYxSE15UkJoWlhfM0lPWk81aEswdm5iNWNNQWFLVXdXWUpVb0w0ZTRDeTFaTEZWVjMzV25EQ1FzZ2ZqcFBOUDJsc0ZDX1phZFRlRmFuaA?oc=5\" target=\"_blank\" rel=\"nofollow noopener\">Sceny w Bydgoszczy, wszystko dzi\u0119ki 16-latkowi. Lebiediew zwija\u0142 si\u0119 z b\u00f3lu<\/a>&nbsp;&nbsp;Sport Interia<\/li>\n<li><a href=\"https:\/\/news.google.com\/rss\/articles\/CBMiwAFBVV95cUxOM0VKS2FmMzdxOE8wZlFuS1UwX2IzLXQ2ZVhScHRkMDZvS2J2emVkTndHYVZmV3lFdFpwcFBnZFFyczF2ZWNEaTZTV1hmdkQ2VGF0bTdqNl9qdUQ5Z2Zuakd3dVVKRUxNbmJoWmVJVThwdUNOUlpuSjQxamVmdmcwYkg1eDRxS2hVTy1sZWp0d2ZUcm1RbUZod0ZwQktNcVNsb2lNZGtfTExhOGJFdVptcWpWeXluZ3FnUnlhZDFtRFA?oc=5\" target=\"_blank\" rel=\"nofollow noopener\">Genialny 16-letni \u017cu\u017clowiec z Bydgoszczy pokaza\u0142 klas\u0119. Ale Polonia zbudowa\u0142a niewielk\u0105 przewag\u0119 nad Stal\u0105 Gorz\u00f3w<\/a>&nbsp;&nbsp;Bydgoszcz.Wyborcza.pl<\/li>\n<li><a href=\"https:\/\/news.google.com\/rss\/articles\/CBMiiAFBVV95cUxQR25OUzRKajdoVVk4ZVhLQnFVMldEOHF6WkRIeEFWQjFfWEFLU1h0dFJSblJlcHdLZFlQUmNwcXZ6WG40bDJmWDV0alBZUFluNjJOOEIzOUtTbHExeHpxQk9JbTNmb3EzR00xV0hibS1tQ3FXVV9rTEFoTGhmUWFiMDI0MnVUQVRH?oc=5\" target=\"_blank\" rel=\"nofollow noopener\">Bydgoszcz &#8211; Gorz\u00f3w Wielkopolski<\/a>&nbsp;&nbsp;CANAL+<\/li>\n<\/ol>\n","protected":false},"excerpt":{"rendered":"Andrzej Lebiediew si\u0119 wygada\u0142. B\u0119dzie je\u017adzi\u0142 razem z Maksymilianem Pawe\u0142czakiem&nbsp;&nbsp;Przegl\u0105d Sportowy Onet \u017bu\u017cel. By\u0142o blisko wielkiego skandalu. &#8222;Tu\u017c&hellip;\n","protected":false},"author":2,"featured_media":24503,"comment_status":"","ping_status":"","sticky":false,"template":"","format":"standard","meta":{"footnotes":"","_share_on_mastodon":"0"},"categories":[24],"tags":[4569,173,67,7605,175,42,38,40,1296,39,41,136,128,47,127,135,126,3050,174],"class_list":["post-24502","post","type-post","status-publish","format-standard","has-post-thumbnail","category-sport","tag-andrzej_lebiediew","tag-ekstraliga","tag-intextvideo_splayer","tag-maksymilian_pawelczak","tag-pge_ekstraliga","tag-pl","tag-poland","tag-polish","tag-polonia_bydgoszcz","tag-polska","tag-polski","tag-ps_detal_new","tag-psv2","tag-screening_general","tag-sport","tag-sport_sport","tag-sports","tag-stal_gorzow_wielkopolski","tag-zuzel"],"share_on_mastodon":{"url":"","error":""},"_links":{"self":[{"href":"https:\/\/www.europesays.com\/pl\/wp-json\/wp\/v2\/posts\/24502","targetHints":{"allow":["GET"]}}],"collection":[{"href":"https:\/\/www.europesays.com\/pl\/wp-json\/wp\/v2\/posts"}],"about":[{"href":"https:\/\/www.europesays.com\/pl\/wp-json\/wp\/v2\/types\/post"}],"author":[{"embeddable":true,"href":"https:\/\/www.europesays.com\/pl\/wp-json\/wp\/v2\/users\/2"}],"replies":[{"embeddable":true,"href":"https:\/\/www.europesays.com\/pl\/wp-json\/wp\/v2\/comments?post=24502"}],"version-history":[{"count":0,"href":"https:\/\/www.europesays.com\/pl\/wp-json\/wp\/v2\/posts\/24502\/revisions"}],"wp:featuredmedia":[{"embeddable":true,"href":"https:\/\/www.europesays.com\/pl\/wp-json\/wp\/v2\/media\/24503"}],"wp:attachment":[{"href":"https:\/\/www.europesays.com\/pl\/wp-json\/wp\/v2\/media?parent=24502"}],"wp:term":[{"taxonomy":"category","embeddable":true,"href":"https:\/\/www.europesays.com\/pl\/wp-json\/wp\/v2\/categories?post=24502"},{"taxonomy":"post_tag","embeddable":true,"href":"https:\/\/www.europesays.com\/pl\/wp-json\/wp\/v2\/tags?post=24502"}],"curies":[{"name":"wp","href":"https:\/\/api.w.org\/{rel}","templated":true}]}}