{"id":245213,"date":"2026-02-06T05:48:13","date_gmt":"2026-02-06T05:48:13","guid":{"rendered":"https:\/\/www.europesays.com\/pl\/245213\/"},"modified":"2026-02-06T05:48:13","modified_gmt":"2026-02-06T05:48:13","slug":"wiemy-co-stalo-sie-michelowi-moranowi-bedzie-musial-zrobic-przerwe-od-pracy-onet","status":"publish","type":"post","link":"https:\/\/www.europesays.com\/pl\/245213\/","title":{"rendered":"Wiemy, co sta\u0142o si\u0119 Michelowi Moranowi. B\u0119dzie musia\u0142 zrobi\u0107 przerw\u0119 od pracy &#8211; Onet"},"content":{"rendered":"<ol>\n<li><a href=\"https:\/\/news.google.com\/rss\/articles\/CBMiuAFBVV95cUxNOFBnYjR0V0RoSTB5bndHVkVnYjlBb3cyWW4ta09kTkxkRmd0R3NRMEdnZzluMmFWcVJzXzhOTXV5MVQtOTBZTmlMSnhlVXh2bU16b3BWVFZFSlRxNWNOSlFXbU84aTBNd0RzajMxTU56eEk4ejAwVGQtSDh3SXQ5U25iQ0ViZ1ZVcFVpZnZuU0FwbXJYWUFrMm5VcU5pSk53dEZFS1YtSFY5OXFxN3VhT1RIV3FCNUZp?oc=5\" target=\"_blank\" rel=\"nofollow noopener\">Wiemy, co sta\u0142o si\u0119 Michelowi Moranowi. B\u0119dzie musia\u0142 zrobi\u0107 przerw\u0119 od pracy<\/a>&nbsp;&nbsp;Onet<\/li>\n<li><a href=\"https:\/\/news.google.com\/rss\/articles\/CBMiqgFBVV95cUxQeW9Cc3FaanIzbEhPNlM2LUQtVXp4aWRzWG1rZ2UzTWRIX0UwTUdoaXdjR1E3aUNCTlNtS0QtbUxCTElvUFNSaHlUdC1IaEhLVU1ZeTlNdE9HMU1uZEd2REdqckVkdnYyeE9kdkFRcHo5VmVuX1A5dFlrRnhZZ1ZtVWVQWk1IcXNQM0hSQlM1ZnJyVXAwcDdIUDBqX01wdE85UGJ1WG10aDZhQQ?oc=5\" target=\"_blank\" rel=\"nofollow noopener\">Michel Moran powa\u017cnie kontuzjowany. Czy uraz wp\u0142ynie na jego karier\u0119?<\/a>&nbsp;&nbsp;TVN.pl<\/li>\n<li><a href=\"https:\/\/news.google.com\/rss\/articles\/CBMitAFBVV95cUxNT0hzbW1CS1RYZ0dHLUQyVHhjZXoxTExfbE1OVnBRdm1aTTluRW5hbGpHVkpoczRMYkRITkE2QnNSMFU5R0VuaTBoSFN6V2xYdUJWLWlBYnBHV3Z6eU40R1VzZy1UVlBlOHBLdDVUeGhyYTNsUHUyYnNGUjJ1N1IyMHdEbkhmMVZwd2NWbDFSLXlhak9UQ05yWEo5TTZESVdlRUV4WG1nUlZCSDRRUEFmdjlfQljSAbMBQVVfeXFMT1gxQnlYUEtsVEtYZE5xWEZIVTc3dzg2OHVsaWU3bUlzMml0dFdlOVlxNkV0MzZQaFhDU0hFOUtUUzZLc2FnR3JoS0wtT1BEMm81YTN4QVdNOVJYN2I4NjVUOW1LTzE2T1hNaHRBU2wzVlhYbXotd2QtcklJWFNkcWRhMnd6WWJfdWNVb09PNjRSMGNSNVBzeXlwZXNDalRudXNDUnZoZkR0a1NmTVF4NTlIVms?oc=5\" target=\"_blank\" rel=\"nofollow noopener\">Dramatyczne chwile jurora \u201eMasterChefa\u201d. Michel Moran mia\u0142 wypadek<\/a>&nbsp;&nbsp;RMF FM<\/li>\n<li><a href=\"https:\/\/news.google.com\/rss\/articles\/CBMiuwFBVV95cUxOVWdFXzJNVDRDaUNpM2k3U19rS1U4UXNNdkJScm9kLTFvREJQLTVnMFBDV0s3R3BSakZnMjh3MTVoZ1J1WHBTbkJDRHJkb29Mel91THdGajJEc0RuZVlXTjFtWnhDMDVmaE91REZ2Z3NSQktCbWZhcU9uQWxCV0ZsTWIxblRGQWRrZk9HeVRFZldoM2Y3bE1GUXMzSFd3RXBUWXRCdWFJNGw2T2ZvMjg0S3ItakNtMHNTN2l3?oc=5\" target=\"_blank\" rel=\"nofollow noopener\">Co si\u0119 sta\u0142o Michelowi Moranowi? Juror &#8222;MasterChefa&#8221; ujawni\u0142 szczeg\u00f3\u0142y urazu<\/a>&nbsp;&nbsp;Plotek.pl<\/li>\n<li><a href=\"https:\/\/news.google.com\/rss\/articles\/CBMitwFBVV95cUxNWEY0V2s4QTAzenAtVklITWdOVFVuU1Blb2RSajJJdXlGdzFaU1l3RTk0a0kxanhIa3JHbVk0Q01DNUJIMGR1WFQwZmJtMVg1N09zSlJDdjkwcU1tX0pwdHBFMTQzcHNRb0pNbFd2S1RBa05lTFdLTllYNDlYNTlpTXBYandDZ2t6NlpSMzg2a1VsbkZ2a2hoMk8zYXN2Ykh5bmhMMmhYMU5tS1dMZUNqYnRueEV2QXc?oc=5\" target=\"_blank\" rel=\"nofollow noopener\">Michel Moran og\u0142osi\u0142 niepokoj\u0105ce wie\u015bci. &#8222;Ju\u017c za p\u00f3\u017ano, by si\u0119 zastanawia\u0107&#8221;<\/a>&nbsp;&nbsp;Pomponik.pl<\/li>\n<\/ol>\n","protected":false},"excerpt":{"rendered":"Wiemy, co sta\u0142o si\u0119 Michelowi Moranowi. B\u0119dzie musia\u0142 zrobi\u0107 przerw\u0119 od pracy&nbsp;&nbsp;Onet Michel Moran powa\u017cnie kontuzjowany. Czy uraz&hellip;\n","protected":false},"author":2,"featured_media":245214,"comment_status":"","ping_status":"","sticky":false,"template":"","format":"standard","meta":{"footnotes":"","_share_on_mastodon":"0"},"categories":[22],"tags":[122,67,4094,4095,53,52,68,51,55,42,38,40,39,41,123,47,196,341,338,65,50,2588],"class_list":["post-245213","post","type-post","status-publish","format-standard","has-post-thumbnail","category-rozrywka","tag-entertainment","tag-intextvideo_splayer","tag-masterchef","tag-michel_moran","tag-new_header","tag-onet3","tag-onet3d","tag-onet3d_2i","tag-phx","tag-pl","tag-poland","tag-polish","tag-polska","tag-polski","tag-rozrywka","tag-screening_general","tag-styl_zycia","tag-tylko_w_onecie","tag-tylko_w_plejadzie","tag-update_me","tag-v2021","tag-wypadek"],"share_on_mastodon":{"url":"https:\/\/pubeurope.com\/@pl\/116022116494124713","error":""},"_links":{"self":[{"href":"https:\/\/www.europesays.com\/pl\/wp-json\/wp\/v2\/posts\/245213","targetHints":{"allow":["GET"]}}],"collection":[{"href":"https:\/\/www.europesays.com\/pl\/wp-json\/wp\/v2\/posts"}],"about":[{"href":"https:\/\/www.europesays.com\/pl\/wp-json\/wp\/v2\/types\/post"}],"author":[{"embeddable":true,"href":"https:\/\/www.europesays.com\/pl\/wp-json\/wp\/v2\/users\/2"}],"replies":[{"embeddable":true,"href":"https:\/\/www.europesays.com\/pl\/wp-json\/wp\/v2\/comments?post=245213"}],"version-history":[{"count":0,"href":"https:\/\/www.europesays.com\/pl\/wp-json\/wp\/v2\/posts\/245213\/revisions"}],"wp:featuredmedia":[{"embeddable":true,"href":"https:\/\/www.europesays.com\/pl\/wp-json\/wp\/v2\/media\/245214"}],"wp:attachment":[{"href":"https:\/\/www.europesays.com\/pl\/wp-json\/wp\/v2\/media?parent=245213"}],"wp:term":[{"taxonomy":"category","embeddable":true,"href":"https:\/\/www.europesays.com\/pl\/wp-json\/wp\/v2\/categories?post=245213"},{"taxonomy":"post_tag","embeddable":true,"href":"https:\/\/www.europesays.com\/pl\/wp-json\/wp\/v2\/tags?post=245213"}],"curies":[{"name":"wp","href":"https:\/\/api.w.org\/{rel}","templated":true}]}}