{"id":245235,"date":"2026-02-06T06:07:14","date_gmt":"2026-02-06T06:07:14","guid":{"rendered":"https:\/\/www.europesays.com\/pl\/245235\/"},"modified":"2026-02-06T06:07:14","modified_gmt":"2026-02-06T06:07:14","slug":"zima-zostanie-tylko-w-jednym-regionie-pogoda-w-piatek-calkowicie-sie-odwroci","status":"publish","type":"post","link":"https:\/\/www.europesays.com\/pl\/245235\/","title":{"rendered":"Zima zostanie tylko w jednym regionie. Pogoda w pi\u0105tek ca\u0142kowicie si\u0119 odwr\u00f3ci"},"content":{"rendered":"<p class=\"Paragraph_desktopParagraph__U31Gm\">Poranek przywita nas chmurami, mg\u0142ami i s\u0142abymi <a href=\"https:\/\/wiadomosci.onet.pl\/deszcz\" id=\"c6598f25-431b-4b68-8954-932d91fe3970\" rel=\"nofollow noopener\" target=\"_blank\">opadami deszczu<\/a> lub m\u017cawki. Miejscami b\u0119d\u0105 one marzn\u0105ce i nadal mog\u0105 powodowa\u0107 go\u0142oled\u017a. Poza po\u0142udniow\u0105 Polsk\u0105, gdzie temperatura przekroczy ju\u017c 0 st. C, utrzyma si\u0119 lekki mr\u00f3z.<\/p>\n<p>Zima zostanie tylko w jednym regionie. Pogoda w pi\u0105tek ca\u0142kowicie si\u0119 odwr\u00f3ci <\/p>\n<p class=\"Paragraph_desktopParagraph__U31Gm\">Dalsza cz\u0119\u015b\u0107 dnia to kontynuacja <a href=\"https:\/\/wiadomosci.onet.pl\/pogoda\" id=\"90363425-a0ce-4b02-8a27-e348a2c6d349\" rel=\"nofollow noopener\" target=\"_blank\">pogody<\/a> niczym w \u015brodku jesieni. B\u0119dzie mn\u00f3stwo chmur, nie zabraknie zamgle\u0144 oraz niewielkiego deszczu albo m\u017cawki (mo\u017cliwe opady marzn\u0105ce). Na p\u00f3\u0142nocnym wschodzie z up\u0142ywem godzin zaczn\u0105 one przechodzi\u0107 w deszcz ze \u015bniegiem i \u015bnieg. Szansa na s\u0142o\u0144ce ograniczy si\u0119 do region\u00f3w po\u0142udniowych.<\/p>\n<p><img decoding=\"async\" class=\"Image_image__0tuHp Image_autoHeight__f2n87 \" height=\"1142\" width=\"940\" src=\"https:\/\/www.europesays.com\/pl\/wp-content\/uploads\/2026\/02\/Kvsk9kpTURBXy8zODAyZTA5N2I3OTU2ZGU2MDZhZWQxMGI1OTZmY2YxOS5wbmeRlQLNA6wAwsPeAAOhMAGhMQGhM8M.jpeg\" alt=\"Na po\u0142udniu temperatura si\u0119gnie prawie 10 st. C\" loading=\"lazy\" \/>Arkadiusz P\u0142achta \/ Onet<\/p>\n<p>Na po\u0142udniu temperatura si\u0119gnie prawie 10 st. C<\/p>\n<p class=\"Paragraph_desktopParagraph__U31Gm\">Bardzo podobne prognozy mamy na noc z pi\u0105tku na sobot\u0119. Przewidujemy ca\u0142kowite zachmurzenie, a troch\u0119 przeja\u015bnie\u0144 pojawi si\u0119 tylko na Pog\u00f3rzu Karpackim. Nie ust\u0105pi\u0105 tak\u017ce opady: na Warmii, Mazurach i Podlasiu <a href=\"https:\/\/wiadomosci.onet.pl\/snieg\" id=\"d79cbcd5-fe70-4719-b882-1408533711b4\" rel=\"nofollow noopener\" target=\"_blank\">\u015bniegu<\/a>, od Pomorza po Kujawy i Mazowsze zar\u00f3wno deszczu, jak i \u015bniegu, poza tym deszczu. W dalszym ci\u0105gu istnieje ryzyko wyst\u0105pienia opad\u00f3w marzn\u0105cych.<\/p>\n<p class=\"VideoPlayerText_videoPlayerText__iDwyz\">Dalszy ci\u0105g materia\u0142u pod wideo<\/p>\n<p class=\"Paragraph_desktopParagraph__U31Gm\">W pi\u0105tek Polska do\u015bwiadczy kulminacji ciep\u0142ej pogody. Na wschodzie Ma\u0142opolski i Przedg\u00f3rzu Sudeckim b\u0119dzie nawet 7-9 st. C. W g\u0142\u0119bi kraju odnotujemy 1-4 st. C. Tylko na Suwalszczy\u017anie utrzyma si\u0119 mr\u00f3z do -2 st. C. Natomiast w nocy s\u0142upki rt\u0119ci poka\u017c\u0105 od -5 st. C na p\u00f3\u0142nocnym wschodzie do ok. 0 st. C w pozosta\u0142ych regionach.<\/p>\n<ul class=\"OchatFollowUps_wrapper__1ry7X\">\n<li class=\"OchatFollowUps_item__Dhyly OchatFollowUps_itemDesktop__R6aBv\">Jakie temperatury b\u0119d\u0105 w pi\u0105tek w Ma\u0142opolsce?<\/li>\n<li class=\"OchatFollowUps_item__Dhyly OchatFollowUps_itemDesktop__R6aBv\">Gdzie utrzyma si\u0119 mr\u00f3z w pi\u0105tek?<\/li>\n<li class=\"OchatFollowUps_item__Dhyly OchatFollowUps_itemDesktop__R6aBv\">Czy w pi\u0105tek b\u0119dzie pada\u0107 deszcz?<\/li>\n<li class=\"OchatFollowUps_item__Dhyly OchatFollowUps_itemDesktop__R6aBv\">Jakie b\u0119d\u0105 warunki biometeorologiczne w Polsce w pi\u0105tek?<\/li>\n<\/ul>\n<p><img decoding=\"async\" class=\"Image_image__0tuHp Image_autoHeight__f2n87 \" height=\"524\" width=\"750\" src=\"https:\/\/www.europesays.com\/pl\/wp-content\/uploads\/2026\/02\/9Gmk9kpTURBXy80OTYwYWEzZjAzODRlYzUyYjRhNWY2NzBkZGM2NTQwOS5wbmeRlQLNA6wAwsPeAAOhMAGhMQGhM8M.jpeg\" alt=\"Pi\u0105tek w wi\u0119kszo\u015bci kraju b\u0119dzie cieplejszy ni\u017c zwykle, zw\u0142aszcza na po\u0142udniu\" loading=\"lazy\" \/>wxcharts<\/p>\n<p>Pi\u0105tek w wi\u0119kszo\u015bci kraju b\u0119dzie cieplejszy ni\u017c zwykle, zw\u0142aszcza na po\u0142udniu<\/p>\n<p class=\"Paragraph_desktopParagraph__U31Gm\">Wiatr powieje s\u0142abo i umiarkowanie, z kierunk\u00f3w wschodnich, w g\u00f3rach r\u00f3wnie\u017c z po\u0142udniowych. Warunki biometeorologiczne w ca\u0142ej Polsce b\u0119d\u0105 niekorzystne. Dominowa\u0107 ma jednocze\u015bnie odczucie ch\u0142odu i zimna, jedynie na po\u0142udniu w pe\u0142ni dnia zrobi si\u0119 nam komfortowo. Ze wzgl\u0119du na ryzyko go\u0142oledzi, zw\u0142aszcza na p\u00f3\u0142nocy i p\u00f3\u0142nocnym wschodzie, apelujemy o zachowanie ostro\u017cno\u015bci na drogach i chodnikach.<\/p>\n","protected":false},"excerpt":{"rendered":"Poranek przywita nas chmurami, mg\u0142ami i s\u0142abymi opadami deszczu lub m\u017cawki. Miejscami b\u0119d\u0105 one marzn\u0105ce i nadal mog\u0105&hellip;\n","protected":false},"author":2,"featured_media":245236,"comment_status":"","ping_status":"","sticky":false,"template":"","format":"standard","meta":{"footnotes":"","_share_on_mastodon":"0"},"categories":[5],"tags":[32,33,244,169,36,37,23120,27,67,34,35,28,31,53,25,52,68,51,55,42,78,38,40,39,41,47,7312,29,30,65,50,26],"class_list":["post-245235","post","type-post","status-publish","format-standard","has-post-thumbnail","category-naglowki","tag-breaking-news","tag-breakingnews","tag-ctr_tst","tag-deszcz","tag-featured-news","tag-featurednews","tag-gololedz","tag-headlines","tag-intextvideo_splayer","tag-latest-news","tag-latestnews","tag-naglowki","tag-najwazniejsze-artykuly","tag-new_header","tag-news","tag-onet3","tag-onet3d","tag-onet3d_2i","tag-phx","tag-pl","tag-pogoda","tag-poland","tag-polish","tag-polska","tag-polski","tag-screening_general","tag-snieg","tag-top-stories","tag-topstories","tag-update_me","tag-v2021","tag-wiadomosci"],"share_on_mastodon":{"url":"https:\/\/pubeurope.com\/@pl\/116022191562494376","error":""},"_links":{"self":[{"href":"https:\/\/www.europesays.com\/pl\/wp-json\/wp\/v2\/posts\/245235","targetHints":{"allow":["GET"]}}],"collection":[{"href":"https:\/\/www.europesays.com\/pl\/wp-json\/wp\/v2\/posts"}],"about":[{"href":"https:\/\/www.europesays.com\/pl\/wp-json\/wp\/v2\/types\/post"}],"author":[{"embeddable":true,"href":"https:\/\/www.europesays.com\/pl\/wp-json\/wp\/v2\/users\/2"}],"replies":[{"embeddable":true,"href":"https:\/\/www.europesays.com\/pl\/wp-json\/wp\/v2\/comments?post=245235"}],"version-history":[{"count":0,"href":"https:\/\/www.europesays.com\/pl\/wp-json\/wp\/v2\/posts\/245235\/revisions"}],"wp:featuredmedia":[{"embeddable":true,"href":"https:\/\/www.europesays.com\/pl\/wp-json\/wp\/v2\/media\/245236"}],"wp:attachment":[{"href":"https:\/\/www.europesays.com\/pl\/wp-json\/wp\/v2\/media?parent=245235"}],"wp:term":[{"taxonomy":"category","embeddable":true,"href":"https:\/\/www.europesays.com\/pl\/wp-json\/wp\/v2\/categories?post=245235"},{"taxonomy":"post_tag","embeddable":true,"href":"https:\/\/www.europesays.com\/pl\/wp-json\/wp\/v2\/tags?post=245235"}],"curies":[{"name":"wp","href":"https:\/\/api.w.org\/{rel}","templated":true}]}}