{"id":245367,"date":"2026-02-06T07:56:09","date_gmt":"2026-02-06T07:56:09","guid":{"rendered":"https:\/\/www.europesays.com\/pl\/245367\/"},"modified":"2026-02-06T07:56:09","modified_gmt":"2026-02-06T07:56:09","slug":"znana-platforma-zakupowa-na-celowniku-francja-chce-zawieszenia-sprzedazy","status":"publish","type":"post","link":"https:\/\/www.europesays.com\/pl\/245367\/","title":{"rendered":"Znana platforma zakupowa na celowniku. Francja chce zawieszenia sprzeda\u017cy"},"content":{"rendered":"<p class=\"ods-c-paragraph \">Prawnicy reprezentuj\u0105cy w\u0142adze zwr\u00f3cili si\u0119 do s\u0105du, by nakaza\u0142 platformie powr\u00f3t do sytuacji, kt\u00f3ra istnia\u0142a mi\u0119dzy pocz\u0105tkiem listopada a ko\u0144cem grudnia 2025 r. W\u00f3wczas dzia\u0142alno\u015b\u0107 platformy ogranicza\u0142a si\u0119 do sprzeda\u017cy odzie\u017cy pod mark\u0105 Shein.<\/p>\n<p> Dalszy ci\u0105g artyku\u0142u pod materia\u0142em wideo    <\/p>\n<p> Dlaczego rz\u0105d Francji chce zawieszenia sprzeda\u017cy platformy Shein? <\/p>\n<p> Jak d\u0142ugo mia\u0142yby obowi\u0105zywa\u0107 ograniczenia sprzeda\u017cy na Shein? <\/p>\n<p> Co mia\u0142oby si\u0119 sta\u0107, je\u015bli s\u0105d odrzuci wniosek o zawieszenie dzia\u0142alno\u015bci marketplace\u2019u? <\/p>\n<p> Kiedy zapadnie wyrok s\u0105du apelacyjnego w sprawie Shein? <\/p>\n<p>  Francja walczy z platform\u0105 Shein<\/p>\n<p class=\"ods-c-paragraph \">Zgodnie z \u017c\u0105daniami przedstawionymi w czwartek takie ograniczenia mia\u0142yby obowi\u0105zywa\u0107 przez trzy miesi\u0105ce. Kontrol\u0119 nad ich przestrzeganiem sprawowa\u0142by pa\u0144stwowy regulator internetu \u2014 urz\u0105d Arcom.<\/p>\n<p class=\"ods-c-paragraph \">Rz\u0105d chce r\u00f3wnie\u017c, by s\u0105d nakaza\u0142 platformie zastosowanie skutecznych \u015brodk\u00f3w kontroli, kt\u00f3re zapobieg\u0142yby ponownej sprzeda\u017cy nielegalnych produkt\u00f3w. W razie odrzucenia wniosku o zawieszenie dzia\u0142alno\u015bci marketplace\u2019u w\u0142adze proponuj\u0105 &#8222;zamrozi\u0107&#8221; platform\u0119, tzn. nie dopuszcza\u0107 ju\u017c do niej nowych producent\u00f3w.<\/p>\n<p class=\"ods-c-paragraph \">W zesz\u0142ym roku Shein zawiesi\u0142 sprzeda\u017c towar\u00f3w pochodz\u0105cych od innych producent\u00f3w po ujawnieniu, \u017ce za po\u015brednictwem platformy oferowane by\u0142y lalki erotyczne o wygl\u0105dzie dzieci.<\/p>\n<p class=\"ods-c-paragraph \">W\u0142adze zwr\u00f3ci\u0142y si\u0119 w\u00f3wczas o zawieszenie strony internetowej Shein na trzy miesi\u0105ce. S\u0105d pierwszej instancji odrzuci\u0142 ten wniosek, uznaj\u0105c, \u017ce kara by\u0142aby nieproporcjonalna. Od pocz\u0105tku stycznia br. platforma stopniowo poszerza\u0142a sw\u0105 ofert\u0119 o inne produkty poza odzie\u017c\u0105. S\u0105d apelacyjny wyda wyrok 19 marca 2026 r.<\/p>\n","protected":false},"excerpt":{"rendered":"Prawnicy reprezentuj\u0105cy w\u0142adze zwr\u00f3cili si\u0119 do s\u0105du, by nakaza\u0142 platformie powr\u00f3t do sytuacji, kt\u00f3ra istnia\u0142a mi\u0119dzy pocz\u0105tkiem listopada&hellip;\n","protected":false},"author":2,"featured_media":245368,"comment_status":"","ping_status":"","sticky":false,"template":"","format":"standard","meta":{"footnotes":"","_share_on_mastodon":"0"},"categories":[16],"tags":[113,112,85,96,48,46,42,38,40,39,41,47,8266,80,43583],"class_list":["post-245367","post","type-post","status-publish","format-standard","has-post-thumbnail","category-biznes","tag-biznes","tag-business","tag-chiny","tag-francja","tag-nat_styl","tag-omp","tag-pl","tag-poland","tag-polish","tag-polska","tag-polski","tag-screening_general","tag-shein","tag-swiat","tag-zakupy_online"],"share_on_mastodon":{"url":"https:\/\/pubeurope.com\/@pl\/116022619951740953","error":""},"_links":{"self":[{"href":"https:\/\/www.europesays.com\/pl\/wp-json\/wp\/v2\/posts\/245367","targetHints":{"allow":["GET"]}}],"collection":[{"href":"https:\/\/www.europesays.com\/pl\/wp-json\/wp\/v2\/posts"}],"about":[{"href":"https:\/\/www.europesays.com\/pl\/wp-json\/wp\/v2\/types\/post"}],"author":[{"embeddable":true,"href":"https:\/\/www.europesays.com\/pl\/wp-json\/wp\/v2\/users\/2"}],"replies":[{"embeddable":true,"href":"https:\/\/www.europesays.com\/pl\/wp-json\/wp\/v2\/comments?post=245367"}],"version-history":[{"count":0,"href":"https:\/\/www.europesays.com\/pl\/wp-json\/wp\/v2\/posts\/245367\/revisions"}],"wp:featuredmedia":[{"embeddable":true,"href":"https:\/\/www.europesays.com\/pl\/wp-json\/wp\/v2\/media\/245368"}],"wp:attachment":[{"href":"https:\/\/www.europesays.com\/pl\/wp-json\/wp\/v2\/media?parent=245367"}],"wp:term":[{"taxonomy":"category","embeddable":true,"href":"https:\/\/www.europesays.com\/pl\/wp-json\/wp\/v2\/categories?post=245367"},{"taxonomy":"post_tag","embeddable":true,"href":"https:\/\/www.europesays.com\/pl\/wp-json\/wp\/v2\/tags?post=245367"}],"curies":[{"name":"wp","href":"https:\/\/api.w.org\/{rel}","templated":true}]}}