{"id":245514,"date":"2026-02-06T09:21:07","date_gmt":"2026-02-06T09:21:07","guid":{"rendered":"https:\/\/www.europesays.com\/pl\/245514\/"},"modified":"2026-02-06T09:21:07","modified_gmt":"2026-02-06T09:21:07","slug":"najgorsze-dopiero-nadejdzie-do-tego-doprowadzili-trump-i-musk","status":"publish","type":"post","link":"https:\/\/www.europesays.com\/pl\/245514\/","title":{"rendered":"&#8222;Najgorsze dopiero nadejdzie&#8221;. Do tego doprowadzili Trump i Musk"},"content":{"rendered":"<p>Organizacja Refugees International, zajmuj\u0105ca si\u0119 wspieraniem prawa azylowego na ca\u0142ym \u015bwiecie przygotowa\u0142a raport, w\u00a0kt\u00f3rym okre\u015bla skutki wycofania si\u0119 USA z\u00a0licznych program\u00f3w wsparcia. &#8222;W efekcie nast\u0105pi\u0142a historyczna implozja globalnej pomocy humanitarnej&#8221; &#8211;\u00a0oceni\u0142o w\u00a0raporcie z\u00a05\u00a0lutego Refugees International. Podkre\u015blono, \u017ce mija rok od pocz\u0105tku zapowiedzi ci\u0119\u0107 poczynionych przez administracj\u0119 Donalda Trumpa.<\/p>\n<p>RI poda\u0142o, \u017ce w\u00a0latach 2024\u20132025 globalne fundusze na rzecz pomocy humanitarnej spad\u0142y o\u00a0ponad 30 procent. To przede wszystkim skutek decyzji nowych w\u0142adz USA, kt\u00f3re &#8222;obci\u0119\u0142y&#8221; fundusze na ten cel z\u00a0oko\u0142o 14 miliard\u00f3w dolar\u00f3w do 3,7 miliarda dol. &#8222;Ca\u0142e to spustoszenie jest nast\u0119pstwem za\u0142amania si\u0119 ameryka\u0144skiej pomocy humanitarnej na 10 mld dolar\u00f3w. Przejdzie to do historii jako jedna z\u00a0najbardziej \u015bmierciono\u015bnych decyzji USA&#8221; &#8211;\u00a0oceni\u0142 Jeremy Konyndyk w\u00a0serwisie X.<\/p>\n<p>Jeremy Konyndyk, stoj\u0105cy na czele RI, w\u00a0przesz\u0142o\u015bci szef USAID dowodzi, \u017ce ci\u0119cia bud\u017cetowe Trumpa i\u00a0Muska maj\u0105 prze\u0142o\u017cenie na tragiczny wzrost \u015bmiertelno\u015bci na \u015bwiecie. &#8222;W miejscach kryzysowych na ca\u0142ym \u015bwiecie organizacje pomocowe i\u00a0dziennikarze dokumentuj\u0105 zgony, kt\u00f3rych bezpo\u015bredni\u0105 przyczyn\u0105 s\u0105 ci\u0119cia w\u00a0pomocy humanitarnej. Zamkni\u0119to ponad 2000 plac\u00f3wek s\u0142u\u017cby zdrowia w\u00a0strefach kryzysowych. To za\u0142amanie sprzyja wybuchom epidemii, takich jak gwa\u0142towny wzrost zachorowa\u0144 na choler\u0119 w\u00a0Sudanie Po\u0142udniowym&#8221; &#8211;\u00a0dowodzi Konyndyk w\u00a0serwisie X.<\/p>\n<p>Konyndyk poda\u0142, \u017ce liczba przyj\u0119\u0107 do o\u015brodk\u00f3w leczenia niedo\u017cywienia w\u00a0Somalii wzros\u0142a o\u00a0trzy czwarte, a\u00a0w\u00a0rz\u0105dzonym przez talib\u00f3w Afganistanie panuje najwy\u017cszy poziom niedo\u017cywienia od 25 lat. &#8222;To ponury obraz, kt\u00f3ry ci\u0105gle si\u0119 pogarsza. Ca\u0142e to spustoszenie jest nast\u0119pstwem za\u0142amania si\u0119 ameryka\u0144skiej pomocy humanitarnej. Trudno nie dostrzec zwi\u0105zku mi\u0119dzy t\u0105 bezprawno\u015bci\u0105 i\u00a0lekcewa\u017ceniem ludzkiego \u017cycia a\u00a0chaosem na ulicach USA i\u00a0obecn\u0105 polityk\u0105 zagraniczn\u0105 Trumpa&#8221; &#8211;\u00a0podkre\u015bla Jeremy Konyndyk.<\/p>\n<p>W ocenie Refugees International, cho\u0107 skutki ci\u0119\u0107 w\u00a0ubieg\u0142ym roku by\u0142y dotkliwe, to &#8222;najgorsze prawdopodobnie dopiero nadejdzie&#8221;. &#8222;W miar\u0119 jak systemy si\u0119 za\u0142amuj\u0105 poziom niezaspokojonych potrzeb b\u0119dzie jeszcze wy\u017cszy. Powszechna \u015bmiertelno\u015b\u0107 jest punktem ko\u0144cowym g\u0142odu, ale nast\u0119puje po okresie, w\u00a0kt\u00f3rym rozprzestrzenia si\u0119 deprywacja, systemy wsparcia za\u0142amuj\u0105 si\u0119, a\u00a0niebezpieczne strategie przetrwania w\u00a0ko\u0144cu trac\u0105 impet. Stany Zjednoczone i\u00a0inni darczy\u0144cy maj\u0105 mo\u017cliwo\u015b\u0107 zapobie\u017cenia takim skutkom \u2013\u00a0ale tylko je\u015bli podejm\u0105 szybkie dzia\u0142ania w\u00a0celu odwr\u00f3cenia drako\u0144skich ci\u0119\u0107 z\u00a0ubieg\u0142ego roku&#8221; &#8211;\u00a0podsumowuje organizacja.<\/p>\n<p>\u017ar\u00f3d\u0142a: X, refugeesinternational.org<\/p>\n","protected":false},"excerpt":{"rendered":"Organizacja Refugees International, zajmuj\u0105ca si\u0119 wspieraniem prawa azylowego na ca\u0142ym \u015bwiecie przygotowa\u0142a raport, w\u00a0kt\u00f3rym okre\u015bla skutki wycofania si\u0119&hellip;\n","protected":false},"author":2,"featured_media":245515,"comment_status":"","ping_status":"","sticky":false,"template":"","format":"standard","meta":{"footnotes":""},"categories":[14],"tags":[32,33,27,34,35,28,31,25,40,41,80,29,30,26,82,83,84],"class_list":{"0":"post-245514","1":"post","2":"type-post","3":"status-publish","4":"format-standard","5":"has-post-thumbnail","7":"category-swiat","8":"tag-breaking-news","9":"tag-breakingnews","10":"tag-headlines","11":"tag-latest-news","12":"tag-latestnews","13":"tag-naglowki","14":"tag-najwazniejsze-artykuly","15":"tag-news","16":"tag-polish","17":"tag-polski","18":"tag-swiat","19":"tag-top-stories","20":"tag-topstories","21":"tag-wiadomosci","22":"tag-world","23":"tag-world-news","24":"tag-worldnews"},"share_on_mastodon":{"url":"https:\/\/pubeurope.com\/@pl\/116022954146422750","error":""},"_links":{"self":[{"href":"https:\/\/www.europesays.com\/pl\/wp-json\/wp\/v2\/posts\/245514","targetHints":{"allow":["GET"]}}],"collection":[{"href":"https:\/\/www.europesays.com\/pl\/wp-json\/wp\/v2\/posts"}],"about":[{"href":"https:\/\/www.europesays.com\/pl\/wp-json\/wp\/v2\/types\/post"}],"author":[{"embeddable":true,"href":"https:\/\/www.europesays.com\/pl\/wp-json\/wp\/v2\/users\/2"}],"replies":[{"embeddable":true,"href":"https:\/\/www.europesays.com\/pl\/wp-json\/wp\/v2\/comments?post=245514"}],"version-history":[{"count":0,"href":"https:\/\/www.europesays.com\/pl\/wp-json\/wp\/v2\/posts\/245514\/revisions"}],"wp:featuredmedia":[{"embeddable":true,"href":"https:\/\/www.europesays.com\/pl\/wp-json\/wp\/v2\/media\/245515"}],"wp:attachment":[{"href":"https:\/\/www.europesays.com\/pl\/wp-json\/wp\/v2\/media?parent=245514"}],"wp:term":[{"taxonomy":"category","embeddable":true,"href":"https:\/\/www.europesays.com\/pl\/wp-json\/wp\/v2\/categories?post=245514"},{"taxonomy":"post_tag","embeddable":true,"href":"https:\/\/www.europesays.com\/pl\/wp-json\/wp\/v2\/tags?post=245514"}],"curies":[{"name":"wp","href":"https:\/\/api.w.org\/{rel}","templated":true}]}}