{"id":245728,"date":"2026-02-06T11:38:12","date_gmt":"2026-02-06T11:38:12","guid":{"rendered":"https:\/\/www.europesays.com\/pl\/245728\/"},"modified":"2026-02-06T11:38:12","modified_gmt":"2026-02-06T11:38:12","slug":"antoni-krolikowski-zamienil-skandale-na-zycie-rodzinne-jest-troche-inaczej","status":"publish","type":"post","link":"https:\/\/www.europesays.com\/pl\/245728\/","title":{"rendered":"Antoni Kr\u00f3likowski zamieni\u0142 skandale na \u017cycie rodzinne. &#8222;Jest troch\u0119 inaczej&#8221;"},"content":{"rendered":"<p class=\"Paragraph_desktopParagraph__U31Gm\"><a href=\"https:\/\/plejada.pl\/temat\/antoni-krolikowski-aktor\/7lc8dpm\" id=\"dce31862-7854-45ac-8561-a1a299a4504d\" rel=\"nofollow noopener\" target=\"_blank\">Antoni Kr\u00f3likowski<\/a> niedawno podj\u0105\u0142 wa\u017cn\u0105 decyzj\u0119 \u017cyciow\u0105 \u2014 aktor wyprowadzi\u0142 si\u0119 do Wroc\u0142awia. Zmiana miejsca zamieszkania zwi\u0105zana jest zar\u00f3wno z \u017cyciem prywatnym, jak i zawodowym. We Wroc\u0142awiu odpoczywa od show-biznesu. Obecnie aktora mo\u017cna ogl\u0105da\u0107 w popularnym serialu &#8222;Uroczysko&#8221;, gdzie wciela si\u0119 w jedn\u0105 z g\u0142\u00f3wnych postaci. Prywatnie spe\u0142nia si\u0119 w roli taty \u2014 c\u00f3rka Jadzia jest jego oczkiem w g\u0142owie. Oparcie znalaz\u0142 w swojej obecnej partnerce, Izabeli Bana\u015b.<\/p>\n<ul class=\"OchatFollowUps_wrapper__1ry7X\">\n<li class=\"OchatFollowUps_item__Dhyly OchatFollowUps_itemDesktop__R6aBv\">Dlaczego Antoni Kr\u00f3likowski przeprowadzi\u0142 si\u0119 do Wroc\u0142awia?<\/li>\n<li class=\"OchatFollowUps_item__Dhyly OchatFollowUps_itemDesktop__R6aBv\">Jak\u0105 rol\u0119 gra Antoni Kr\u00f3likowski w serialu 'Uroczysko&#8217;?<\/li>\n<li class=\"OchatFollowUps_item__Dhyly OchatFollowUps_itemDesktop__R6aBv\">Co s\u0105dzi Antoni Kr\u00f3likowski o \u017cyciu w Wroc\u0142awiu?<\/li>\n<li class=\"OchatFollowUps_item__Dhyly OchatFollowUps_itemDesktop__R6aBv\">Jak\u0105 warto\u015b\u0107 ma dla Antoniego Kr\u00f3likowskiego rodzina?<\/li>\n<\/ul>\n<p>Antoni Kr\u00f3likowski nie t\u0119skni za show-biznesem <\/p>\n<p class=\"Paragraph_desktopParagraph__U31Gm\">Teraz w rozmowie z Plejad\u0105 Antoni Kr\u00f3likowski podkre\u015bla, \u017ce w nowym mie\u015bcie bardzo si\u0119 wyciszy\u0142.<\/p>\n<p class=\"Paragraph_desktopParagraph__U31Gm\">\u2014 Tam po prostu jest 100 razy mniej ludzi. Mo\u017cna pewnie wi\u0119cej zarobi\u0107 w Warszawie, ale to zale\u017cy, o co komu chodzi w \u017cyciu. Mnie nigdy w \u017cyciu nie chodzi\u0142o tylko o pieni\u0105dze i dlatego ciesz\u0119 si\u0119, \u017ce w tej chwili mam jeden serial, w kt\u00f3rym gram. On jest nazwany nawet serialem codziennym i to jest specyficzny format, kt\u00f3ry od nas tak naprawd\u0119 wymaga codziennej pracy \u2014 t\u0142umaczy.<\/p>\n<p><img decoding=\"async\" class=\"Image_image__0tuHp Image_autoHeight__f2n87 \" height=\"587\" width=\"391\" src=\"https:\/\/www.europesays.com\/pl\/wp-content\/uploads\/2026\/02\/sjUk9kpTURBXy9lZmFmZmQ0NzlmYjc2MjcwYTU4YjdkOWNmMzJlMWVmYy5qcGeSlQLNA6wAwsOVAgDNAkvCw94AA6EwAaExAaEzw.jpeg\" alt=\"Izabela Bana\u015b, Antoni Kr\u00f3likowski\" loading=\"lazy\" \/>AKPA<\/p>\n<p>Izabela Bana\u015b, Antoni Kr\u00f3likowski<\/p>\n<p class=\"Paragraph_desktopParagraph__U31Gm\">Aktor dorasta\u0142 w blasku fleszy i przez lata paparazzi \u015bledzili ka\u017cdy jego krok. Antoni Kr\u00f3likowski w wywiadzie dodaje, \u017ce nie t\u0119skni za show-biznesem.<\/p>\n<blockquote>\n<p class=\"Paragraph_desktopParagraph__U31Gm\">Jest troch\u0119 inaczej, ale mam wra\u017cenie, \u017ce lepiej. Maj\u0105c por\u00f3wnanie tych miast, tych r\u00f3\u017cnych sposob\u00f3w na \u017cycie, powiedzmy, ciesz\u0119 si\u0119, \u017ce uda\u0142o mi si\u0119 dotrze\u0107 dzisiaj do takiego etapu, w kt\u00f3rym ju\u017c nie mam FOMO [ang. fear of missing out] \u2014 \u017ce musz\u0119 by\u0107 wsz\u0119dzie. W\u0142a\u015bnie nie musz\u0119<\/p>\n<\/blockquote>\n<blockquote>\n<p class=\"Paragraph_desktopParagraph__U31Gm\">Wr\u0119cz ogromn\u0105 przyjemno\u015b\u0107 mi sprawia to, \u017ce nic nie musz\u0119, \u017ce mog\u0119 zosta\u0107 sobie z c\u00f3reczk\u0105 w domku, pogada\u0107, pospacerowa\u0107. Wroc\u0142aw te\u017c stwarza ku temu doskona\u0142e okoliczno\u015bci, bo mamy tam pi\u0119kne parki, fajne przestrzenie. Dobrze si\u0119 oddycha<\/p>\n<\/blockquote>\n<p class=\"Paragraph_desktopParagraph__U31Gm\">\u2014 twierdzi.<\/p>\n<p class=\"Paragraph_desktopParagraph__U31Gm\">Zapytali\u015bmy, czy aktor wi\u0105\u017ce \u017cycie z Wroc\u0142awiem, a z Warszaw\u0105 b\u0119d\u0105 go \u0142\u0105czy\u0107 tylko sprawy s\u0105dowe i \u015bcianki.<\/p>\n<blockquote>\n<p class=\"Paragraph_desktopParagraph__U31Gm\">Z Warszaw\u0105 zawsze b\u0119dzie \u0142\u0105czy\u0142o mnie wiele temat\u00f3w i \u0142\u0105czy, natomiast po prostu koncentruj\u0119 si\u0119 dzisiaj na tym, co mam we Wroc\u0142awiu, bo tam mam prac\u0119, kt\u00f3ra umo\u017cliwia mi za\u0142atwienie te\u017c wielu, nie ukrywam, kwestii<\/p>\n<\/blockquote>\n<p class=\"Paragraph_desktopParagraph__U31Gm\">\u2014 Praca jest najwa\u017cniejsza i ka\u017cdemu \u017cycz\u0119, \u017ceby zawsze mia\u0142 prac\u0119. To taki etap. Dzisiaj jest Wroc\u0142aw, zobaczymy, czy za rok dalej tam b\u0119dziemy. Na razie jest nam dobrze, wi\u0119c b\u0119dziemy starali si\u0119, \u017ceby to tam pewnie nasza c\u00f3reczka rozpoczyna\u0142a swoje \u017cycie. Nie ukrywam, \u017ce najwa\u017cniejsze s\u0105 dla mnie moje dziewczyny \u2014 zaznacza.<\/p>\n<p class=\"Paragraph_desktopParagraph__U31Gm\">Jakim tat\u0105 jest Antoni Kr\u00f3likowski?<\/p>\n<blockquote>\n<p class=\"Paragraph_desktopParagraph__U31Gm\">Trzeba b\u0119dzie spyta\u0107 mojej c\u00f3reczki kiedy\u015b. Na razie po prostu mam do niej tak\u0105 s\u0142abo\u015b\u0107, \u017ce jest dla nas wszystkim<\/p>\n<\/blockquote>\n<p class=\"Paragraph_desktopParagraph__U31Gm\">\u2014 podsumowuje.<\/p>\n<p><img decoding=\"async\" class=\"Image_image__0tuHp Image_autoHeight__f2n87 \" height=\"587\" width=\"391\" src=\"https:\/\/www.europesays.com\/pl\/wp-content\/uploads\/2026\/02\/QKLk9kpTURBXy8wMDZmZjEyMzdhYmNiNTg5ZDkxY2YwYWU1NTVmNmM3YS5qcGeSlQLNA6wAwsOVAgDNAkvCw94AA6EwAaExAaEzw.jpeg\" alt=\"Antoni Kr\u00f3likowski\" loading=\"lazy\" \/>MW Media<\/p>\n<p>Antoni Kr\u00f3likowski<\/p>\n<p><img decoding=\"async\" class=\"Image_image__0tuHp Image_autoHeight__f2n87 \" height=\"587\" width=\"391\" src=\"https:\/\/www.europesays.com\/pl\/wp-content\/uploads\/2026\/02\/OfZk9kpTURBXy9kNmFlY2FmNjYwNzlmMjU2NzBmOGYwYmNmNGMyMGYxZC5qcGeSlQLNA6wAwsOVAgDNAkvCw94AA6EwAaExAaEzw.jpeg\" alt=\"Izabela Bana\u015b, Antoni Kr\u00f3likowski\" loading=\"lazy\" \/>AKPA<\/p>\n<p>Izabela Bana\u015b, Antoni Kr\u00f3likowski<\/p>\n<p class=\"Paragraph_desktopParagraph__U31Gm\">Dzi\u0119kujemy, \u017ce przeczyta\u0142a\u015b\/e\u015b nasz artyku\u0142 do ko\u0144ca. W serwisie Plejada.pl ka\u017cdego dnia piszemy o najwa\u017cniejszych wydarzeniach show-biznesowych. B\u0105d\u017a na bie\u017c\u0105co! <a rel=\"nofollow noopener\" href=\"https:\/\/profile.google.com\/cp\/Cg0vZy8xMWJ6X19wdHBx\" id=\"9dc484ec-30d4-40ca-acaf-1d4ec666f0c3\" target=\"_blank\">Obserwuj<\/a> Plejad\u0119 w Google. Odwied\u017a nas tak\u017ce na <a rel=\"nofollow noopener\" href=\"https:\/\/www.facebook.com\/plejadapl\" id=\"040c846a-1124-40d4-9a17-b92c6dfec91b\" target=\"_blank\">Facebooku<\/a>, <a rel=\"nofollow noopener\" href=\"https:\/\/www.instagram.com\/plejadapl\/\" id=\"23493c5a-815d-4108-9d65-02ae80b6c46e\" target=\"_blank\">Instagramie<\/a>, <a rel=\"nofollow noopener\" href=\"https:\/\/www.youtube.com\/c\/plejada\" id=\"15dd7091-4064-4d5c-ac21-ba61b22d4d41\" target=\"_blank\">YouTubie<\/a> oraz <a rel=\"nofollow noopener\" href=\"https:\/\/www.tiktok.com\/@plejada_pl\" id=\"3039fd9c-d181-41ad-a8d7-e22ec2641c90\" target=\"_blank\">TikToku<\/a>.<\/p>\n<p class=\"Paragraph_desktopParagraph__U31Gm\">Chcesz podzieli\u0107 si\u0119 ciekawym newsem lub zaproponowa\u0107 temat? Skontaktuj si\u0119 z nami, pisz\u0105c maila na adres: <a href=\"https:\/\/www.onet.pl\/styl-zycia\/plejada\/antoni-krolikowski-zamienil-skandale-na-zycie-rodzinne-jest-troche-inaczej\/mailto:plejada@redakcjaonet.pl\" id=\"4e5f4c25-5185-4a72-aee2-c4e1b5a84d0b\" rel=\"nofollow noopener\" target=\"_blank\">plejada@redakcjaon<\/a><a rel=\"nofollow noopener\" href=\"https:\/\/et.pl\" id=\"79cc4faf-77d4-4de1-895f-7f762e40d8c8\" target=\"_blank\">et.pl<\/a>.<\/p>\n<p><script async src=\"\/\/www.instagram.com\/embed.js\"><\/script><script async src=\"\/\/www.tiktok.com\/embed.js\"><\/script><\/p>\n","protected":false},"excerpt":{"rendered":"Antoni Kr\u00f3likowski niedawno podj\u0105\u0142 wa\u017cn\u0105 decyzj\u0119 \u017cyciow\u0105 \u2014 aktor wyprowadzi\u0142 si\u0119 do Wroc\u0142awia. Zmiana miejsca zamieszkania zwi\u0105zana jest&hellip;\n","protected":false},"author":2,"featured_media":245729,"comment_status":"","ping_status":"","sticky":false,"template":"","format":"standard","meta":{"footnotes":"","_share_on_mastodon":"0"},"categories":[22],"tags":[20695,20694,20698,122,53,52,68,51,55,42,38,40,39,41,123,47,196,341,338,65,50,4578,424,5423],"class_list":["post-245728","post","type-post","status-publish","format-standard","has-post-thumbnail","category-rozrywka","tag-antek_krolikowski","tag-antoni_krolikowski","tag-antoni_krolikowski_aktor","tag-entertainment","tag-new_header","tag-onet3","tag-onet3d","tag-onet3d_2i","tag-phx","tag-pl","tag-poland","tag-polish","tag-polska","tag-polski","tag-rozrywka","tag-screening_general","tag-styl_zycia","tag-tylko_w_onecie","tag-tylko_w_plejadzie","tag-update_me","tag-v2021","tag-video_article","tag-warszawa_miasto","tag-wroclaw_miasto"],"share_on_mastodon":{"url":"https:\/\/pubeurope.com\/@pl\/116023492860763613","error":""},"_links":{"self":[{"href":"https:\/\/www.europesays.com\/pl\/wp-json\/wp\/v2\/posts\/245728","targetHints":{"allow":["GET"]}}],"collection":[{"href":"https:\/\/www.europesays.com\/pl\/wp-json\/wp\/v2\/posts"}],"about":[{"href":"https:\/\/www.europesays.com\/pl\/wp-json\/wp\/v2\/types\/post"}],"author":[{"embeddable":true,"href":"https:\/\/www.europesays.com\/pl\/wp-json\/wp\/v2\/users\/2"}],"replies":[{"embeddable":true,"href":"https:\/\/www.europesays.com\/pl\/wp-json\/wp\/v2\/comments?post=245728"}],"version-history":[{"count":0,"href":"https:\/\/www.europesays.com\/pl\/wp-json\/wp\/v2\/posts\/245728\/revisions"}],"wp:featuredmedia":[{"embeddable":true,"href":"https:\/\/www.europesays.com\/pl\/wp-json\/wp\/v2\/media\/245729"}],"wp:attachment":[{"href":"https:\/\/www.europesays.com\/pl\/wp-json\/wp\/v2\/media?parent=245728"}],"wp:term":[{"taxonomy":"category","embeddable":true,"href":"https:\/\/www.europesays.com\/pl\/wp-json\/wp\/v2\/categories?post=245728"},{"taxonomy":"post_tag","embeddable":true,"href":"https:\/\/www.europesays.com\/pl\/wp-json\/wp\/v2\/tags?post=245728"}],"curies":[{"name":"wp","href":"https:\/\/api.w.org\/{rel}","templated":true}]}}