{"id":245878,"date":"2026-02-06T13:07:09","date_gmt":"2026-02-06T13:07:09","guid":{"rendered":"https:\/\/www.europesays.com\/pl\/245878\/"},"modified":"2026-02-06T13:07:09","modified_gmt":"2026-02-06T13:07:09","slug":"kardynal-rys-robi-porzadki-rusza-audyt-finansowy-ale-to-nie-koniec-planow-hierarchy","status":"publish","type":"post","link":"https:\/\/www.europesays.com\/pl\/245878\/","title":{"rendered":"Kardyna\u0142 Ry\u015b robi porz\u0105dki. Rusza audyt finansowy, ale to nie koniec plan\u00f3w hierarchy"},"content":{"rendered":"<p class=\"ods-c-paragraph \">Kard. Grzegorz Ry\u015b 20 grudnia oficjalnie zacz\u0105\u0142 pe\u0142ni\u0107 funkcj\u0119 metropolity krakowskiego. Od tego czasu podj\u0105\u0142 pierwsze decyzje personalne. Wyznaczy\u0142 m.in. nowego kanclerza kurii, ks. dr. hab. Jana Dohnalika, specjalist\u0119 prawa kanonicznego, i nowego dyrektora archiwum metropolitalnego, ks. dr. Rafa\u0142a Szczurowskiego, historyka. Zdecydowa\u0142 tak\u017ce, \u017ce 10 lutego zostanie otwarta na nowo czytelnia Archiwum Kurii Metropolitalnej zamkni\u0119ta przez poprzedniego metropolit\u0119 abpa Marka J\u0119draszewskiego.<\/p>\n<p>Audyt w archidiecezji krakowskiej. Rzecznik przekaza\u0142 informacje   <\/p>\n<p class=\"ods-c-paragraph \">Ry\u015b zleci\u0142 przeprowadzenie audytu finansowego w archidiecezji. \u2014 Poniewa\u017c jedn\u0105 z odpowiedzialno\u015bci biskupa jest nadz\u00f3r nad dobrami materialnymi diecezji, kardyna\u0142 na pocz\u0105tku swojej pos\u0142ugi pasterskiej w Krakowie chce si\u0119 zorientowa\u0107, jak wygl\u0105da sytuacja archidiecezji w tym wymiarze. Aktualnie audyt jest przeprowadzany. Mam nadziej\u0119, \u017ce w pierwszej po\u0142owie marca b\u0119d\u0119 m\u00f3g\u0142 co\u015b wi\u0119cej na ten temat powiedzie\u0107 \u2014 powiedzia\u0142 PAP rzecznik archidiecezji ks. Piotr Studnicki.<\/p>\n<p>    Dalszy ci\u0105g artyku\u0142u pod materia\u0142em wideo    <\/p>\n<p> Kiedy b\u0119d\u0105 znane wyniki audytu finansowego? <\/p>\n<p> Kto zosta\u0142 nowym kanclerzem kurii? <\/p>\n<p> Jakie wsparcie metropolita oferuje potrzebuj\u0105cym? <\/p>\n<p> Kiedy planowane jest otwarcie synodu w Krakowie? <\/p>\n<p class=\"ods-c-paragraph \">M\u00f3wi\u0105c o kwestiach finansowych, zwr\u00f3ci\u0142 uwag\u0119, \u017ce metropolita obecnie koncentruje si\u0119 na realnym wsparciu potrzebuj\u0105cych &#8222;w Ko\u015bciele, kt\u00f3ry jest nam bliski&#8221;. Jako przyk\u0142ad rzecznik poda\u0142 spontaniczn\u0105 pomoc dla mieszka\u0144c\u00f3w Kijowa, o kt\u00f3rych trudnej sytuacji informowa\u0142 kard. Rysia arcybiskup kijowsko-halicki \u015awiatos\u0142aw Szewczuk. Sk\u0142adka zebrana w ko\u015bcio\u0142ach archidiecezji krakowskiej w pierwsz\u0105 niedziel\u0119 lutego zosta\u0142a przeznaczona na zakup agregat\u00f3w pr\u0105dotw\u00f3rczych i urz\u0105dze\u0144 do ogrzewania dla mieszka\u0144c\u00f3w Kijowa. Do tej pory archidiecezja krakowska zebra\u0142a na ten cel blisko 3 mln z\u0142.<\/p>\n<p class=\"ods-c-paragraph \">Rzecznik archidiecezji podkre\u015bli\u0142, \u017ce strategiczn\u0105 decyzj\u0105 i dalekosi\u0119\u017cnym planem metropolity jest prze\u017cycie synodu diecezjalnego. \u2014 Kardyna\u0142 zapowiedzia\u0142 to w swojej homilii w czasie ingresu do katedry wawelskiej. Jest przekonany, \u017ce rozpocz\u0119cie procesu synodalnego jest zanurzeniem si\u0119 w nurt, kt\u00f3rym \u017cyje Ko\u015bci\u00f3\u0142 powszechny \u2014 zauwa\u017cy\u0142 ks. Studnicki.<\/p>\n<p class=\"ods-c-paragraph \">Przypomnia\u0142, \u017ce synod o synodalno\u015bci jest zainicjowanym w 2021 r. przez papie\u017ca Franciszka wieloletnim i wieloetapowym procesem reformy wsp\u00f3lnoty Ko\u015bcio\u0142a, nie tyle jego struktur, ile mentalno\u015bci jego cz\u0142onk\u00f3w.<\/p>\n<p class=\"ods-c-paragraph \">\u2014 Synodalno\u015b\u0107 to taki spos\u00f3b sprawowania w\u0142adzy w Ko\u015bciele, kt\u00f3ry jest poprzedzony autentycznym spotkaniem, uwa\u017cnym s\u0142uchaniem i uczciwym dialogiem mi\u0119dzy wszystkimi tworz\u0105cymi Ko\u015bci\u00f3\u0142, tak duchownymi, jak i \u015bwieckimi. Synodalno\u015b\u0107 sprzeciwia si\u0119 klerykalnemu elitaryzmowi, kt\u00f3ry zak\u0142ada, \u017ce B\u00f3g przemawia tylko do niekt\u00f3rych, podczas gdy inni musz\u0105 jedynie s\u0142ucha\u0107 i wype\u0142nia\u0107 polecenia \u2014 zaznaczy\u0142 ks. Studnicki.<\/p>\n<p class=\"ods-c-paragraph \">Zwr\u00f3ci\u0142 uwag\u0119, \u017ce papie\u017c Franciszek, ko\u0144cz\u0105c w 2024 r. synod w Rzymie, opublikowa\u0142 dokument &#8222;Ku Ko\u015bcio\u0142owi synodalnemu: komunia, uczestnictwo i misja&#8221;, kt\u00f3ry zbiera refleksje i do\u015bwiadczenia synodalne. Zatwierdzi\u0142 te\u017c trzyletni plan maj\u0105cy na celu wdro\u017cenie wniosk\u00f3w z synodu w ko\u015bcio\u0142ach lokalnych.<\/p>\n<p class=\"ods-c-paragraph \">\u2014 Kard. Ry\u015b, inicjuj\u0105c synod w archidiecezji krakowskiej, chce, aby\u015bmy powa\u017cnie potraktowali dziedzictwo Franciszka i wsp\u00f3lnie we wsp\u00f3lnotach diecezjalnych i parafialnych przeczytali i przemy\u015bleli wspomniany dokument, bo tylko wtedy b\u0119dziemy zdolni sensownie wciela\u0107 go w \u017cycie \u2014 wyja\u015bni\u0142 rzecznik archidiecezji krakowskiej.<\/p>\n<p>Synod w Krakowie. &#8222;Kardyna\u0142owi zale\u017cy&#8221;<\/p>\n<p class=\"ods-c-paragraph \">Synod archidiecezji krakowskiej ma zosta\u0107 otwarty w po\u0142owie marca. Wcze\u015bniej, w drugiej po\u0142owie lutego, poprzez list na wielki post kard. Ry\u015b zaprosi wiernych do w\u0142\u0105czenia si\u0119 w proces synodalny. Nast\u0119pnie, pod koniec lutego, chce na ten temat porozmawia\u0107 z ksi\u0119\u017cmi w ramach zorganizowanego dla nich spotkania formacyjnego.<\/p>\n<p class=\"ods-c-paragraph \">\u2014 Kardyna\u0142owi zale\u017cy na tym, aby wszyscy zaanga\u017cowali si\u0119 w synodalny proces, bo tylko wtedy b\u0119dzie on kszta\u0142towa\u0142 \u017cycie duszpasterskie diecezji \u2014 powiedzia\u0142 ks. Studnicki.<\/p>\n<p class=\"ods-c-paragraph \">Poinformowa\u0142 r\u00f3wnie\u017c, \u017ce wa\u017cnym wyzwaniem dla archidiecezji b\u0119dzie powo\u0142anie komisji historycznej niezale\u017cnych ekspert\u00f3w do zbadania zjawiska wykorzystania seksualnego w Ko\u015bciele.<\/p>\n<p class=\"ods-c-paragraph \">Kard. Grzegorz Ry\u015b ma nadziej\u0119, \u017ce w marcu podczas zebrania plenarnego Konferencji Episkopatu Polski powo\u0142ana zostanie og\u00f3lnopolska komisja historyczna ds. zbadania zjawiska wykorzystania seksualnego. Je\u017celi jednak do tego nie dojdzie, to Ry\u015b powo\u0142a komisj\u0119 lokaln\u0105, kt\u00f3ra b\u0119dzie dzia\u0142a\u0142a na terenie archidiecezji krakowskiej.<\/p>\n<p class=\"ods-c-paragraph \">\u2014 Zarzuty kierowane wobec zmar\u0142ego biskupa Szkodonia potwierdzaj\u0105 potrzeb\u0119 pilnego powo\u0142ania takiego zespo\u0142u \u2014 oceni\u0142 rzecznik krakowskiej kurii<\/p>\n","protected":false},"excerpt":{"rendered":"Kard. Grzegorz Ry\u015b 20 grudnia oficjalnie zacz\u0105\u0142 pe\u0142ni\u0107 funkcj\u0119 metropolity krakowskiego. Od tego czasu podj\u0105\u0142 pierwsze decyzje personalne.&hellip;\n","protected":false},"author":2,"featured_media":245879,"comment_status":"","ping_status":"","sticky":false,"template":"","format":"standard","meta":{"footnotes":"","_share_on_mastodon":"0"},"categories":[5],"tags":[16008,32,33,36,37,16004,27,702,1304,34,35,16003,28,31,48,25,46,42,38,40,39,41,47,29,30,26],"class_list":["post-245878","post","type-post","status-publish","format-standard","has-post-thumbnail","category-naglowki","tag-archidiecezja_krakowska","tag-breaking-news","tag-breakingnews","tag-featured-news","tag-featurednews","tag-grzegorz_rys_duchowny","tag-headlines","tag-kosciol_katolicki","tag-krakow","tag-latest-news","tag-latestnews","tag-marek_jedraszewski","tag-naglowki","tag-najwazniejsze-artykuly","tag-nat_styl","tag-news","tag-omp","tag-pl","tag-poland","tag-polish","tag-polska","tag-polski","tag-screening_general","tag-top-stories","tag-topstories","tag-wiadomosci"],"share_on_mastodon":{"url":"https:\/\/pubeurope.com\/@pl\/116023842861088896","error":""},"_links":{"self":[{"href":"https:\/\/www.europesays.com\/pl\/wp-json\/wp\/v2\/posts\/245878","targetHints":{"allow":["GET"]}}],"collection":[{"href":"https:\/\/www.europesays.com\/pl\/wp-json\/wp\/v2\/posts"}],"about":[{"href":"https:\/\/www.europesays.com\/pl\/wp-json\/wp\/v2\/types\/post"}],"author":[{"embeddable":true,"href":"https:\/\/www.europesays.com\/pl\/wp-json\/wp\/v2\/users\/2"}],"replies":[{"embeddable":true,"href":"https:\/\/www.europesays.com\/pl\/wp-json\/wp\/v2\/comments?post=245878"}],"version-history":[{"count":0,"href":"https:\/\/www.europesays.com\/pl\/wp-json\/wp\/v2\/posts\/245878\/revisions"}],"wp:featuredmedia":[{"embeddable":true,"href":"https:\/\/www.europesays.com\/pl\/wp-json\/wp\/v2\/media\/245879"}],"wp:attachment":[{"href":"https:\/\/www.europesays.com\/pl\/wp-json\/wp\/v2\/media?parent=245878"}],"wp:term":[{"taxonomy":"category","embeddable":true,"href":"https:\/\/www.europesays.com\/pl\/wp-json\/wp\/v2\/categories?post=245878"},{"taxonomy":"post_tag","embeddable":true,"href":"https:\/\/www.europesays.com\/pl\/wp-json\/wp\/v2\/tags?post=245878"}],"curies":[{"name":"wp","href":"https:\/\/api.w.org\/{rel}","templated":true}]}}