{"id":246552,"date":"2026-02-06T21:44:07","date_gmt":"2026-02-06T21:44:07","guid":{"rendered":"https:\/\/www.europesays.com\/pl\/246552\/"},"modified":"2026-02-06T21:44:07","modified_gmt":"2026-02-06T21:44:07","slug":"obamowie-przedstawieni-jako-malpy-na-profilu-trumpa","status":"publish","type":"post","link":"https:\/\/www.europesays.com\/pl\/246552\/","title":{"rendered":"Obamowie przedstawieni jako ma\u0142py na profilu Trumpa"},"content":{"rendered":"\n<p>&#13;<br \/>\nDonald Trump opublikowa\u0142 na\u00a0swoim profilu w\u00a0serwisie Truth Social kr\u00f3tki film, kt\u00f3ry zawiera fragment przedstawiaj\u0105cy by\u0142ego prezydenta Baracka Obam\u0119 i\u00a0by\u0142\u0105 pierwsz\u0105 dam\u0119 Michelle Obam\u0119 jako ma\u0142py. &#13;\n<\/p>\n<p>&#13;<br \/>\nJak podkre\u015blaj\u0105 ameryka\u0144skiem media, fragment z\u00a0Obamami trwa bardzo kr\u00f3tko i\u00a0pojawia si\u0119 dopiero pod\u00a0koniec materia\u0142u dotycz\u0105cego nieprawdziwych twierdze\u0144 o\u00a0oszustwach wyborczych z\u00a02020\u00a0r. &#13;\n<\/p>\n<p>&#13;<br \/>\ntwitter&#13;\n<\/p>\n<p>Obamowie przedstawieni jako ma\u0142py. Trump udost\u0119pni\u0142 nagranie <\/p>\n<p>&#13;<br \/>\nObama by\u0142 pierwszym czarnosk\u00f3rym prezydentem Stan\u00f3w Zjednoczonych, a\u00a0jego \u017cona Michelle \u2013\u00a0pierwsz\u0105 czarnosk\u00f3r\u0105 pierwsz\u0105 dam\u0105, co\u00a0dodatkowo pot\u0119guje krytyczne komentarze. &#13;\n<\/p>\n<p>&#13;<br \/>\nBBC przypomina, \u017ce\u00a0por\u00f3wnywanie czarnosk\u00f3rych ludzi do\u00a0ma\u0142p ma\u00a0bardzo g\u0142\u0119bokie, rasistowskie konotacje \u2013\u00a0jest to\u00a0historycznie obra\u017aliwy stereotyp u\u017cywany do\u00a0dehumanizacji Afroamerykan\u00f3w. &#13;\n<\/p>\n<p>&#13;<br \/>\nRepublika\u0144ski senator Tim Scott w\u00a0rozmowie z\u00a0Politico nazwa\u0142 film udost\u0119pniony przez Trumpa &#8222;najbardziej rasistowsk\u0105 rzecz\u0105&#8221;, jak\u0105 widzia\u0142 ze\u00a0strony tej administracji i\u00a0wezwa\u0142 do\u00a0jego usuni\u0119ci. &#13;\n<\/p>\n<p>Oskar\u017cenia o\u00a0rasizm. Bia\u0142y Dom odrzuca krytyk\u0119 <\/p>\n<p>&#13;<br \/>\nRzeczniczka Bia\u0142ego Domu Karoline Leavitt stwierdzi\u0142a, \u017ce\u00a0nagranie jest jedynie &#8222;internetowym memem&#8221; przedstawiaj\u0105cym Trumpa jako &#8222;Kr\u00f3la d\u017cungli&#8221; i\u00a0Demokrat\u00f3w jako postaci z\u00a0&#8222;Kr\u00f3la Lwa&#8221;, a\u00a0krytykom poczyna\u0144 prezydenta zarzuci\u0142a &#8222;fa\u0142szywe oburzenie&#8221;. &#13;\n<\/p>\n<p>&#13;<br \/>\nWideo zawieraj\u0105ce kontrowersyjne uj\u0119cie Obam\u00f3w, pokazuje r\u00f3wnie\u017c innych lider\u00f3w Demokrat\u00f3w jako r\u00f3\u017cne zwierz\u0119ta, w\u00a0tym by\u0142ego prezydenta USA Joe Bidena jako ma\u0142p\u0119 jedz\u0105c\u0105 banana. &#13;\n<\/p>\n<p>&#13;<br \/>\nTo nie\u00a0pierwszy materia\u0142 zamieszczony przez Trumpa w\u00a0mediach spo\u0142eczno\u015bciowych, kt\u00f3ry wywo\u0142a\u0142 oburzenie. Ostatecznie wpis zosta\u0142 usuni\u0119ty. Pragn\u0105cy zachowa\u0107 anonimowo\u015b\u0107 urz\u0119dnik powiedzia\u0142 agencji Reutera, \u017ce\u00a0post &#8222;przez pomy\u0142k\u0119&#8221; opublikowa\u0142 pracownik Bia\u0142ego Domu. &#13;\n<\/p>\n<p>&#13;<br \/>\nCzytaj te\u017c:<br \/><a href=\"https:\/\/dorzeczy.pl\/swiat\/828152\/niemiecki-wywiad-przez-lata-podsluchiwal-obame.html\" rel=\"follow nofollow noopener\" data-schema=\"DORZECZY\" data-image=\"https:\/\/img.dorzeczy.pl\/_thumb\/ae\/c6\/0c8aeabc77f88d6c0f29b76c4499.jpeg\" target=\"_blank\">Niemiecki wywiad przez lata pods\u0142uchiwa\u0142 Obam\u0119 na\u00a0pok\u0142adzie Air Force One<\/a>&#13;<\/p>\n","protected":false},"excerpt":{"rendered":"&#13; Donald Trump opublikowa\u0142 na\u00a0swoim profilu w\u00a0serwisie Truth Social kr\u00f3tki film, kt\u00f3ry zawiera fragment przedstawiaj\u0105cy by\u0142ego prezydenta Baracka&hellip;\n","protected":false},"author":2,"featured_media":246553,"comment_status":"","ping_status":"","sticky":false,"template":"","format":"standard","meta":{"footnotes":"","_share_on_mastodon":"0"},"categories":[14],"tags":[14567,32,33,1347,98,27,34,35,43676,28,31,25,43675,103,40,41,80,29,30,597,71,26,82,83,84],"class_list":["post-246552","post","type-post","status-publish","format-standard","has-post-thumbnail","category-swiat","tag-bialy-dom","tag-breaking-news","tag-breakingnews","tag-damian-cygan","tag-dorzeczy","tag-headlines","tag-latest-news","tag-latestnews","tag-malpy","tag-naglowki","tag-najwazniejsze-artykuly","tag-news","tag-obama","tag-obserwator-mediow","tag-polish","tag-polski","tag-swiat","tag-top-stories","tag-topstories","tag-trump","tag-usa","tag-wiadomosci","tag-world","tag-world-news","tag-worldnews"],"share_on_mastodon":{"url":"https:\/\/pubeurope.com\/@pl\/116025875695090457","error":""},"_links":{"self":[{"href":"https:\/\/www.europesays.com\/pl\/wp-json\/wp\/v2\/posts\/246552","targetHints":{"allow":["GET"]}}],"collection":[{"href":"https:\/\/www.europesays.com\/pl\/wp-json\/wp\/v2\/posts"}],"about":[{"href":"https:\/\/www.europesays.com\/pl\/wp-json\/wp\/v2\/types\/post"}],"author":[{"embeddable":true,"href":"https:\/\/www.europesays.com\/pl\/wp-json\/wp\/v2\/users\/2"}],"replies":[{"embeddable":true,"href":"https:\/\/www.europesays.com\/pl\/wp-json\/wp\/v2\/comments?post=246552"}],"version-history":[{"count":0,"href":"https:\/\/www.europesays.com\/pl\/wp-json\/wp\/v2\/posts\/246552\/revisions"}],"wp:featuredmedia":[{"embeddable":true,"href":"https:\/\/www.europesays.com\/pl\/wp-json\/wp\/v2\/media\/246553"}],"wp:attachment":[{"href":"https:\/\/www.europesays.com\/pl\/wp-json\/wp\/v2\/media?parent=246552"}],"wp:term":[{"taxonomy":"category","embeddable":true,"href":"https:\/\/www.europesays.com\/pl\/wp-json\/wp\/v2\/categories?post=246552"},{"taxonomy":"post_tag","embeddable":true,"href":"https:\/\/www.europesays.com\/pl\/wp-json\/wp\/v2\/tags?post=246552"}],"curies":[{"name":"wp","href":"https:\/\/api.w.org\/{rel}","templated":true}]}}