{"id":246556,"date":"2026-02-06T21:48:19","date_gmt":"2026-02-06T21:48:19","guid":{"rendered":"https:\/\/www.europesays.com\/pl\/246556\/"},"modified":"2026-02-06T21:48:19","modified_gmt":"2026-02-06T21:48:19","slug":"byli-przyjaciolmi-przez-63-lata-tym-wzruszajaco-mowil-o-przyjazni-z-kowalewskim","status":"publish","type":"post","link":"https:\/\/www.europesays.com\/pl\/246556\/","title":{"rendered":"Byli przyjaci\u00f3\u0142mi przez 63 lata. Tym wzruszaj\u0105co m\u00f3wi\u0142 o przyja\u017ani z Kowalewskim"},"content":{"rendered":"<p class=\"Paragraph_desktopParagraph__U31Gm\"><a href=\"https:\/\/plejada.pl\/temat\/krzysztof-kowalewski\/pz01r6q\" id=\"2ff26d62-96b0-40df-9885-49c89d09cc4c\" rel=\"nofollow noopener\" target=\"_blank\">Krzysztof Kowalewski<\/a> zmar\u0142 6 lutego 2021 r. w wieku 83 lat, po blisko sze\u015bciu dekadach niezwyk\u0142ej obecno\u015bci w polskim teatrze, filmie, radiu i telewizji. Zagra\u0142 w oko\u0142o 120 filmach i serialach, ponad tysi\u0105c r\u00f3l stworzy\u0142 w Teatrze Polskiego Radia, przez lata uczy\u0142 kolejne pokolenia aktor\u00f3w w warszawskiej PWST. Jego twarz i g\u0142os sta\u0142y si\u0119 symbolem inteligentnej komedii, od kultowych film\u00f3w <a href=\"https:\/\/plejada.pl\/temat\/stanislaw-bareja-rezyser\/5f8we4k\" id=\"a61eb141-03c0-4607-9dce-6f7780eee7a1\" rel=\"nofollow noopener\" target=\"_blank\">Stanis\u0142awa Barei<\/a>, przez niezapomnianego pana Su\u0142ka, a\u017c po serialowe role, kt\u00f3re na sta\u0142e zapisa\u0142y si\u0119 w historii polskiej kultury.<\/p>\n<p class=\"Paragraph_desktopParagraph__U31Gm\">Najwi\u0119ksz\u0105 popularno\u015b\u0107 przynios\u0142y mu role u wspomnianego Stanis\u0142awa Barei: Micha\u0142 Roman w &#8222;Brunecie wieczorow\u0105 por\u0105&#8221;, Tadeusz Krzakoski w &#8222;Co mi zrobisz, jak mnie z\u0142apiesz&#8221; i Jan Hochwander w &#8222;Misiu&#8221;. Miliony widz\u00f3w pokocha\u0142y go tak\u017ce za radiowy duet z <a href=\"https:\/\/plejada.pl\/temat\/marta-lipinska-aktorka\/pfb4cgp\" id=\"07f02c34-935e-421c-be98-d5016322782f\" rel=\"nofollow noopener\" target=\"_blank\">Mart\u0105 Lipi\u0144sk\u0105<\/a> w &#8222;Kocham pana, panie Su\u0142ku&#8221;. Jego charakterystyczny g\u0142os, wyj\u0105tkowe poczucie humoru i niepowtarzalna ciep\u0142a ironia sprawi\u0142y, \u017ce by\u0142 jednym z najbardziej rozpoznawalnych aktor\u00f3w drugiej po\u0142owy XX w.<\/p>\n<ul class=\"OchatFollowUps_wrapper__1ry7X\">\n<li class=\"OchatFollowUps_item__Dhyly OchatFollowUps_itemDesktop__R6aBv\">Jak d\u0142ugo Kowalewski i Tym byli przyjaci\u00f3\u0142mi?<\/li>\n<li class=\"OchatFollowUps_item__Dhyly OchatFollowUps_itemDesktop__R6aBv\">Jakie filmy przynios\u0142y popularno\u015b\u0107 Kowalewskiemu?<\/li>\n<li class=\"OchatFollowUps_item__Dhyly OchatFollowUps_itemDesktop__R6aBv\">W jakiej szkole si\u0119 poznali Kowalewski i Tym?<\/li>\n<li class=\"OchatFollowUps_item__Dhyly OchatFollowUps_itemDesktop__R6aBv\">Kiedy zmar\u0142 Krzysztof Kowalewski?<\/li>\n<\/ul>\n<p>Krzysztof Kowalewski i Stanis\u0142aw Tym byli przyjaci\u00f3\u0142mi przez ponad 60 lat. &#8222;Bardzo chcia\u0142bym ci\u0119 pocz\u0119stowa\u0107 papierosem&#8221; <\/p>\n<p class=\"Paragraph_desktopParagraph__U31Gm\">Jednak za sceniczn\u0105 popularno\u015bci\u0105 kry\u0142a si\u0119 relacja, kt\u00f3ra by\u0142a dla Krzysztofa Kowalewskiego r\u00f3wnie wa\u017cna jak sztuka, czyli ponad 60-letnia przyja\u017a\u0144 ze <a href=\"https:\/\/plejada.pl\/temat\/stanislaw-tym\/7zbn7nr\" id=\"cea0e4d4-b97f-4cc0-a011-836d568a39f7\" rel=\"nofollow noopener\" target=\"_blank\">Stanis\u0142awem Tymem<\/a>. Poznali si\u0119 pod koniec lat 50. w Pa\u0144stwowej Wy\u017cszej Szkole Teatralnej w Warszawie. Jak wspomina\u0142 Tym w felietonie dla &#8222;Polityki&#8221;:<\/p>\n<blockquote>\n<p class=\"Paragraph_desktopParagraph__U31Gm\">Poznali\u015bmy si\u0119 w Pa\u0144stwowej Wy\u017cszej Szkole Teatralnej w Warszawie w 1958 r. \u2013 m\u00f3j pierwszy rok studi\u00f3w aktorskich, jego drugi. Podczas przerwy w zaj\u0119ciach zapala\u0142em papierosa. Podszed\u0142 do mnie: <\/p>\n<p class=\"Paragraph_desktopParagraph__U31Gm\">\u2014 Nazywam si\u0119 Krzysztof Kowalewski. Czy m\u00f3g\u0142by\u015b mnie pocz\u0119stowa\u0107 papierosem? Odpowiedzia\u0142em: <\/p>\n<p class=\"Paragraph_desktopParagraph__U31Gm\">\u2014 Nazywam si\u0119 Stanis\u0142aw Tym i bardzo chcia\u0142bym ci\u0119 pocz\u0119stowa\u0107 papierosem<\/p>\n<\/blockquote>\n<p class=\"Paragraph_desktopParagraph__U31Gm\"> Ten dialog sta\u0142 si\u0119 dla nich prywatnym \u017cartem, kt\u00f3ry powtarzali przez ca\u0142e \u017cycie.<\/p>\n<p><img decoding=\"async\" class=\"Image_image__0tuHp Image_autoHeight__f2n87 \" height=\"587\" width=\"939\" src=\"https:\/\/www.europesays.com\/pl\/wp-content\/uploads\/2026\/02\/7khk9kpTURBXy81Mjg1ZjQ1ZWVmY2JlNDQzNzU3MTE3YTdlMzEzZDhiNi5qcGeSlQLNA6wAwsOVAgDNAkvCw94AA6EwAaExAaEzw.jpeg\" alt=\"Stanis\u0142aw Tym, Krzysztof Kowalewski (2001 r.)\" loading=\"lazy\" \/>Niemiec \/ AKPA<\/p>\n<p>Stanis\u0142aw Tym, Krzysztof Kowalewski (2001 r.)<\/p>\n<p class=\"Paragraph_desktopParagraph__U31Gm\">O ich wyj\u0105tkowej relacji pisa\u0142a dziennikarka <a href=\"https:\/\/plejada.pl\/temat\/katarzyna-stoparczyk\/x3k3lwd\" id=\"97207f82-4c9d-42c6-8580-68bd35b4bfda\" rel=\"nofollow noopener\" target=\"_blank\">Katarzyna Stoparczyk<\/a> w ksi\u0105\u017cce &#8222;Tym. Cz\u0142owiek szczery na trzy litery&#8221;, kt\u00f3ra ukaza\u0142a si\u0119 nak\u0142adem Wydawnictwa Otwartego.<\/p>\n<blockquote>\n<p class=\"Paragraph_desktopParagraph__U31Gm\">Od przypadkowego spotkania na korytarzu Warszawskiej Pa\u0144stwowej Szko\u0142y Teatralnej w 1958 r. zaczyna si\u0119 przyja\u017a\u0144, kt\u00f3ra trwa sze\u015b\u0107dziesi\u0105t trzy lata. Obaj studenci s\u0105 nieprzeci\u0119tnie inteligentni, obaj wierz\u0105 w ludzi i \u015bwiat i maj\u0105 po 21 lat. Cho\u0107 ten, kt\u00f3ry zacz\u0105\u0142 rozmow\u0119, jest o 119 dni starszy. Przez lata ich pierwsza wymiana zda\u0144 wielokrotnie ulega modyfikacji. Jedna z nich brzmia\u0142a:<\/p>\n<p class=\"Paragraph_desktopParagraph__U31Gm\"> \u2014 Papierosem? S\u0142ysza\u0142em, \u017ce rzuci\u0142e\u015b ten brzydki na\u0142\u00f3g.<\/p>\n<p class=\"Paragraph_desktopParagraph__U31Gm\"> \u2014 Nie, ja nigdy nic brzydkiego nie rzuc\u0119. Jestem zbyt delikatny. Temu brzydkiemu zrobi\u0142oby si\u0119 przykro.<\/p>\n<\/blockquote>\n<p class=\"Paragraph_desktopParagraph__U31Gm\">Ich przyja\u017a\u0144 by\u0142a codzienna, fizyczna, prawdziwa, nie tylko telefoniczna czy &#8222;\u015brodowiskowa&#8221;. Krzysztof Kowalewski regularnie odwiedza\u0142 Stanis\u0142awa Tyma w jego domu na Mazurach, w Zak\u0105tach. Jak opisuje Stoparczyk, raz nie zasta\u0142 przyjaciela, bo ten trafi\u0142 do szpitala z rw\u0105 kulszow\u0105 i \u017cona zawozi\u0142a go do szpitala w Suwa\u0142kach. Po powrocie Stanis\u0142aw Tym rozpytuje s\u0105siada o go\u015bcia:<\/p>\n<blockquote>\n<p class=\"Paragraph_desktopParagraph__U31Gm\">On tak, panie, rano wyszed\u0142, tak popatrzy\u0142 w niebo, rozejrza\u0142 si\u0119. Przeszed\u0142 nad wod\u0119. Wr\u00f3ci\u0142. Wszed\u0142 do domu. Wyszed\u0142. Znowu si\u0119 rozejrza\u0142. Taki niepotrzebny cz\u0142owiek<\/p>\n<\/blockquote>\n<p><img decoding=\"async\" class=\"Image_image__0tuHp Image_autoHeight__f2n87 \" height=\"587\" width=\"883\" src=\"https:\/\/www.europesays.com\/pl\/wp-content\/uploads\/2026\/02\/c0Mk9kpTURBXy9jNzcxMWQ0NzQ0OGMwZjg0OTg2NzYyOTBmNDg1YWY0ZC5qcGeSlQLNA6wAwsOVAgDNAkvCw94AA6EwAaExAaEzw.jpeg\" alt=\"Stanis\u0142aw Tym, Krzysztof Kowalewski (2004 r.)\" loading=\"lazy\" \/>Warda \/ AKPA<\/p>\n<p>Stanis\u0142aw Tym, Krzysztof Kowalewski (2004 r.)<\/p>\n<p>Kowalewski pomaga\u0142 Tymowi k\u0142a\u015b\u0107 pap\u0119 na dachu. Nagle run\u0105\u0142 w d\u00f3\u0142: &#8222;Krzysiu, co ci si\u0119 sta\u0142o? Serce?&#8221; <\/p>\n<p class=\"Paragraph_desktopParagraph__U31Gm\">&#8222;Kowalewski cz\u0119sto pomaga Tymowi w Zak\u0105tkach. Na przyk\u0142ad k\u0142adzie z nim pap\u0119 na dachu. I z tego dachu si\u0119 zwala. \u0141omot jest ogromny. Wpada przez okno do pokoiku na strychu. Stanis\u0142aw ju\u017c przy nim jest&#8221; \u2014 pisze Stoparczyk i relacjonuje kr\u00f3tk\u0105 wymian\u0119 zda\u0144 mi\u0119dzy aktorami:<\/p>\n<blockquote>\n<p class=\"Paragraph_desktopParagraph__U31Gm\">\u2014 Krzysiu, co ci si\u0119 sta\u0142o? Serce?<\/p>\n<p class=\"Paragraph_desktopParagraph__U31Gm\">\u2014 Nie, k***a. Obraz.<\/p>\n<\/blockquote>\n<p class=\"Paragraph_desktopParagraph__U31Gm\">Pobijany Kowalewski rechota\u0142 ze \u015bmiechu. Jak pisze dalej Katarzyna Stoparczyk, na \u015bcianie wisia\u0142 oleodruk, kopia dzie\u0142a radzieckiego malarza podpisana &#8222;Zamach na Lenina&#8221;.<\/p>\n<blockquote>\n<p class=\"Paragraph_desktopParagraph__U31Gm\">Bohater le\u017ca\u0142 po\u015brodku obrazu, dramatycznie wsparty na \u0142okciu, na jego twarzy malowa\u0142o si\u0119 uszlachetniaj\u0105ce cierpienie. Otaczali go zrozpaczeni robotnicy. S\u0142owem \u2014 sakralny bolszewizm. Dzie\u0142o dosta\u0142em od Stefana Friedmanna, kt\u00f3ry na dole doklei\u0142 tytu\u0142 &#8222;Lenin po wyj\u015bciu z baru Kosmos&#8221;<\/p>\n<\/blockquote>\n<p class=\"Paragraph_desktopParagraph__U31Gm\">\u2014 opisywa\u0142 to zdarzenie Stanis\u0142aw Tym w felietonie dla &#8222;Polityki&#8221;. <\/p>\n<p class=\"Paragraph_desktopParagraph__U31Gm\">Po upadku &#8222;trzeba by\u0142o leczy\u0107 Krzysztofa maliniakiem na bimb\u00adrze&#8221;, s\u0105cz\u0105c go do rana i ogl\u0105daj\u0105c mecz NBA z Chicago.<\/p>\n<p><img decoding=\"async\" class=\"Image_image__0tuHp Image_autoHeight__f2n87 \" height=\"587\" width=\"874\" src=\"https:\/\/www.europesays.com\/pl\/wp-content\/uploads\/2026\/02\/ci-k9kpTURBXy9kMWYxOWQ1MmQ0ZDNkZmJiYmU1YmQ5ZjdiOWVjZjE4Ni5qcGeSlQLNA6wAwsOVAgDNAkvCw94AA6EwAaExAaEzw.jpeg\" alt=\"Krzysztof Kowalewski\" loading=\"lazy\" \/>ANDRAS SZILAGYI\/MWMEDIA \/ MW Media<\/p>\n<p>Krzysztof Kowalewski<\/p>\n<p>Stanis\u0142aw Tym o przyja\u017ani z Krzysztofem Kowalewskim. &#8222;Zanim si\u0119 zorientowali\u015bmy, ju\u017c pi\u0119knie nas przykry\u0142a mocnym welonem&#8221; <\/p>\n<p class=\"Paragraph_desktopParagraph__U31Gm\">By\u0142 to czas szalonej popularno\u015bci Krzysztofa Kowalewskiego. Jak pisze Katarzyna Stoparczyk: <\/p>\n<blockquote>\n<p class=\"Paragraph_desktopParagraph__U31Gm\">Ka\u017cde spotkanie autorskie zaczyna\u0142o si\u0119 tak: &#8222;kocham pana, panie Su\u0142ku&#8221;. Po czym pada\u0142o jego chrapliwe: &#8222;cicho, wiem&#8221;. Kocha\u0142a go pani Eliza, t\u0142umy fan\u00f3w i kocha\u0142 Stanis\u0142aw<\/p>\n<\/blockquote>\n<p class=\"Paragraph_desktopParagraph__U31Gm\">Sam Stanis\u0142aw Tym m\u00f3wi\u0142 o tej relacji w s\u0142owach, kt\u00f3re dzi\u015b brzmi\u0105 jak gotowe epitafium:<\/p>\n<blockquote>\n<p class=\"Paragraph_desktopParagraph__U31Gm\">By\u0142a mi\u0119dzy nami za\u017cy\u0142o\u015b\u0107, kt\u00f3ra sama si\u0119 ukszta\u0142towa\u0142a. Zanim si\u0119 zorientowali\u015bmy, ju\u017c pi\u0119knie nas przykry\u0142a mocnym welonem. Ten welon nigdy si\u0119 nie zmarszczy\u0142, nigdy nas nie kr\u0119powa\u0142. Pracowali\u015bmy d\u0142ugo razem zgodnie, cierpliwie i bez nieporozumie\u0144: w teatrze, filmie, na estradzie\u2026 Nic dziwnego \u2013 aktorstwo Krzysia by\u0142o najwy\u017cszej pr\u00f3by. Tylko patrze\u0107 i si\u0119 uczy\u0107. Zawsze mia\u0142 leciutki dystans do granej postaci. Co\u015b w rodzaju wyrozumia\u0142o\u015bci dla cz\u0142owieka, kt\u00f3rego pokazywa\u0142. Nawet je\u015bli by\u0142 to \u0142ajdak nad \u0142ajdakami, jaki\u015b supe\u0142ek dobroci w nim znalaz\u0142<\/p>\n<\/blockquote>\n<p class=\"Paragraph_desktopParagraph__U31Gm\">I jak podsumowuje Katarzyna Stoparczyk: &#8222;Dobro to by\u0142a ich wsp\u00f3lna warto\u015b\u0107. To w\u0142a\u015bnie dobro ich przy sobie trzyma\u0142o. W \u017cyciu prywatnym i zawodowym&#8221;. <\/p>\n<p class=\"Paragraph_desktopParagraph__U31Gm\">Krzysztof Kowalewski zmar\u0142 6 lutego 2021 r. w wieku 83 lat. Jego oddany przyjaciel Stanis\u0142aw Tym odszed\u0142 6 grudnia 2024 r., maj\u0105c 87 lat. <\/p>\n<p><img decoding=\"async\" class=\"Image_image__0tuHp Image_autoHeight__f2n87 \" height=\"587\" width=\"882\" src=\"https:\/\/www.europesays.com\/pl\/wp-content\/uploads\/2026\/02\/Y1ok9kpTURBXy9iMTEwOTBhNjJiNWUxMGM1ZTU5Y2I5OTc3MzhhMTE0YS5qcGeSlQLNA6wAwsOVAgDNAkvCw94AA6EwAaExAaEzw.jpeg\" alt=\"Magdalena Zawadzka, Krzysztof Kowalewski, Stanis\u0142aw Tym, Gustaw Holoubek w 2007 r. \" loading=\"lazy\" \/>Marek Ulatowski \/ MW Media<\/p>\n<p>Magdalena Zawadzka, Krzysztof Kowalewski, Stanis\u0142aw Tym, Gustaw Holoubek w 2007 r. <\/p>\n<p class=\"Paragraph_desktopParagraph__U31Gm\">Dzi\u0119kujemy, \u017ce przeczyta\u0142a\u015b\/e\u015b nasz artyku\u0142 do ko\u0144ca. W serwisie Plejada.pl ka\u017cdego dnia piszemy o najwa\u017cniejszych wydarzeniach show-biznesowych. B\u0105d\u017a na bie\u017c\u0105co! <a rel=\"nofollow noopener\" href=\"https:\/\/profile.google.com\/cp\/Cg0vZy8xMWJ6X19wdHBx\" id=\"ccef9726-a26d-4807-8f00-8c19ef4689f6\" target=\"_blank\">Obserwuj<\/a> Plejad\u0119 w Google. Odwied\u017a nas tak\u017ce na <a rel=\"nofollow noopener\" href=\"https:\/\/www.facebook.com\/plejadapl\" id=\"05204103-6fe2-4c5c-aa97-a5f69d670330\" target=\"_blank\">Facebooku<\/a>, <a rel=\"nofollow noopener\" href=\"https:\/\/www.instagram.com\/plejadapl\/\" id=\"01738dc6-5488-4d4c-bdd4-cf297ef07a10\" target=\"_blank\">Instagramie<\/a>, <a rel=\"nofollow noopener\" href=\"https:\/\/www.youtube.com\/c\/plejada\" id=\"d4788732-5daf-4b1d-99d8-319e1e01d69a\" target=\"_blank\">YouTubie<\/a> oraz <a rel=\"nofollow noopener\" href=\"https:\/\/www.tiktok.com\/@plejada_pl\" id=\"169cfaa1-9d83-405c-9f83-e765aa24dcd1\" target=\"_blank\">TikToku<\/a>.<\/p>\n<p class=\"Paragraph_desktopParagraph__U31Gm\">Chcesz podzieli\u0107 si\u0119 ciekawym newsem lub zaproponowa\u0107 temat? Skontaktuj si\u0119 z nami, pisz\u0105c maila na adres: <a href=\"https:\/\/www.onet.pl\/styl-zycia\/plejada\/byli-przyjaciolmi-przez-63-lata-tym-wzruszajaco-mowil-o-przyjazni-z-kowalewskim\/mailto:plejada@redakcjaonet.pl\" id=\"37c60a51-9e18-4c4c-89f1-fa8defa5e0de\" rel=\"nofollow noopener\" target=\"_blank\">plejada@redakcjaon<\/a><a rel=\"nofollow noopener\" href=\"http:\/\/et.pl\" id=\"7cac6208-4984-40cb-a5ce-46a9a6b56ab4\" target=\"_blank\">et.pl<\/a>.<\/p>\n<p><script async src=\"\/\/www.instagram.com\/embed.js\"><\/script><script async src=\"\/\/www.tiktok.com\/embed.js\"><\/script><\/p>\n","protected":false},"excerpt":{"rendered":"Krzysztof Kowalewski zmar\u0142 6 lutego 2021 r. w wieku 83 lat, po blisko sze\u015bciu dekadach niezwyk\u0142ej obecno\u015bci w&hellip;\n","protected":false},"author":2,"featured_media":246557,"comment_status":"","ping_status":"","sticky":false,"template":"","format":"standard","meta":{"footnotes":"","_share_on_mastodon":"0"},"categories":[22],"tags":[122,67,43678,53,52,68,51,55,42,38,40,39,41,123,47,42175,19252,196,65,50],"class_list":["post-246556","post","type-post","status-publish","format-standard","has-post-thumbnail","category-rozrywka","tag-entertainment","tag-intextvideo_splayer","tag-krzysztof_kowalewski","tag-new_header","tag-onet3","tag-onet3d","tag-onet3d_2i","tag-phx","tag-pl","tag-poland","tag-polish","tag-polska","tag-polski","tag-rozrywka","tag-screening_general","tag-stanislaw_bareja_rezyser","tag-stanislaw_tym","tag-styl_zycia","tag-update_me","tag-v2021"],"share_on_mastodon":{"url":"https:\/\/pubeurope.com\/@pl\/116025891437386907","error":""},"_links":{"self":[{"href":"https:\/\/www.europesays.com\/pl\/wp-json\/wp\/v2\/posts\/246556","targetHints":{"allow":["GET"]}}],"collection":[{"href":"https:\/\/www.europesays.com\/pl\/wp-json\/wp\/v2\/posts"}],"about":[{"href":"https:\/\/www.europesays.com\/pl\/wp-json\/wp\/v2\/types\/post"}],"author":[{"embeddable":true,"href":"https:\/\/www.europesays.com\/pl\/wp-json\/wp\/v2\/users\/2"}],"replies":[{"embeddable":true,"href":"https:\/\/www.europesays.com\/pl\/wp-json\/wp\/v2\/comments?post=246556"}],"version-history":[{"count":0,"href":"https:\/\/www.europesays.com\/pl\/wp-json\/wp\/v2\/posts\/246556\/revisions"}],"wp:featuredmedia":[{"embeddable":true,"href":"https:\/\/www.europesays.com\/pl\/wp-json\/wp\/v2\/media\/246557"}],"wp:attachment":[{"href":"https:\/\/www.europesays.com\/pl\/wp-json\/wp\/v2\/media?parent=246556"}],"wp:term":[{"taxonomy":"category","embeddable":true,"href":"https:\/\/www.europesays.com\/pl\/wp-json\/wp\/v2\/categories?post=246556"},{"taxonomy":"post_tag","embeddable":true,"href":"https:\/\/www.europesays.com\/pl\/wp-json\/wp\/v2\/tags?post=246556"}],"curies":[{"name":"wp","href":"https:\/\/api.w.org\/{rel}","templated":true}]}}