{"id":246817,"date":"2026-02-07T01:14:18","date_gmt":"2026-02-07T01:14:18","guid":{"rendered":"https:\/\/www.europesays.com\/pl\/246817\/"},"modified":"2026-02-07T01:14:18","modified_gmt":"2026-02-07T01:14:18","slug":"savannah-guthrie-blaga-o-powrot-matki-poruszajacy-apel-dziennikarki","status":"publish","type":"post","link":"https:\/\/www.europesays.com\/pl\/246817\/","title":{"rendered":"Savannah Guthrie b\u0142aga o powr\u00f3t matki. Poruszaj\u0105cy apel dziennikarki"},"content":{"rendered":"<p class=\"ods-c-paragraph \">Nancy Guthrie zagin\u0119\u0142a 31 stycznia, a jej znikni\u0119cie zg\u0142oszono nast\u0119pnego dnia rano. Dom, w kt\u00f3rym mieszka\u0142a, zosta\u0142 okre\u015blony jako &#8222;miejsce zbrodni&#8221;. Kilka dni p\u00f3\u017aniej jej s\u0142awna c\u00f3rka odnios\u0142a si\u0119 publicznie do medialnych doniesie\u0144 o li\u015bcie z \u017c\u0105daniem okupu. \u2014 Jako rodzina robimy wszystko, co w naszej mocy. Jeste\u015bmy gotowi rozmawia\u0107. Musimy mie\u0107 pewno\u015b\u0107, \u017ce ona \u017cyje i \u017ce jest w waszych r\u0119kach. Chcemy si\u0119 z wami skontaktowa\u0107 i jeste\u015bmy gotowi s\u0142ucha\u0107. Prosimy, odezwijcie si\u0119 do nas \u2014 zaapelowa\u0142a.<\/p>\n<p>  Dalszy ci\u0105g artyku\u0142u pod materia\u0142em wideo    <\/p>\n<p> Jakie s\u0105 okoliczno\u015bci zagini\u0119cia matki Savannah Guthrie? <\/p>\n<p> Co m\u00f3wi\u0142 rodze\u0144stwo Savannah w nagraniu? <\/p>\n<p> Jakie zdrowotne problemy ma matka Savannah? <\/p>\n<p> Jak rodzina reaguje na t\u0119 sytuacj\u0119? <\/p>\n<p>  &#8222;Kochamy ci\u0119, b\u0105d\u017a silna&#8221;<\/p>\n<p class=\"ods-c-paragraph \">Dziennikarka podkre\u015bli\u0142a, \u017ce jej matka jest &#8222;sercem&#8221; ca\u0142ej rodziny, a jej stan zdrowia jest powodem szczeg\u00f3lnego niepokoju. \u2014 Ma 84 lata, jej serce jest kruche, \u017cyje w b\u00f3lu. Nie ma przy sobie lek\u00f3w, kt\u00f3rych potrzebuje, by prze\u017cy\u0107 i nie cierpie\u0107 \u2014 m\u00f3wi\u0142a Guthrie, dzi\u0119kuj\u0105c dalej za wsparcie i modlitwy, kt\u00f3re otrzymuje rodzina.<\/p>\n<blockquote class=\"ods-o-quota\">\n<p class=\"ods-o-quota__paragraph\">Nasza mama to dobra, lojalna, pe\u0142na mi\u0142o\u015bci kobieta, kt\u00f3ra wnosi \u015bwiat\u0142o w \u017cycie innych. Jej wnuki j\u0105 uwielbiaj\u0105. Jest oddan\u0105 przyjaci\u00f3\u0142k\u0105<\/p>\n<\/blockquote>\n<p class=\"ods-c-paragraph \">\u2014 podkre\u015bli\u0142a.<\/p>\n<p class=\"ods-c-paragraph \">Do matki zwr\u00f3ci\u0142a si\u0119 bezpo\u015brednio: \u2014 Mamusiu, je\u015bli to s\u0142yszysz, jeste\u015b siln\u0105 kobiet\u0105. Jeste\u015b ukochan\u0105 c\u00f3rk\u0105 Boga. Wszyscy ci\u0119 szukaj\u0105, mamo, wsz\u0119dzie. Nie spoczniemy, dop\u00f3ki nie b\u0119dziemy zn\u00f3w razem.<\/p>\n<p class=\"ods-c-paragraph \">Rodze\u0144stwo Savannah, Annie i Camron, r\u00f3wnie\u017c zabra\u0142o g\u0142os. \u2014 Zgas\u0142o \u015bwiat\u0142o w naszym \u017cyciu. Nancy jest nasz\u0105 mam\u0105, jest naszym drogowskazem. Potrafi cieszy\u0107 si\u0119 \u017cyciem mimo trudno\u015bci. Mamo, je\u015bli nas s\u0142yszysz, potrzebujemy ci\u0119 tutaj \u2014 m\u00f3wi\u0142a Annie. Camron zako\u0144czy\u0142 nagranie s\u0142owami: \u2014 Kochamy ci\u0119, mamo. B\u0105d\u017a silna.<\/p>\n","protected":false},"excerpt":{"rendered":"Nancy Guthrie zagin\u0119\u0142a 31 stycznia, a jej znikni\u0119cie zg\u0142oszono nast\u0119pnego dnia rano. Dom, w kt\u00f3rym mieszka\u0142a, zosta\u0142 okre\u015blony&hellip;\n","protected":false},"author":2,"featured_media":246818,"comment_status":"","ping_status":"","sticky":false,"template":"","format":"standard","meta":{"footnotes":"","_share_on_mastodon":"0"},"categories":[14],"tags":[32,33,1942,994,27,34,35,28,31,48,25,46,40,41,47,80,40586,29,30,71,26,82,83,84,5435],"class_list":["post-246817","post","type-post","status-publish","format-standard","has-post-thumbnail","category-swiat","tag-breaking-news","tag-breakingnews","tag-celebryci","tag-dziennikarze","tag-headlines","tag-latest-news","tag-latestnews","tag-naglowki","tag-najwazniejsze-artykuly","tag-nat_styl","tag-news","tag-omp","tag-polish","tag-polski","tag-screening_general","tag-swiat","tag-taboola_tst0","tag-top-stories","tag-topstories","tag-usa","tag-wiadomosci","tag-world","tag-world-news","tag-worldnews","tag-zaginiecie"],"share_on_mastodon":{"url":"https:\/\/pubeurope.com\/@pl\/116026701459717926","error":""},"_links":{"self":[{"href":"https:\/\/www.europesays.com\/pl\/wp-json\/wp\/v2\/posts\/246817","targetHints":{"allow":["GET"]}}],"collection":[{"href":"https:\/\/www.europesays.com\/pl\/wp-json\/wp\/v2\/posts"}],"about":[{"href":"https:\/\/www.europesays.com\/pl\/wp-json\/wp\/v2\/types\/post"}],"author":[{"embeddable":true,"href":"https:\/\/www.europesays.com\/pl\/wp-json\/wp\/v2\/users\/2"}],"replies":[{"embeddable":true,"href":"https:\/\/www.europesays.com\/pl\/wp-json\/wp\/v2\/comments?post=246817"}],"version-history":[{"count":0,"href":"https:\/\/www.europesays.com\/pl\/wp-json\/wp\/v2\/posts\/246817\/revisions"}],"wp:featuredmedia":[{"embeddable":true,"href":"https:\/\/www.europesays.com\/pl\/wp-json\/wp\/v2\/media\/246818"}],"wp:attachment":[{"href":"https:\/\/www.europesays.com\/pl\/wp-json\/wp\/v2\/media?parent=246817"}],"wp:term":[{"taxonomy":"category","embeddable":true,"href":"https:\/\/www.europesays.com\/pl\/wp-json\/wp\/v2\/categories?post=246817"},{"taxonomy":"post_tag","embeddable":true,"href":"https:\/\/www.europesays.com\/pl\/wp-json\/wp\/v2\/tags?post=246817"}],"curies":[{"name":"wp","href":"https:\/\/api.w.org\/{rel}","templated":true}]}}