{"id":248502,"date":"2026-02-08T03:25:16","date_gmt":"2026-02-08T03:25:16","guid":{"rendered":"https:\/\/www.europesays.com\/pl\/248502\/"},"modified":"2026-02-08T03:25:16","modified_gmt":"2026-02-08T03:25:16","slug":"trudne-relacje-magdaleny-schejbal-z-ojcem-bylam-w-domu-czarna-owca","status":"publish","type":"post","link":"https:\/\/www.europesays.com\/pl\/248502\/","title":{"rendered":"Trudne relacje Magdaleny Schejbal z ojcem. &#8222;By\u0142am w domu czarn\u0105 owc\u0105&#8221;"},"content":{"rendered":"<p class=\"ods-c-paragraph \">W show-biznesie ju\u017c nieraz spotkali\u015bmy si\u0119 z przypadkami, gdy dzieci aktor\u00f3w postanowi\u0142y i\u015b\u0107 w ich \u015blady. Tak te\u017c by\u0142o w domu <a href=\"https:\/\/plejada.pl\/wywiady\/jerzy-schejbal-nie-owija-w-bawelne-mowiac-o-smierci-boje-sie-procesu-umierania\/gk1c7hy\" id=\"a79e3281-ed4a-4b0d-afa1-14951a01a080\" rel=\"nofollow noopener\" target=\"_blank\">Jerzego Schejbala<\/a> i Gra\u017cyny Kruk\u00f3wny. Jedna z ich c\u00f3rek, Magdalena, d\u0142ugo jednak zastanawia\u0142a si\u0119, czy to faktycznie z aktorstwem chce zwi\u0105za\u0107 przysz\u0142o\u015b\u0107. Po maturze studiowa\u0142a socjologi\u0119. Coraz cz\u0119\u015bciej jednak my\u015bla\u0142a o wyst\u0119pach na scenie. Wiedzia\u0142a jednak, \u017ce jej ojciec nie jest zwolennikiem tego pomys\u0142u.<\/p>\n<blockquote class=\"ods-o-quote\">\n<p class=\"ods-o-quote__paragraph\">Gdy m\u0142ody cz\u0142owiek si\u0119 na co\u015b uprze, to dop\u00f3ki nie dostanie po ty\u0142ku, nie pos\u0142ucha rodzic\u00f3w. Powiedzia\u0142em Magdzie, \u017ceby robi\u0142a to, co chce. Jej wyb\u00f3r<\/p>\n<\/blockquote>\n<p class=\"ods-c-paragraph \">\u2014 opowiada\u0142 Jerzy Schejbal w rozmowie z Plejad\u0105.<\/p>\n<p class=\"ods-c-paragraph \">Traf chcia\u0142, \u017ce Magdalena Schejbal dosta\u0142a si\u0119 do filii krakowskiej PWST we Wroc\u0142awiu. Tam te\u017c pracowali jej rodzice. Jerzy Schejbal zreszt\u0105 w latach 90. by\u0142 dziekanem na tej uczelni.<\/p>\n<blockquote class=\"ods-o-quote\">\n<p class=\"ods-o-quote__paragraph\">W domu nie rozmawiali\u015bmy o szkole, a na ka\u017cde zaj\u0119cia Magda by\u0142a przygotowana lepiej ni\u017c wszyscy inni. By\u0142a lojalna wobec koleg\u00f3w i nie korzysta\u0142a z tego, \u017ce jej rodzice s\u0105 jej wyk\u0142adowcami. By\u0142em z niej bardzo dumny. Cho\u0107, oczywi\u015bcie, nie wszyscy na roku byli jej \u017cyczliwi<\/p>\n<\/blockquote>\n<p class=\"ods-c-paragraph \">\u2014 wspomina\u0142 we wspomnianym wcze\u015bniej wywiadzie.<\/p>\n<p> Dalszy ci\u0105g artyku\u0142u pod materia\u0142em wideo    <\/p>\n<p> Jak zmieni\u0142y si\u0119 relacje Magdaleny Schejbal z ojcem? <\/p>\n<p> Czemu Magdalena Schejbal nie lubi\u0142a teatru jako dziecko? <\/p>\n<p> Jakie zawody wyst\u0119powa\u0142a Magdalena Schejbal? <\/p>\n<p> Co Jerzy Schejbal my\u015bli o doros\u0142ej c\u00f3rce? <\/p>\n<p>  Trudne relacje Magdaleny Schejbal z ojcem. &#8222;By\u0142am w domu czarn\u0105 owc\u0105&#8221;<\/p>\n<p class=\"ods-c-paragraph \">Magdalena Schejbal jako dziecko nie przepada\u0142a za teatrem. &#8222;Rodzice moich kole\u017canek wracali z pracy o 16.00, a nasi rodzice w\u0142a\u015bnie zaczynali pr\u00f3by. Nie znosi\u0142am teatru, bo mi ich krad\u0142&#8221; \u2014 przyzna\u0142a w rozmowie z &#8222;Dobrym tygodniem&#8221;.<\/p>\n<p class=\"ods-c-paragraph \">Wkr\u00f3tce jednak zrozumia\u0142a, \u017ce z rodzicami \u0142\u0105czy j\u0105 pasja. To jednak nie znaczy, \u017ce w domu Schejbal\u00f3w by\u0142o idealnie. Aktorka w wywiadzie dla &#8222;Gali&#8221; opowiada\u0142a o trudnych relacjach z ojcem. Jak stwierdzi\u0142a: nie mogli si\u0119 dogada\u0107. Szczeg\u00f3lnie \u017ce Jerzy Schejbal by\u0142 surowym rodzicem i du\u017co wymaga\u0142 od c\u00f3rki.<\/p>\n<blockquote class=\"ods-o-quote\">\n<p class=\"ods-o-quote__paragraph\">Mimo \u017ce mia\u0142am szcz\u0119\u015bliwe dzieci\u0144stwo, zawsze by\u0142am w domu czarn\u0105 owc\u0105. Tato ba\u0142 si\u0119, \u017ce m\u00f3j proces dojrzewania mo\u017ce mie\u0107 nie najlepszy fina\u0142<\/p>\n<\/blockquote>\n<p class=\"ods-c-paragraph \">&#8222;Ba\u0142em si\u0119, jak ka\u017cdy rodzic&#8221; \u2014 t\u0142umaczy\u0142 aktor.<\/p>\n<p class=\"ods-c-paragraph \">Obecnie \u0142\u0105cz\u0105 ich relacja jest zupe\u0142nie inna. Nie tylko dlatego, \u017ce Magdalena Schejbal jest doros\u0142a i ma ju\u017c dwoje w\u0142asnych dzieci (Ignacego i Aniel\u0119).<\/p>\n<p> <img decoding=\"async\" src=\"https:\/\/www.europesays.com\/pl\/wp-content\/uploads\/2026\/02\/Ywwk9lBaHR0cHM6Ly9vY2RuLmV1L3B1bHNjbXMvTURBXy9mYWU0Mzk3ZWYxZWMxNmU0N2IzNTU5ODg1ZTczOWJkNy5qcGeRlQLNA.jpeg\" height=\"529\" width=\"940\" style=\"min-height:529px;\" alt=\"Jerzy Schejbal i Magdalena Schejbal\" loading=\"lazy\" class=\"ods-c-image__img ods-c-image__img--vertical\"\/> <\/p>\n<p>Jerzy Schejbal i Magdalena SchejbalANDRAS SZILAGYI\/MWMEDIA \/ MW Media<\/p>\n<p class=\"ods-c-paragraph \">Jerzy Schejbal nie ukrywa, \u017ce jest bardzo dumny z c\u00f3rki. Jak wida\u0107, mimo nieporozumie\u0144 nauczyli si\u0119 rozmawia\u0107. Po\u0142\u0105czy\u0142y ich wsp\u00f3lne zainteresowania \u2014 aktorstwo. Magdalena Schejbal co prawda zdoby\u0142a rozpoznawalno\u015b\u0107 dzi\u0119ki rolom w serialach. Wyst\u0105pi\u0142a w produkcjach takich jak &#8222;Kryminalni&#8221;, &#8222;Szpilki na Giewoncie&#8221;, &#8222;Blondynka&#8221;, &#8222;Na dobre i na z\u0142e&#8221; czy &#8222;M\u0105\u017c czy nie m\u0105\u017c&#8221;. Na co dzie\u0144 jednak mo\u017cemy zobaczy\u0107 j\u0105 na deskach Teatru Ateneum w Warszawie. &#8222;Tato zobaczy\u0142 ju\u017c we mnie partnera. Wiem, \u017ce mog\u0119 by\u0107 jego kole\u017cank\u0105, kumpel\u0105. Uwierzy\u0142 we mnie&#8221; \u2014 m\u00f3wi\u0142a Magdalena Schejbal na \u0142amach &#8222;Gali&#8221;. Jej ojciec z kolei doda\u0142:<\/p>\n<blockquote class=\"ods-o-quote\">\n<p class=\"ods-o-quote__paragraph\">My\u015bl\u0119, \u017ce rozumiemy si\u0119 teraz du\u017co lepiej. Chocia\u017c mam wra\u017cenie, \u017ce nasze kontakty maj\u0105 ostatnio przewa\u017cnie charakter zawodowy. Rozmawiamy o pracy, o warsztacie. Oczywi\u015bcie mam wci\u0105\u017c odruchy ojca i pedagoga, ale staram si\u0119 ogranicza\u0107<\/p>\n<\/blockquote>\n<p class=\"ods-c-paragraph \">Aktor jednak wci\u0105\u017c martwi si\u0119 o doros\u0142\u0105 c\u00f3rk\u0119. W tym samym wywiadzie przyzna\u0142:<\/p>\n<blockquote class=\"ods-o-quote\">\n<p class=\"ods-o-quote__paragraph\">Staram si\u0119 doradza\u0107 jej, \u017ceby w \u017cyciu cz\u0119\u015bciej my\u015bla\u0142a o sobie, a nie o wszystkim wok\u00f3\u0142 niej. Magda jest otwarta na \u015bwiat, na ludzi. Cieszy mnie to. Martwi natomiast, \u017ce kto\u015b mo\u017ce chcie\u0107 j\u0105 wykorzysta\u0107<\/p>\n<\/blockquote>\n<p> <img decoding=\"async\" src=\"https:\/\/www.europesays.com\/pl\/wp-content\/uploads\/2026\/02\/Hd3k9lBaHR0cHM6Ly9vY2RuLmV1L3B1bHNjbXMvTURBXy80YThhMzJjZDhlMzA1OWZjMmEwZjIyYWIzODlhOWU3Ny5qcGeRlQLNB.jpeg\" height=\"627\" width=\"940\" style=\"min-height:627px;\" alt=\"Jerzy Schejbal i Magdalena Schejbal\" loading=\"lazy\" class=\"ods-c-image__img ods-c-image__img--viewport-width\"\/> <\/p>\n<p>Jerzy Schejbal i Magdalena SchejbalGa\u0142\u0105zka \/ AKPA<\/p>\n<p class=\"ods-c-paragraph \">Dzi\u0119kujemy, \u017ce przeczyta\u0142a\u015b\/e\u015b nasz artyku\u0142 do ko\u0144ca. W serwisie Plejada.pl ka\u017cdego dnia piszemy o najwa\u017cniejszych wydarzeniach show-biznesowych. B\u0105d\u017a na bie\u017c\u0105co! <a rel=\"nofollow noopener\" href=\"https:\/\/news.google.com\/publications\/CAAiEF0PeAlb7W1llpV_mwV2rL4qFAgKIhBdD3gJW-1tZZaVf5sFdqy-?hl=pl&amp;gl=PL&amp;ceid=PL%3Apl\" id=\"450c0204-daca-40be-a46d-7bb892c7dc18\" target=\"_blank\">Obserwuj<\/a> Plejad\u0119 w Wiadomo\u015bciach Google. Odwied\u017a nas tak\u017ce na <a rel=\"nofollow noopener\" href=\"https:\/\/www.facebook.com\/plejadapl\" id=\"383b91be-33b7-4632-b58d-9490cbca3e0a\" target=\"_blank\">Facebooku<\/a>, <a rel=\"nofollow noopener\" href=\"https:\/\/www.instagram.com\/plejadapl\/\" id=\"ef8d6aa2-31b2-4b45-ae36-2ea7b4111998\" target=\"_blank\">Instagramie<\/a>, <a rel=\"nofollow noopener\" href=\"https:\/\/www.youtube.com\/c\/plejada\" id=\"55548062-59f9-44f3-b22e-0ee6b8418ee7\" target=\"_blank\">YouTubie<\/a> oraz <a rel=\"nofollow noopener\" href=\"https:\/\/www.tiktok.com\/@plejada_pl\" id=\"c7a02067-d62f-4418-b476-c145e059baf3\" target=\"_blank\">TikToku<\/a>.<\/p>\n<p class=\"ods-c-paragraph \">Chcesz podzieli\u0107 si\u0119 ciekawym newsem lub zaproponowa\u0107 temat? Skontaktuj si\u0119 z nami, pisz\u0105c maila na adres: <a rel=\"nofollow noopener\" href=\"https:\/\/plejada.pl\/polscy-celebryci\/trudne-relacje-magdaleny-schejbal-z-ojcem-bylam-w-domu-czarna-owca\/mailto:plejada@redakcjaonet.pl\" id=\"f15be627-c4bc-4a4e-b466-27c5b6a12373\" target=\"_blank\">plejada@redakcjaonet.pl<\/a><a rel=\"nofollow noopener\" href=\"https:\/\/plejada.pl\/polscy-celebryci\/trudne-relacje-magdaleny-schejbal-z-ojcem-bylam-w-domu-czarna-owca\/mailto:pl.plejada@redakcjaonet.pl\" id=\"6d583dce-c67d-437b-b34f-1131c38a87ba\" target=\"_blank\">.<\/a><\/p>\n<p><script async src=\"\/\/www.instagram.com\/embed.js\"><\/script><script async src=\"\/\/www.tiktok.com\/embed.js\"><\/script><\/p>\n","protected":false},"excerpt":{"rendered":"W show-biznesie ju\u017c nieraz spotkali\u015bmy si\u0119 z przypadkami, gdy dzieci aktor\u00f3w postanowi\u0142y i\u015b\u0107 w ich \u015blady. Tak te\u017c&hellip;\n","protected":false},"author":2,"featured_media":248503,"comment_status":"","ping_status":"","sticky":false,"template":"","format":"standard","meta":{"footnotes":"","_share_on_mastodon":"0"},"categories":[22],"tags":[2501,122,42093,13678,13677,48,46,42,38,40,3111,39,41,123,47],"class_list":["post-248502","post","type-post","status-publish","format-standard","has-post-thumbnail","category-rozrywka","tag-dzieci_gwiazd","tag-entertainment","tag-float_tst0","tag-jerzy_schejbal","tag-magdalena_schejbal","tag-nat_styl","tag-omp","tag-pl","tag-poland","tag-polish","tag-polscy_celebryci","tag-polska","tag-polski","tag-rozrywka","tag-screening_general"],"share_on_mastodon":{"url":"https:\/\/pubeurope.com\/@pl\/116032878851971919","error":""},"_links":{"self":[{"href":"https:\/\/www.europesays.com\/pl\/wp-json\/wp\/v2\/posts\/248502","targetHints":{"allow":["GET"]}}],"collection":[{"href":"https:\/\/www.europesays.com\/pl\/wp-json\/wp\/v2\/posts"}],"about":[{"href":"https:\/\/www.europesays.com\/pl\/wp-json\/wp\/v2\/types\/post"}],"author":[{"embeddable":true,"href":"https:\/\/www.europesays.com\/pl\/wp-json\/wp\/v2\/users\/2"}],"replies":[{"embeddable":true,"href":"https:\/\/www.europesays.com\/pl\/wp-json\/wp\/v2\/comments?post=248502"}],"version-history":[{"count":0,"href":"https:\/\/www.europesays.com\/pl\/wp-json\/wp\/v2\/posts\/248502\/revisions"}],"wp:featuredmedia":[{"embeddable":true,"href":"https:\/\/www.europesays.com\/pl\/wp-json\/wp\/v2\/media\/248503"}],"wp:attachment":[{"href":"https:\/\/www.europesays.com\/pl\/wp-json\/wp\/v2\/media?parent=248502"}],"wp:term":[{"taxonomy":"category","embeddable":true,"href":"https:\/\/www.europesays.com\/pl\/wp-json\/wp\/v2\/categories?post=248502"},{"taxonomy":"post_tag","embeddable":true,"href":"https:\/\/www.europesays.com\/pl\/wp-json\/wp\/v2\/tags?post=248502"}],"curies":[{"name":"wp","href":"https:\/\/api.w.org\/{rel}","templated":true}]}}