{"id":248504,"date":"2026-02-08T03:28:13","date_gmt":"2026-02-08T03:28:13","guid":{"rendered":"https:\/\/www.europesays.com\/pl\/248504\/"},"modified":"2026-02-08T03:28:13","modified_gmt":"2026-02-08T03:28:13","slug":"fbi-wraca-do-domu-nancy-guthrie-nowe-watki-w-sprawie-zaginiecia-matki-dziennikarki","status":"publish","type":"post","link":"https:\/\/www.europesays.com\/pl\/248504\/","title":{"rendered":"FBI wraca do domu Nancy Guthrie. Nowe w\u0105tki w sprawie zagini\u0119cia matki dziennikarki"},"content":{"rendered":"<p class=\"ods-c-paragraph \">31 stycznia tego roku zagin\u0119\u0142a 84-letnia Nancy Guthrie. To matka znanej dziennikarki i prezenterki ameryka\u0144skiej stacji informacjnej NBC News, Savanny Guthrie. Kobieta by\u0142a widziana po raz ostatni ok. godz. 21.50, gdy jej zi\u0119\u0107 Tommaso Cioni odwi\u00f3z\u0142 j\u0105 do domu. Nast\u0119pnego dnia nie pojawi\u0142a si\u0119 w ko\u015bciele. Wtedy rodzina zg\u0142osi\u0142a zagini\u0119cie i zacz\u0119\u0142y si\u0119 poszukiwania. Miejscowy szeryf przekaza\u0142 3 lutego, \u017ce najprawdopodobniej kobieta zosta\u0142a zabrana wbrew swojej woli, bo na schodach wej\u015bciowych do domu znaleziono jej krew.<\/p>\n<p> Dalszy ci\u0105g artyku\u0142u pod materia\u0142em wideo    <\/p>\n<p> Co nowego w sprawie zagini\u0119cia Nancy Guthrie? <\/p>\n<p> Ile wynosi nagroda za informacje o Nancy Guthrie? <\/p>\n<p> Kiedy zagin\u0119\u0142a Nancy Guthrie? <\/p>\n<p> Jakie nowe w\u0105tki pojawi\u0142y si\u0119 w \u015bledztwie? <\/p>\n<p>  Nowe w\u0105tki w \u015bledztwie zagini\u0119cia<\/p>\n<p class=\"ods-c-paragraph \">Wed\u0142ug medi\u00f3w do trzech redakcji, w tym telewizji KOLD-TV, trafi\u0142y listy z \u017c\u0105daniem okupu. Pierwszy z termin\u00f3w wskazanych w wiadomo\u015bciach min\u0105\u0142 w czwartek wieczorem, a kolejny wyznaczono na poniedzia\u0142ek. KOLD-TV przekaza\u0142a, \u017ce w pi\u0105tek otrzyma\u0142a kolejny list, kt\u00f3ry trafi\u0142 do organ\u00f3w \u015bcigania wraz z adresem IP nadawcy. W\u0142adze zak\u0142adaj\u0105, \u017ce 84-latka wci\u0105\u017c \u017cyje.<\/p>\n<p class=\"ods-c-paragraph \">S\u0142u\u017cby bardzo oszcz\u0119dnie informuj\u0105 o nowych faktach. &#8222;FBI oraz Biuro Szeryfa Hrabstwa Pima s\u0105 \u015bwiadome nowej wiadomo\u015bci dotycz\u0105cej Nancy Guthrie. \u015aledczy aktywnie sprawdzaj\u0105 informacje zawarte w tej wiadomo\u015bci pod k\u0105tem jej autentyczno\u015bci&#8221; \u2014 czytamy w komunikacie.<\/p>\n<p class=\"ods-c-paragraph \">Jak przypomnia\u0142y s\u0142u\u017cby, wci\u0105\u017c aktualny jest ich apel. &#8222;Prosimy wszystkich, kt\u00f3rzy posiadaj\u0105 jakiekolwiek wskaz\u00f3wki, o kontakt z FBI. Nadal oferujemy nagrod\u0119 w wysoko\u015bci do 50 tys. dol. za informacje prowadz\u0105ce do odnalezienia Nancy Guthrie lub do aresztowania i skazania os\u00f3b zamieszanych w jej zagini\u0119cie&#8221; \u2014 pisz\u0105 agenci federalni w komunikacie.<\/p>\n<p class=\"ods-c-paragraph \">Jak informuje tygodnik &#8222;People&#8221;, w pi\u0105tek po po\u0142udniu agenci FBI, w tym cz\u0142onkowie zespo\u0142\u00f3w ds. odzyskiwania dowod\u00f3w i zesp\u00f3\u0142 kryminalistyczny oraz dwudziestu funkcjonariuszy biura szeryfa, pojawi\u0142o si\u0119 w domu kobiety, aby przeszuka\u0107 jeszcze raz mieszcz\u0105c\u0105 si\u0119 na ty\u0142ach cz\u0119\u015b\u0107 posesji.<\/p>\n","protected":false},"excerpt":{"rendered":"31 stycznia tego roku zagin\u0119\u0142a 84-letnia Nancy Guthrie. To matka znanej dziennikarki i prezenterki ameryka\u0144skiej stacji informacjnej NBC&hellip;\n","protected":false},"author":2,"featured_media":248505,"comment_status":"","ping_status":"","sticky":false,"template":"","format":"standard","meta":{"footnotes":"","_share_on_mastodon":"0"},"categories":[14],"tags":[32,33,27,34,35,28,31,48,25,46,40,41,47,2058,80,43842,40586,29,30,71,26,82,83,84,5435],"class_list":["post-248504","post","type-post","status-publish","format-standard","has-post-thumbnail","category-swiat","tag-breaking-news","tag-breakingnews","tag-headlines","tag-latest-news","tag-latestnews","tag-naglowki","tag-najwazniejsze-artykuly","tag-nat_styl","tag-news","tag-omp","tag-polish","tag-polski","tag-screening_general","tag-senior","tag-swiat","tag-szeryf","tag-taboola_tst0","tag-top-stories","tag-topstories","tag-usa","tag-wiadomosci","tag-world","tag-world-news","tag-worldnews","tag-zaginiecie"],"share_on_mastodon":{"url":"https:\/\/pubeurope.com\/@pl\/116032890644571300","error":""},"_links":{"self":[{"href":"https:\/\/www.europesays.com\/pl\/wp-json\/wp\/v2\/posts\/248504","targetHints":{"allow":["GET"]}}],"collection":[{"href":"https:\/\/www.europesays.com\/pl\/wp-json\/wp\/v2\/posts"}],"about":[{"href":"https:\/\/www.europesays.com\/pl\/wp-json\/wp\/v2\/types\/post"}],"author":[{"embeddable":true,"href":"https:\/\/www.europesays.com\/pl\/wp-json\/wp\/v2\/users\/2"}],"replies":[{"embeddable":true,"href":"https:\/\/www.europesays.com\/pl\/wp-json\/wp\/v2\/comments?post=248504"}],"version-history":[{"count":0,"href":"https:\/\/www.europesays.com\/pl\/wp-json\/wp\/v2\/posts\/248504\/revisions"}],"wp:featuredmedia":[{"embeddable":true,"href":"https:\/\/www.europesays.com\/pl\/wp-json\/wp\/v2\/media\/248505"}],"wp:attachment":[{"href":"https:\/\/www.europesays.com\/pl\/wp-json\/wp\/v2\/media?parent=248504"}],"wp:term":[{"taxonomy":"category","embeddable":true,"href":"https:\/\/www.europesays.com\/pl\/wp-json\/wp\/v2\/categories?post=248504"},{"taxonomy":"post_tag","embeddable":true,"href":"https:\/\/www.europesays.com\/pl\/wp-json\/wp\/v2\/tags?post=248504"}],"curies":[{"name":"wp","href":"https:\/\/api.w.org\/{rel}","templated":true}]}}