{"id":248681,"date":"2026-02-08T07:42:15","date_gmt":"2026-02-08T07:42:15","guid":{"rendered":"https:\/\/www.europesays.com\/pl\/248681\/"},"modified":"2026-02-08T07:42:15","modified_gmt":"2026-02-08T07:42:15","slug":"stan-gotowosci-dowodztwo-operacyjne-wydalo-komunikat-z-samego-rana","status":"publish","type":"post","link":"https:\/\/www.europesays.com\/pl\/248681\/","title":{"rendered":"&#8222;Stan gotowo\u015bci&#8221;. Dow\u00f3dztwo Operacyjne wyda\u0142o komunikat z samego rana"},"content":{"rendered":"<ul class=\"list-summary__items summary\">\n<li>Jakie si\u0142y i \u015brodki uruchomi\u0142o Dow\u00f3dztwo Operacyjne RSZ.<\/li>\n<li>Dlaczego dzia\u0142ania DORSZ maj\u0105 charakter prewencyjny.<\/li>\n<li>Co oznacza stan gotowo\u015bci naziemnych system\u00f3w obrony powietrznej.<\/li>\n<li>Kt\u00f3re operacje zwi\u0105zane z lotnictwem wojskowym zosta\u0142y zako\u0144czone.<\/li>\n<\/ul>\n<p>    <a name=\"eztoc36930776_0_3\" id=\"eztoc36930776_0_3\"\/>&#8222;Stan gotowo\u015bci&#8221;. Komunikat DORSZ z samego rana<\/p>\n<p>&#8222;Zgodnie z obowi\u0105zuj\u0105cymi procedurami Dow\u00f3dztwo Operacyjne RSZ uruchomi\u0142o niezb\u0119dne si\u0142y i \u015brodki pozostaj\u0105ce w dyspozycji. Naziemne systemy obrony powietrznej oraz rozpoznania radiolokacyjnego osi\u0105gn\u0119\u0142y stan gotowo\u015bci&#8221; &#8211; poinformowa\u0142o na platformie X dow\u00f3dztwo.<\/p>\n<p>DORSZ podkre\u015bli\u0142o te\u017c, \u017ce dzia\u0142ania te maj\u0105 charakter prewencyjny i s\u0105 ukierunkowane na zabezpieczenie przestrzeni powietrznej i jej ochron\u0119, w szczeg\u00f3lno\u015bci w rejonach przyleg\u0142ych do zagro\u017conych obszar\u00f3w.<\/p>\n<p>&#8222;Dow\u00f3dztwo Operacyjne RSZ monitoruje bie\u017c\u0105c\u0105 sytuacj\u0119, a podleg\u0142e si\u0142y i \u015brodki pozostaj\u0105 w gotowo\u015bci do natychmiastowej reakcji&#8221; &#8211; g\u0142osi sobotni komunikat w mediach spo\u0142eczno\u015bciowych.\u00a0<\/p>\n<p>AKTUALIZACJA:\u00a0<\/p>\n<p>&#8222;Operowanie wojskowego lotnictwa w naszej przestrzeni powietrznej, zwi\u0105zane z uderzeniami Federacji Rosyjskiej na Ukrain\u0119, zosta\u0142o zako\u0144czone. Uruchomione naziemne systemy obrony powietrznej i rozpoznania radiolokacyjnego powr\u00f3ci\u0142y do standardowej dzia\u0142alno\u015bci operacyjnej. Informujemy, \u017ce nie zaobserwowano naruszenia przestrzeni powietrznej RP&#8221; &#8211; poinformowano po godz. 8.\u00a0<\/p>\n<p>\u0179r\u00f3d\u0142o: Radio ZET\/PAP\/X<\/p>\n<p>By\u0142e\u015b \u015bwiadkiem czego\u015b niespodziewanego? Masz temat, kt\u00f3rym powinni\u015bmy si\u0119 zaj\u0105\u0107?<\/p>\n<p>Zg\u0142o\u015b spraw\u0119 przez <a href=\"https:\/\/wiadomosci.radiozet.pl\/czerwony-telefon\" target=\"_blank\" title=\"Czerwony telefon Radia Zet\" rel=\"nofollow noopener\">Czerwony telefon Radia ZET<\/a><\/p>\n","protected":false},"excerpt":{"rendered":"Jakie si\u0142y i \u015brodki uruchomi\u0142o Dow\u00f3dztwo Operacyjne RSZ. Dlaczego dzia\u0142ania DORSZ maj\u0105 charakter prewencyjny. Co oznacza stan gotowo\u015bci&hellip;\n","protected":false},"author":2,"featured_media":248682,"comment_status":"","ping_status":"","sticky":false,"template":"","format":"standard","meta":{"footnotes":"","_share_on_mastodon":"0"},"categories":[5],"tags":[2891,32,33,36,37,27,34,35,28,31,25,42,38,40,39,41,87,9954,29,30,26,161],"class_list":["post-248681","post","type-post","status-publish","format-standard","has-post-thumbnail","category-naglowki","tag-armia","tag-breaking-news","tag-breakingnews","tag-featured-news","tag-featurednews","tag-headlines","tag-latest-news","tag-latestnews","tag-naglowki","tag-najwazniejsze-artykuly","tag-news","tag-pl","tag-poland","tag-polish","tag-polska","tag-polski","tag-rosja","tag-samoloty","tag-top-stories","tag-topstories","tag-wiadomosci","tag-wojsko"],"share_on_mastodon":{"url":"https:\/\/pubeurope.com\/@pl\/116033889384533880","error":""},"_links":{"self":[{"href":"https:\/\/www.europesays.com\/pl\/wp-json\/wp\/v2\/posts\/248681","targetHints":{"allow":["GET"]}}],"collection":[{"href":"https:\/\/www.europesays.com\/pl\/wp-json\/wp\/v2\/posts"}],"about":[{"href":"https:\/\/www.europesays.com\/pl\/wp-json\/wp\/v2\/types\/post"}],"author":[{"embeddable":true,"href":"https:\/\/www.europesays.com\/pl\/wp-json\/wp\/v2\/users\/2"}],"replies":[{"embeddable":true,"href":"https:\/\/www.europesays.com\/pl\/wp-json\/wp\/v2\/comments?post=248681"}],"version-history":[{"count":0,"href":"https:\/\/www.europesays.com\/pl\/wp-json\/wp\/v2\/posts\/248681\/revisions"}],"wp:featuredmedia":[{"embeddable":true,"href":"https:\/\/www.europesays.com\/pl\/wp-json\/wp\/v2\/media\/248682"}],"wp:attachment":[{"href":"https:\/\/www.europesays.com\/pl\/wp-json\/wp\/v2\/media?parent=248681"}],"wp:term":[{"taxonomy":"category","embeddable":true,"href":"https:\/\/www.europesays.com\/pl\/wp-json\/wp\/v2\/categories?post=248681"},{"taxonomy":"post_tag","embeddable":true,"href":"https:\/\/www.europesays.com\/pl\/wp-json\/wp\/v2\/tags?post=248681"}],"curies":[{"name":"wp","href":"https:\/\/api.w.org\/{rel}","templated":true}]}}