{"id":248795,"date":"2026-02-08T08:57:06","date_gmt":"2026-02-08T08:57:06","guid":{"rendered":"https:\/\/www.europesays.com\/pl\/248795\/"},"modified":"2026-02-08T08:57:06","modified_gmt":"2026-02-08T08:57:06","slug":"pierwsze-spotkanie-rady-pokoju-media-wskazuja-konkretna-date","status":"publish","type":"post","link":"https:\/\/www.europesays.com\/pl\/248795\/","title":{"rendered":"Pierwsze spotkanie Rady Pokoju. Media wskazuj\u0105 konkretn\u0105 dat\u0119"},"content":{"rendered":"<p class=\"ods-c-paragraph \">Rada Pokoju Donalda Trumpa <a href=\"https:\/\/businessinsider.com.pl\/prawo\/rada-pokoju-oficjalnie-powolana-oto-wielcy-nieobecni\/fqjgwl8\" id=\"130057ea-cdc3-41a1-a0c9-332d0c4eaf0f\" rel=\"nofollow noopener\" target=\"_blank\">oficjalnie wystartowa\u0142a 22 stycznia podczas \u015awiatowego Forum Ekonomicznego w Davos<\/a>. Tego dnia prezydent USA i przedstawiciele 19 innych pa\u0144stw podpisali dokument za\u0142o\u017cycielski organizacji. Szczeg\u00f3lnie na pocz\u0105tku ma ona si\u0119 skupi\u0107 na Strefie Gazy.<\/p>\n<p> Dalszy ci\u0105g artyku\u0142u pod materia\u0142em wideo    <\/p>\n<p> Kiedy odb\u0119dzie si\u0119 pierwsze spotkanie Rady Pokoju? <\/p>\n<p> Jakie b\u0119d\u0105 tematy rozm\u00f3w na pierwszym spotkaniu Rady Pokoju? <\/p>\n<p> Gdzie ma si\u0119 odby\u0107 spotkanie lider\u00f3w Rady Pokoju? <\/p>\n<p> Ile kraj\u00f3w obecnie nale\u017cy do Rady Pokoju? <\/p>\n<p class=\"ods-c-paragraph \">Serwis Axios przekaza\u0142 teraz szczeg\u00f3\u0142y na temat planowanego pierwszego spotkania lider\u00f3w kraj\u00f3w cz\u0142onkowskich Rady Pokoju. Jak si\u0119 okazuje, ma si\u0119 ono odby\u0107 ju\u017c w czwartek 19 lutego.<\/p>\n<p>Tak ma wygl\u0105da\u0107 pierwsze spotkanie Rady Pokoju. O tym maj\u0105 rozmawia\u0107   <\/p>\n<p class=\"ods-c-paragraph \">Pierwsze posiedzenie Rady Pokoju ma by\u0107 po\u015bwi\u0119cone zbi\u00f3rce funduszy na odbudow\u0119 Strefy Gazy \u2014 wynika z informacji przekazanych serwisowi przez przedstawiciela w\u0142adz USA. &#8222;Plany dotycz\u0105ce szczytu s\u0105 na wczesnym etapie i mog\u0105 ulec zmianie&#8221; \u2014 czytamy. W miniony pi\u0105tek administracja Trumpa zacz\u0119\u0142a kontaktowa\u0107 si\u0119 z liderami pa\u0144stw nale\u017c\u0105cych do Rady Pokoju, aby ich zaprosi\u0107 i om\u00f3wi\u0107 kwestie logistyczne.<\/p>\n<p class=\"ods-c-paragraph \">Jak czytamy, spotkanie mia\u0142oby si\u0119 odby\u0107 w Instytucie Pokoju w Waszyngtonie, kt\u00f3ry niedawno otrzyma\u0142 imi\u0119 Donalda Trumpa. &#8222;Nic nie zosta\u0142o jeszcze potwierdzone, ale administracja planuje to i zacz\u0119\u0142a sprawdza\u0107, kt\u00f3rzy przyw\u00f3dcy b\u0119d\u0105 mogli wzi\u0105\u0107 udzia\u0142&#8221; \u2014 przekazuje jeden z informator\u00f3w.<\/p>\n<p>   Rada Pokoju Donalda Trumpa wzbudzi\u0142a sceptycyzm   <\/p>\n<p class=\"ods-c-paragraph \">Inicjatywa powo\u0142ania Rady Pokoju spotka\u0142a si\u0119 ze sporym sceptycyzmem szczeg\u00f3lnie w\u015br\u00f3d przyw\u00f3dc\u00f3w europejskich pa\u0144stw. Wst\u0105pienia do organizacji odm\u00f3wili m.in. Francuzi, Szwedzi, czy Norwedzy. <a href=\"https:\/\/wiadomosci.onet.pl\/swiat\/rada-pokoju-oficjalnie-ruszyla-kto-przyjal-zaproszenie-oto-pelny-sklad-panstw\/htyxp4f\" id=\"9677e69e-33b5-4057-ab4d-894b02205822\" rel=\"nofollow noopener\" target=\"_blank\">Obecnie do Rady nale\u017cy 27 kraj\u00f3w<\/a>.<\/p>\n<p class=\"ods-c-paragraph \">Do Rady mog\u0105 przyst\u0105pi\u0107 wy\u0142\u0105cznie pa\u0144stwa zaproszone przez Stany Zjednoczone. Standardowa kadencja trwa trzy lata, lecz kraje, kt\u00f3re w pierwszym roku wp\u0142ac\u0105 1 mld dol., uzyskuj\u0105 status cz\u0142onka sta\u0142ego.<\/p>\n","protected":false},"excerpt":{"rendered":"Rada Pokoju Donalda Trumpa oficjalnie wystartowa\u0142a 22 stycznia podczas \u015awiatowego Forum Ekonomicznego w Davos. Tego dnia prezydent USA&hellip;\n","protected":false},"author":2,"featured_media":248796,"comment_status":"","ping_status":"","sticky":false,"template":"","format":"standard","meta":{"footnotes":"","_share_on_mastodon":"0"},"categories":[14],"tags":[32,33,44,27,34,35,28,31,48,25,46,40,41,40547,47,88,80,29,30,26,82,83,84],"class_list":["post-248795","post","type-post","status-publish","format-standard","has-post-thumbnail","category-swiat","tag-breaking-news","tag-breakingnews","tag-donald_trump","tag-headlines","tag-latest-news","tag-latestnews","tag-naglowki","tag-najwazniejsze-artykuly","tag-nat_styl","tag-news","tag-omp","tag-polish","tag-polski","tag-rada_pokoju","tag-screening_general","tag-strefa_gazy","tag-swiat","tag-top-stories","tag-topstories","tag-wiadomosci","tag-world","tag-world-news","tag-worldnews"],"share_on_mastodon":{"url":"https:\/\/pubeurope.com\/@pl\/116034184437635754","error":""},"_links":{"self":[{"href":"https:\/\/www.europesays.com\/pl\/wp-json\/wp\/v2\/posts\/248795","targetHints":{"allow":["GET"]}}],"collection":[{"href":"https:\/\/www.europesays.com\/pl\/wp-json\/wp\/v2\/posts"}],"about":[{"href":"https:\/\/www.europesays.com\/pl\/wp-json\/wp\/v2\/types\/post"}],"author":[{"embeddable":true,"href":"https:\/\/www.europesays.com\/pl\/wp-json\/wp\/v2\/users\/2"}],"replies":[{"embeddable":true,"href":"https:\/\/www.europesays.com\/pl\/wp-json\/wp\/v2\/comments?post=248795"}],"version-history":[{"count":0,"href":"https:\/\/www.europesays.com\/pl\/wp-json\/wp\/v2\/posts\/248795\/revisions"}],"wp:featuredmedia":[{"embeddable":true,"href":"https:\/\/www.europesays.com\/pl\/wp-json\/wp\/v2\/media\/248796"}],"wp:attachment":[{"href":"https:\/\/www.europesays.com\/pl\/wp-json\/wp\/v2\/media?parent=248795"}],"wp:term":[{"taxonomy":"category","embeddable":true,"href":"https:\/\/www.europesays.com\/pl\/wp-json\/wp\/v2\/categories?post=248795"},{"taxonomy":"post_tag","embeddable":true,"href":"https:\/\/www.europesays.com\/pl\/wp-json\/wp\/v2\/tags?post=248795"}],"curies":[{"name":"wp","href":"https:\/\/api.w.org\/{rel}","templated":true}]}}