{"id":249439,"date":"2026-02-08T15:52:08","date_gmt":"2026-02-08T15:52:08","guid":{"rendered":"https:\/\/www.europesays.com\/pl\/249439\/"},"modified":"2026-02-08T15:52:08","modified_gmt":"2026-02-08T15:52:08","slug":"radoslaw-sikorski-wezwie-ambasadora-usa-europosel-ujawnia-plany","status":"publish","type":"post","link":"https:\/\/www.europesays.com\/pl\/249439\/","title":{"rendered":"Rados\u0142aw Sikorski wezwie ambasadora USA? Europose\u0142 ujawnia plany"},"content":{"rendered":"<p class=\"ods-c-paragraph \"><a href=\"https:\/\/wiadomosci.onet.pl\/kraj\/donald-trump-stara-sie-o-nagrode-nobla-wlodzimierz-czarzasty-oglosil-decyzje\/1gn6kgh\" id=\"237aae2d-e60c-4efd-9019-a0cce484bf4f\" rel=\"nofollow noopener\" target=\"_blank\">W\u0142odzimierz Czarzasty poinformowa\u0142, \u017ce nie poprze wniosku o przyznanie pokojowego Nobla Donaldowi Trumpowi uznaj\u0105c, \u017ce ameryka\u0144ski przyw\u00f3dca na to wyr\u00f3\u017cnienie nie zas\u0142uguje. <\/a>W zwi\u0105zku z tym ambasador USA w Polsce Tom Rose og\u0142osi\u0142 zerwanie kontakt\u00f3w z marsza\u0142kiem Sejmu W\u0142odzimierzem Czarzastym, zarzucaj\u0105c mu obra\u017aliwe wypowiedzi o prezydencie USA Donaldzie Trumpie.<\/p>\n<p> Dalszy ci\u0105g artyku\u0142u pod materia\u0142em wideo    <\/p>\n<p> Rados\u0142aw Sikorski planuje spotkanie z ambasadorem USA? <\/p>\n<p> Kiedy ma si\u0119 odby\u0107 spotkanie Sikorski-Rose? <\/p>\n<p> Czy W\u0142odzimierz Czarzasty popiera wniosek o Nobla dla Trumpa? <\/p>\n<p> Jakie dzia\u0142ania oczekuje Robert Biedro\u0144 od MSZ? <\/p>\n<p class=\"ods-c-paragraph \">Do napi\u0119tej sytuacji mi\u0119dzy politykami odni\u00f3s\u0142 si\u0119 europose\u0142 Lewicy Robert Biedro\u0144, kt\u00f3ry podkre\u015bli\u0142, \u017ce oczekuje od Ministerstwa Spraw Zagranicznych wezwania ambasadora celem wyja\u015bnie\u0144 i przeprosin ze strony administracji USA.<\/p>\n<p class=\"ods-c-paragraph \">\u2014 Tak jak by\u0142o to w przypadku Wielkiej Brytanii, gdzie premier Wielkiej Brytanii w spos\u00f3b stanowczy zareagowa\u0142 na tego typu s\u0142owa \u2014 m\u00f3wi\u0142 Biedro\u0144 w programie &#8222;7. Dzie\u0144 Tygodnia&#8221;.<\/p>\n<p>&#8222;Tak si\u0119 stanie&#8221;. Europose\u0142 o spotkaniu na linii Sikorski-Rose   <\/p>\n<p class=\"ods-c-paragraph \">\u2014 Rozumiem, \u017ce pan domaga si\u0119 od MSZ-u, \u017ce wezwie na dywanik ambasadora? \u2014 upewni\u0142 si\u0119 prowadz\u0105cy audycj\u0119 Andrzej Stankiewicz.<\/p>\n<p class=\"ods-c-paragraph \">\u2014 I tak si\u0119 stanie z tego, co wiem. Rados\u0142aw Sikorski zamierza spotka\u0107 si\u0119 z ambasadorem. Uwa\u017cam, \u017ce to jest dobry krok \u2014 zdradzi\u0142 polityk Lewicy.<\/p>\n<p class=\"ods-c-paragraph \">\u2014 Zamierza si\u0119 spotka\u0107 czy zamierza go wezwa\u0107? Bo w dyplomacji to jest jednak wa\u017cne \u2014 upewni\u0142 si\u0119 Stankiewicz.<\/p>\n<p class=\"ods-c-paragraph \">\u2014 Zobaczymy. Ja uwa\u017cam, \u017ce powinien zosta\u0107 wezwany \u2014 podkre\u015bli\u0142 Biedro\u0144.<\/p>\n","protected":false},"excerpt":{"rendered":"W\u0142odzimierz Czarzasty poinformowa\u0142, \u017ce nie poprze wniosku o przyznanie pokojowego Nobla Donaldowi Trumpowi uznaj\u0105c, \u017ce ameryka\u0144ski przyw\u00f3dca na&hellip;\n","protected":false},"author":2,"featured_media":249440,"comment_status":"","ping_status":"","sticky":false,"template":"","format":"standard","meta":{"footnotes":"","_share_on_mastodon":"0"},"categories":[5],"tags":[32,33,36,37,27,49,34,35,1162,28,31,48,25,46,42,38,40,39,41,1118,12773,47,29,30,71,26],"class_list":["post-249439","post","type-post","status-publish","format-standard","has-post-thumbnail","category-naglowki","tag-breaking-news","tag-breakingnews","tag-featured-news","tag-featurednews","tag-headlines","tag-kraj","tag-latest-news","tag-latestnews","tag-msz","tag-naglowki","tag-najwazniejsze-artykuly","tag-nat_styl","tag-news","tag-omp","tag-pl","tag-poland","tag-polish","tag-polska","tag-polski","tag-radoslaw_sikorski","tag-robert_biedron","tag-screening_general","tag-top-stories","tag-topstories","tag-usa","tag-wiadomosci"],"share_on_mastodon":{"url":"https:\/\/pubeurope.com\/@pl\/116035816267312984","error":""},"_links":{"self":[{"href":"https:\/\/www.europesays.com\/pl\/wp-json\/wp\/v2\/posts\/249439","targetHints":{"allow":["GET"]}}],"collection":[{"href":"https:\/\/www.europesays.com\/pl\/wp-json\/wp\/v2\/posts"}],"about":[{"href":"https:\/\/www.europesays.com\/pl\/wp-json\/wp\/v2\/types\/post"}],"author":[{"embeddable":true,"href":"https:\/\/www.europesays.com\/pl\/wp-json\/wp\/v2\/users\/2"}],"replies":[{"embeddable":true,"href":"https:\/\/www.europesays.com\/pl\/wp-json\/wp\/v2\/comments?post=249439"}],"version-history":[{"count":0,"href":"https:\/\/www.europesays.com\/pl\/wp-json\/wp\/v2\/posts\/249439\/revisions"}],"wp:featuredmedia":[{"embeddable":true,"href":"https:\/\/www.europesays.com\/pl\/wp-json\/wp\/v2\/media\/249440"}],"wp:attachment":[{"href":"https:\/\/www.europesays.com\/pl\/wp-json\/wp\/v2\/media?parent=249439"}],"wp:term":[{"taxonomy":"category","embeddable":true,"href":"https:\/\/www.europesays.com\/pl\/wp-json\/wp\/v2\/categories?post=249439"},{"taxonomy":"post_tag","embeddable":true,"href":"https:\/\/www.europesays.com\/pl\/wp-json\/wp\/v2\/tags?post=249439"}],"curies":[{"name":"wp","href":"https:\/\/api.w.org\/{rel}","templated":true}]}}