{"id":249659,"date":"2026-02-08T19:49:04","date_gmt":"2026-02-08T19:49:04","guid":{"rendered":"https:\/\/www.europesays.com\/pl\/249659\/"},"modified":"2026-02-08T19:49:04","modified_gmt":"2026-02-08T19:49:04","slug":"aukcja-donalda-tuska-na-wosp-robi-furore-tyle-juz-zebrano","status":"publish","type":"post","link":"https:\/\/www.europesays.com\/pl\/249659\/","title":{"rendered":"Aukcja Donalda Tuska na WO\u015aP robi furor\u0119. Tyle ju\u017c zebrano"},"content":{"rendered":"<p class=\"ods-c-paragraph \">Tegoroczny fina\u0142 <a href=\"https:\/\/plejada.pl\/temat\/wielka-orkiestra-swiatecznej-pomocy-wosp\/8hhw1k2\" id=\"a7eb393d-eaba-444c-b221-a488b3c521ef\" rel=\"nofollow noopener\" target=\"_blank\">Wielkiej Orkiestry \u015awi\u0105tecznej Pomocy<\/a> odby\u0142 si\u0119 w ostatni\u0105 niedziel\u0119 stycznia, jednak cz\u0119\u015b\u0107 aukcji nadal jest prowadzona i zako\u0144czy si\u0119 dopiero z ko\u0144cem lutego. W\u015br\u00f3d nich szczeg\u00f3lne zainteresowanie budzi licytacja przekazana przez premiera Donalda Tuska, kt\u00f3ry na WO\u015aP wystawi\u0142 z\u0142ote korki oraz mo\u017cliwo\u015b\u0107 osobistego spotkania w Kancelarii Prezesa Rady Ministr\u00f3w. <\/p>\n<p> Dalszy ci\u0105g artyku\u0142u pod materia\u0142em wideo    <\/p>\n<p> Ile pieni\u0119dzy ju\u017c zebrano na aukcji Donalda Tuska? <\/p>\n<p> Kiedy ko\u0144czy si\u0119 licytacja na WO\u015aP? <\/p>\n<p> Jakie przedmioty wystawi\u0142 Donald Tusk na aukcj\u0119? <\/p>\n<p> Czy Donald Tusk spodziewa\u0142 si\u0119 tak wysokiej kwoty w licytacji? <\/p>\n<p>  Aukcja Donalda Tuska na WO\u015aP robi furor\u0119. Licznik ro\u015bnie<\/p>\n<p class=\"ods-c-paragraph \">Na trzy dni przed ko\u0144cem licytacji aukcja osi\u0105gn\u0119\u0142a poziom ponad 253 tys. z\u0142 i wci\u0105\u017c przyci\u0105ga kolejnych darczy\u0144c\u00f3w. <a href=\"https:\/\/plejada.pl\/temat\/donald-tusk-polityk\/nsemlnd\" id=\"b581a092-7d62-4f3e-8c98-3664d390cdda\" rel=\"nofollow noopener\" target=\"_blank\">Donald Tusk<\/a> przyzna\u0142, \u017ce wynik przer\u00f3s\u0142 jego oczekiwania.<\/p>\n<blockquote class=\"ods-o-quote\">\n<p class=\"ods-o-quote__paragraph\">\u0106wier\u0107 miliona, a do ko\u0144ca licytacji wci\u0105\u017c 3 dni! Jest naprawd\u0119 nie\u017ale!<\/p>\n<\/blockquote>\n<p class=\"ods-c-paragraph \">\u2014 napisa\u0142 szef rz\u0105du na Instagramie. <\/p>\n<p class=\"ods-c-paragraph \">Dzi\u0119kujemy, \u017ce przeczyta\u0142a\u015b\/e\u015b nasz artyku\u0142 do ko\u0144ca. W serwisie Plejada.pl ka\u017cdego dnia piszemy o najwa\u017cniejszych wydarzeniach show-biznesowych. B\u0105d\u017a na bie\u017c\u0105co! <a rel=\"nofollow noopener\" href=\"https:\/\/profile.google.com\/cp\/Cg0vZy8xMWJ6X19wdHBx\" id=\"daa11c85-d513-44f0-9862-676b4a57cec9\" target=\"_blank\">Obserwuj<\/a> Plejad\u0119 w Google. Odwied\u017a nas tak\u017ce na <a rel=\"nofollow noopener\" href=\"https:\/\/www.facebook.com\/plejadapl\" id=\"530aba88-ea40-45c1-bf0e-fbe0897cdd76\" target=\"_blank\">Facebooku<\/a>, <a rel=\"nofollow noopener\" href=\"https:\/\/www.instagram.com\/plejadapl\/\" id=\"bce14b61-a898-4ec7-bbaf-6b7cf5fbc891\" target=\"_blank\">Instagramie<\/a>, <a rel=\"nofollow noopener\" href=\"https:\/\/www.youtube.com\/c\/plejada\" id=\"824e419d-03d5-484c-be3a-c240916f14cb\" target=\"_blank\">YouTubie<\/a> oraz <a rel=\"nofollow noopener\" href=\"https:\/\/www.tiktok.com\/@plejada_pl\" id=\"275af329-0e32-4bd4-a6b7-f2123745e3bd\" target=\"_blank\">TikToku<\/a>.<\/p>\n<p class=\"ods-c-paragraph \">Chcesz podzieli\u0107 si\u0119 ciekawym newsem lub zaproponowa\u0107 temat? Skontaktuj si\u0119 z nami, pisz\u0105c maila na adres: <a rel=\"nofollow noopener\" href=\"https:\/\/plejada.pl\/newsy\/aukcja-donalda-tuska-na-wosp-robi-furore-tyle-juz-zebrano\/mailto:plejada@redakcjaonet.pl\" id=\"df90b1c7-d855-4a5d-94e9-7375b6dc26f4\" target=\"_blank\">plejada@redakcjaon<\/a><a rel=\"nofollow noopener\" href=\"https:\/\/et.pl\/\" id=\"e88e9978-1c5f-4c5b-ae20-d259496ac955\" target=\"_blank\">et.pl<\/a>.<\/p>\n<p><script async src=\"\/\/www.instagram.com\/embed.js\"><\/script><script async src=\"\/\/www.tiktok.com\/embed.js\"><\/script><\/p>\n","protected":false},"excerpt":{"rendered":"Tegoroczny fina\u0142 Wielkiej Orkiestry \u015awi\u0105tecznej Pomocy odby\u0142 si\u0119 w ostatni\u0105 niedziel\u0119 stycznia, jednak cz\u0119\u015b\u0107 aukcji nadal jest prowadzona&hellip;\n","protected":false},"author":2,"featured_media":249660,"comment_status":"","ping_status":"","sticky":false,"template":"","format":"standard","meta":{"footnotes":"","_share_on_mastodon":"0"},"categories":[12],"tags":[32,33,212,36,37,42025,27,34,35,28,31,48,25,125,46,42,38,40,39,41,47,29,30,26,24147],"class_list":["post-249659","post","type-post","status-publish","format-standard","has-post-thumbnail","category-polska","tag-breaking-news","tag-breakingnews","tag-donald_tusk","tag-featured-news","tag-featurednews","tag-float_tst1","tag-headlines","tag-latest-news","tag-latestnews","tag-naglowki","tag-najwazniejsze-artykuly","tag-nat_styl","tag-news","tag-newsy","tag-omp","tag-pl","tag-poland","tag-polish","tag-polska","tag-polski","tag-screening_general","tag-top-stories","tag-topstories","tag-wiadomosci","tag-wosp"],"share_on_mastodon":{"url":"https:\/\/pubeurope.com\/@pl\/116036748071809740","error":""},"_links":{"self":[{"href":"https:\/\/www.europesays.com\/pl\/wp-json\/wp\/v2\/posts\/249659","targetHints":{"allow":["GET"]}}],"collection":[{"href":"https:\/\/www.europesays.com\/pl\/wp-json\/wp\/v2\/posts"}],"about":[{"href":"https:\/\/www.europesays.com\/pl\/wp-json\/wp\/v2\/types\/post"}],"author":[{"embeddable":true,"href":"https:\/\/www.europesays.com\/pl\/wp-json\/wp\/v2\/users\/2"}],"replies":[{"embeddable":true,"href":"https:\/\/www.europesays.com\/pl\/wp-json\/wp\/v2\/comments?post=249659"}],"version-history":[{"count":0,"href":"https:\/\/www.europesays.com\/pl\/wp-json\/wp\/v2\/posts\/249659\/revisions"}],"wp:featuredmedia":[{"embeddable":true,"href":"https:\/\/www.europesays.com\/pl\/wp-json\/wp\/v2\/media\/249660"}],"wp:attachment":[{"href":"https:\/\/www.europesays.com\/pl\/wp-json\/wp\/v2\/media?parent=249659"}],"wp:term":[{"taxonomy":"category","embeddable":true,"href":"https:\/\/www.europesays.com\/pl\/wp-json\/wp\/v2\/categories?post=249659"},{"taxonomy":"post_tag","embeddable":true,"href":"https:\/\/www.europesays.com\/pl\/wp-json\/wp\/v2\/tags?post=249659"}],"curies":[{"name":"wp","href":"https:\/\/api.w.org\/{rel}","templated":true}]}}