{"id":249785,"date":"2026-02-08T21:28:07","date_gmt":"2026-02-08T21:28:07","guid":{"rendered":"https:\/\/www.europesays.com\/pl\/249785\/"},"modified":"2026-02-08T21:28:07","modified_gmt":"2026-02-08T21:28:07","slug":"reportaz-o-rosji-na-kanale-zero-wywolal-burze-w-sieci-jest-reakcja-ambasady-ukrainy","status":"publish","type":"post","link":"https:\/\/www.europesays.com\/pl\/249785\/","title":{"rendered":"Reporta\u017c o Rosji na Kanale Zero wywo\u0142a\u0142 burz\u0119 w sieci. Jest reakcja ambasady Ukrainy"},"content":{"rendered":"<p class=\"Paragraph_desktopParagraph__U31Gm\">Reporta\u017c Marii Wiernikowskiej opublikowany kilka dni temu na kanale YouTube Kana\u0142u Zero wywo\u0142a\u0142 kontrowersje i liczne komentarze w sieci. Autorce, kt\u00f3rej prorosyjskie sympatie pokazuj\u0105 jej wpisy w mediach spo\u0142eczno\u015bciowych, w kt\u00f3rych m.in. chwali Putina jako najwi\u0119kszego m\u0119\u017ca stanu i przypisuje USA odpowiedzialno\u015b\u0107 za rosyjsk\u0105 inwazj\u0119 na Ukrain\u0119, <a href=\"https:\/\/wiadomosci.onet.pl\/kraj\/rzecznik-rzadu-adam-szlapka-reaguje-na-material-kanalu-zero-o-rosji\/yj8ptc7\" id=\"c51cffe2-b1cb-4114-b0e5-d09b4ddf5c60\" rel=\"nofollow noopener\" target=\"_blank\">zarzucano narracj\u0119 zbie\u017cn\u0105 z propagand\u0105 Kremla. <\/a><\/p>\n<p class=\"Paragraph_desktopParagraph__U31Gm\">Na materia\u0142 <a href=\"https:\/\/wiadomosci.onet.pl\/kraj\/rzecznik-rzadu-adam-szlapka-reaguje-na-material-kanalu-zero-o-rosji\/yj8ptc7\" id=\"f346124f-e9a1-4421-8579-64ab5af1a129\" rel=\"nofollow noopener\" target=\"_blank\">zwr\u00f3ci\u0142 m.in. rzecznik polskiego rz\u0105du Adam Sz\u0142apka. <\/a>&#8222;My\u015blicie, \u017ce da si\u0119 w Rosji nagra\u0107 materia\u0142 dziennikarski bez zgody i pomocy tamtejszych w\u0142adz?&#8221; &#8211; napisa\u0142 na X. Zareagowa\u0142 te\u017c resort spraw zagranicznych, kt\u00f3ry zdecydowanie odradzi\u0142 wyjazdy do Rosji, r\u00f3wnie\u017c te dziennikarskie. <\/p>\n<p class=\"Paragraph_desktopParagraph__U31Gm\">Ambasada Ukrainy zwr\u00f3ci\u0142a natomiast uwag\u0119 na jeszcze jeden aspekt reporta\u017cu w Kanale Zero \u2014 pokazan\u0105 w nim map\u0119.<\/p>\n<p class=\"VideoPlayerText_videoPlayerText__iDwyz\">Dalszy ci\u0105g materia\u0142u pod wideo<\/p>\n<ul class=\"OchatFollowUps_wrapper__1ry7X\">\n<li class=\"OchatFollowUps_item__Dhyly OchatFollowUps_itemDesktop__R6aBv\">Czemu ambasada Ukrainy zareagowa\u0142a na reporta\u017c Kana\u0142u Zero?<\/li>\n<li class=\"OchatFollowUps_item__Dhyly OchatFollowUps_itemDesktop__R6aBv\">Jakie konkretne zarzuty przedstawili ukrai\u0144scy dyplomaci?<\/li>\n<li class=\"OchatFollowUps_item__Dhyly OchatFollowUps_itemDesktop__R6aBv\">Co ambasada powiedzia\u0142a o mapie pokazanej w reporta\u017cu?<\/li>\n<li class=\"OchatFollowUps_item__Dhyly OchatFollowUps_itemDesktop__R6aBv\">Jakie stanowisko zajmuje Polska w sprawie Krymu?<\/li>\n<\/ul>\n<p>Ukraina: jaki jest cel tworzenia takiego materia\u0142u? <\/p>\n<p class=\"Paragraph_desktopParagraph__U31Gm\">W pocz\u0105tkowym fragmentach pierwszego odcinka materia\u0142u Marii Wiernikowskiej wida\u0107 uproszczon\u0105 map\u0119 Europy i Rosji. Terytorium Rosji zaznaczone jest takim samym kolorem jak P\u00f3\u0142wysep Krymski, co sugeruje, \u017ce nale\u017cy on do terytorium kraju W\u0142adimira Putina. Tymczasem Krym \u2014 zgodnie z prawem mi\u0119dzynarodowym \u2014 jest nadal cz\u0119\u015bci\u0105 Ukrainy, chocia\u017c od marca 2014 r. znajduje si\u0119 pod bezprawn\u0105 okupacj\u0105 Rosji. Aneksja p\u00f3\u0142wyspu przez Federacj\u0119 Rosyjsk\u0105 nie jest uznawana przez wi\u0119kszo\u015b\u0107 pa\u0144stw \u015bwiata. Przypomina o tym ambasada Ukrainy w Polsce w swoim wpisie w mediach spo\u0142eczno\u015bciowych.<\/p>\n<p class=\"Paragraph_desktopParagraph__U31Gm\">&#8222;Prezentowana przez Kana\u0142 Zero autorska mapa Europy jest niezgodna z prawem mi\u0119dzynarodowym&#8221; \u2014 pisze ambasada, przypominaj\u0105c, \u017ce &#8222;Krym jest integraln\u0105 cz\u0119\u015bci\u0105 Ukrainy, w jej mi\u0119dzynarodowo uznanych granicach. Takie stanowisko konsekwentnie zajmuje r\u00f3wnie\u017c Rzeczpospolita Polska, opieraj\u0105c si\u0119 na zasadach prawa mi\u0119dzynarodowego oraz poszanowania integralno\u015bci terytorialnej pa\u0144stw&#8221;.<\/p>\n<p class=\"Paragraph_desktopParagraph__U31Gm\">Ambasada Ukrainy apeluje o wprowadzenie korekt do mapy pokazanej w reporta\u017cu. Zarzuca te\u017c dziennikarzom dzia\u0142anie w interesach rosyjskiej propagandy.<\/p>\n<p class=\"Paragraph_desktopParagraph__U31Gm\">&#8222;Pojawia si\u0119 jednak pytanie \u2014 jaki jest cel tworzenia takiego materia\u0142u informacyjnego w Polsce, kt\u00f3ry s\u0142u\u017cy interesom rosyjskiej propagandy?&#8221;\u2014 czytamy we wpisie ambasady. \u2014 &#8222;Czy taki materia\u0142 powstaje w interesie Polak\u00f3w, czy jest zamiarem \u00bbzrozumie\u0107 i usprawiedliwi\u0107\u00ab rosyjskich zbrodniarzy?&#8221; \u2014 dodaj\u0105 autorzy wpisu.<\/p>\n","protected":false},"excerpt":{"rendered":"Reporta\u017c Marii Wiernikowskiej opublikowany kilka dni temu na kanale YouTube Kana\u0142u Zero wywo\u0142a\u0142 kontrowersje i liczne komentarze w&hellip;\n","protected":false},"author":2,"featured_media":249786,"comment_status":"","ping_status":"","sticky":false,"template":"","format":"standard","meta":{"footnotes":"","_share_on_mastodon":"0"},"categories":[5],"tags":[32,33,36,37,27,67,64,4487,3847,34,35,43969,28,31,53,25,52,68,51,55,42,38,40,39,41,62,47,29,30,390,65,50,26],"class_list":["post-249785","post","type-post","status-publish","format-standard","has-post-thumbnail","category-naglowki","tag-breaking-news","tag-breakingnews","tag-featured-news","tag-featurednews","tag-headlines","tag-intextvideo_splayer","tag-inwazja_rosji_na_ukraine_2014_","tag-kanal_zero","tag-krym_polwysep_krymski","tag-latest-news","tag-latestnews","tag-maria_wiernikowska_dziennikarka","tag-naglowki","tag-najwazniejsze-artykuly","tag-new_header","tag-news","tag-onet3","tag-onet3d","tag-onet3d_2i","tag-phx","tag-pl","tag-poland","tag-polish","tag-polska","tag-polski","tag-rosja_kraj_rosjanin_rosjanie_rosjanka_rosjanki","tag-screening_general","tag-top-stories","tag-topstories","tag-ukraina_ukrainiec_ukrainka_ukraincy_ukrainki","tag-update_me","tag-v2021","tag-wiadomosci"],"share_on_mastodon":{"url":"","error":"Validation failed: Text character limit of 500 exceeded"},"_links":{"self":[{"href":"https:\/\/www.europesays.com\/pl\/wp-json\/wp\/v2\/posts\/249785","targetHints":{"allow":["GET"]}}],"collection":[{"href":"https:\/\/www.europesays.com\/pl\/wp-json\/wp\/v2\/posts"}],"about":[{"href":"https:\/\/www.europesays.com\/pl\/wp-json\/wp\/v2\/types\/post"}],"author":[{"embeddable":true,"href":"https:\/\/www.europesays.com\/pl\/wp-json\/wp\/v2\/users\/2"}],"replies":[{"embeddable":true,"href":"https:\/\/www.europesays.com\/pl\/wp-json\/wp\/v2\/comments?post=249785"}],"version-history":[{"count":0,"href":"https:\/\/www.europesays.com\/pl\/wp-json\/wp\/v2\/posts\/249785\/revisions"}],"wp:featuredmedia":[{"embeddable":true,"href":"https:\/\/www.europesays.com\/pl\/wp-json\/wp\/v2\/media\/249786"}],"wp:attachment":[{"href":"https:\/\/www.europesays.com\/pl\/wp-json\/wp\/v2\/media?parent=249785"}],"wp:term":[{"taxonomy":"category","embeddable":true,"href":"https:\/\/www.europesays.com\/pl\/wp-json\/wp\/v2\/categories?post=249785"},{"taxonomy":"post_tag","embeddable":true,"href":"https:\/\/www.europesays.com\/pl\/wp-json\/wp\/v2\/tags?post=249785"}],"curies":[{"name":"wp","href":"https:\/\/api.w.org\/{rel}","templated":true}]}}