{"id":250339,"date":"2026-02-09T14:15:09","date_gmt":"2026-02-09T14:15:09","guid":{"rendered":"https:\/\/www.europesays.com\/pl\/250339\/"},"modified":"2026-02-09T14:15:09","modified_gmt":"2026-02-09T14:15:09","slug":"kolejne-ostrzezenia-meteo-dla-czesci-wielkopolski","status":"publish","type":"post","link":"https:\/\/www.europesays.com\/pl\/250339\/","title":{"rendered":"Kolejne ostrze\u017cenia meteo dla cz\u0119\u015bci Wielkopolski"},"content":{"rendered":"<p>    Ponownie przed marzn\u0105cymi opadami.<\/p>\n<p>Instytut Meteorologii i Gospodarki Wodnej wyda\u0142 ostrze\u017cenie pierwszego stopnia przed marzn\u0105cymi opadami.  &#8211; Prognozowane s\u0105 s\u0142abe opady marzn\u0105cego deszczu lub m\u017cawki powoduj\u0105ce go\u0142oled\u017a &#8211; czytamy.<\/p>\n<p>W po\u0142udniowej cz\u0119\u015bci regionu ostrze\u017cenie b\u0119dzie obowi\u0105zywa\u0107 od 22:00 w poniedzia\u0142ek do 10:00 we wtorek. Na wschodzie wojew\u00f3dztwa opady mog\u0105 wyst\u0119powa\u0107 od 3:00 do 13:00 we wtorek. Pozna\u0144 aktualnie nie jest obj\u0119ty ostrze\u017ceniem. <\/p>\n<p>W przypadku naszego miasta najbli\u017csze opady s\u0105 prognozowane na \u015brodowy wiecz\u00f3r i noc ze \u015brody na czwartek. W\u00f3wczas jednak temperatura ma si\u0119 utrzymywa\u0107 powy\u017cej zera, a to oznacza, \u017ce prawdopodobnie nie b\u0119dziemy mie\u0107 do czynienia z go\u0142oledzi\u0105.<\/p>\n","protected":false},"excerpt":{"rendered":"Ponownie przed marzn\u0105cymi opadami. Instytut Meteorologii i Gospodarki Wodnej wyda\u0142 ostrze\u017cenie pierwszego stopnia przed marzn\u0105cymi opadami. &#8211; Prognozowane&hellip;\n","protected":false},"author":2,"featured_media":250340,"comment_status":"","ping_status":"","sticky":false,"template":"","format":"standard","meta":{"footnotes":"","_share_on_mastodon":"0"},"categories":[12],"tags":[32,33,36,37,23120,27,34,35,28,31,25,44033,42,78,38,40,39,41,29,30,26],"class_list":["post-250339","post","type-post","status-publish","format-standard","has-post-thumbnail","category-polska","tag-breaking-news","tag-breakingnews","tag-featured-news","tag-featurednews","tag-gololedz","tag-headlines","tag-latest-news","tag-latestnews","tag-naglowki","tag-najwazniejsze-artykuly","tag-news","tag-ostrzezenie-meteo","tag-pl","tag-pogoda","tag-poland","tag-polish","tag-polska","tag-polski","tag-top-stories","tag-topstories","tag-wiadomosci"],"share_on_mastodon":{"url":"https:\/\/pubeurope.com\/@pl\/116041097181221391","error":""},"_links":{"self":[{"href":"https:\/\/www.europesays.com\/pl\/wp-json\/wp\/v2\/posts\/250339","targetHints":{"allow":["GET"]}}],"collection":[{"href":"https:\/\/www.europesays.com\/pl\/wp-json\/wp\/v2\/posts"}],"about":[{"href":"https:\/\/www.europesays.com\/pl\/wp-json\/wp\/v2\/types\/post"}],"author":[{"embeddable":true,"href":"https:\/\/www.europesays.com\/pl\/wp-json\/wp\/v2\/users\/2"}],"replies":[{"embeddable":true,"href":"https:\/\/www.europesays.com\/pl\/wp-json\/wp\/v2\/comments?post=250339"}],"version-history":[{"count":0,"href":"https:\/\/www.europesays.com\/pl\/wp-json\/wp\/v2\/posts\/250339\/revisions"}],"wp:featuredmedia":[{"embeddable":true,"href":"https:\/\/www.europesays.com\/pl\/wp-json\/wp\/v2\/media\/250340"}],"wp:attachment":[{"href":"https:\/\/www.europesays.com\/pl\/wp-json\/wp\/v2\/media?parent=250339"}],"wp:term":[{"taxonomy":"category","embeddable":true,"href":"https:\/\/www.europesays.com\/pl\/wp-json\/wp\/v2\/categories?post=250339"},{"taxonomy":"post_tag","embeddable":true,"href":"https:\/\/www.europesays.com\/pl\/wp-json\/wp\/v2\/tags?post=250339"}],"curies":[{"name":"wp","href":"https:\/\/api.w.org\/{rel}","templated":true}]}}