{"id":250431,"date":"2026-02-09T15:19:10","date_gmt":"2026-02-09T15:19:10","guid":{"rendered":"https:\/\/www.europesays.com\/pl\/250431\/"},"modified":"2026-02-09T15:19:10","modified_gmt":"2026-02-09T15:19:10","slug":"alerty-imgw-dla-dziewieciu-wojewodztw-pojawi-sie-niebezpieczna-gololedz","status":"publish","type":"post","link":"https:\/\/www.europesays.com\/pl\/250431\/","title":{"rendered":"Alerty IMGW dla dziewi\u0119ciu wojew\u00f3dztw. Pojawi si\u0119 niebezpieczna go\u0142oled\u017a"},"content":{"rendered":"<p class=\"ods-c-paragraph \">Do naszego kraju ju\u017c we wtorek (10 lutego) zacznie nap\u0142ywa\u0107 znacznie cieplejsze powietrze. Wymianie mas powietrza towarzyszy\u0107 b\u0119d\u0105 jednak gro\u017ane zjawiska w postaci marzn\u0105cego deszczu. Oznacza to, \u017ce drogi i chodniki mog\u0105 by\u0107 miejscami \u015bliskie.<\/p>\n<p> Jakie wojew\u00f3dztwa zosta\u0142y obj\u0119te ostrze\u017ceniem przed marzn\u0105cym deszczem? <\/p>\n<p> Jakie zjawiska pogodowe s\u0105 prognozowane w Polsce? <\/p>\n<p> Kiedy zacznie obowi\u0105zywa\u0107 alert na marzn\u0105cy deszcz? <\/p>\n<p> Jakie s\u0105 prognozowane spadki temperatury na p\u00f3\u0142nocnym wschodzie Polski? <\/p>\n<p>   Uwaga na go\u0142oled\u017a. IMGW ostrzega dziewi\u0119\u0107 wojew\u00f3dztw<\/p>\n<p class=\"ods-c-paragraph \">IMGW wyda\u0142 ostrze\u017cenia pierwszego stopnia przed marzn\u0105cym deszczem dla nast\u0119puj\u0105cych wojew\u00f3dztw:<\/p>\n<ul class=\"ods-m-bullet-list\">\n<li class=\"ods-a-bullet ods-a-bullet--normal\"> dolno\u015bl\u0105skiego <\/li>\n<li class=\"ods-a-bullet ods-a-bullet--normal\"> opolskiego <\/li>\n<li class=\"ods-a-bullet ods-a-bullet--normal\"> \u015bl\u0105skiego <\/li>\n<li class=\"ods-a-bullet ods-a-bullet--normal\"> ma\u0142opolskiego (powiaty na zachodzie i p\u00f3\u0142nocy) <\/li>\n<li class=\"ods-a-bullet ods-a-bullet--normal\"> \u0142\u00f3dzkiego <\/li>\n<li class=\"ods-a-bullet ods-a-bullet--normal\"> \u015bwi\u0119tokrzyskiego (z wyj\u0105tkiem powiat\u00f3w na wschodzie) <\/li>\n<li class=\"ods-a-bullet ods-a-bullet--normal\"> mazowieckiego (z wyj\u0105tkiem powiat\u00f3w na samej p\u00f3\u0142nocy) <\/li>\n<li class=\"ods-a-bullet ods-a-bullet--normal\"> kujawsko-pomorskiego (powiaty na po\u0142udniu) <\/li>\n<li class=\"ods-a-bullet ods-a-bullet--normal\"> wielkopolskiego (z wyj\u0105tkiem powiat\u00f3w na zachodzie) <\/li>\n<\/ul>\n<p class=\"ods-c-paragraph \">Na tym obszarze prognozowane s\u0105 s\u0142abe opady deszczu lub m\u017cawki powoduj\u0105ce go\u0142oled\u017a. Na po\u0142udniowym zachodzie alerty zaczn\u0105 obowi\u0105zywa\u0107 w poniedzia\u0142ek o godz. 20. W g\u0142\u0119bi kraju gro\u017anie zrobi si\u0119 w nocy i we wtorkowy poranek. Szanse na wyst\u0105pienie zjawiska oceniono na 80 proc.<\/p>\n<p> <img decoding=\"async\" src=\"https:\/\/www.europesays.com\/pl\/wp-content\/uploads\/2026\/02\/A_Zk9lBaHR0cHM6Ly9vY2RuLmV1L3B1bHNjbXMvTURBXy9hODI3ODZmYmY3MTIwYzBmOTAzOWNlNjZkMTAwZDY3Yi5wbmeRlQLNA.jpeg\" height=\"529\" width=\"940\" style=\"min-height:529px;\" alt=\"W dziewi\u0119ciu wojew\u00f3dztwach pojawi si\u0119 marzn\u0105cy deszcz\" loading=\"lazy\" class=\"ods-c-image__img ods-c-image__img--vertical\"\/> <\/p>\n<p>W dziewi\u0119ciu wojew\u00f3dztwach pojawi si\u0119 marzn\u0105cy deszczIMGW-PIB METEO POLSKA<\/p>\n<p class=\"ods-c-paragraph \">Ponadto w pasie od Zatoki Gda\u0144skiej i Warmii przez Suwalszczyzn\u0119 i Podlasie po p\u00f3\u0142nocne kra\u0144ce Mazowsza i Lubelszczyzny obowi\u0105zuj\u0105 alerty pierwszego stopnia przed silnym mrozem. Noc z poniedzia\u0142ku na wtorek mo\u017ce tam przynie\u015b\u0107 spadki temperatury do -15\/-19 st. C.<\/p>\n","protected":false},"excerpt":{"rendered":"Do naszego kraju ju\u017c we wtorek (10 lutego) zacznie nap\u0142ywa\u0107 znacznie cieplejsze powietrze. Wymianie mas powietrza towarzyszy\u0107 b\u0119d\u0105&hellip;\n","protected":false},"author":2,"featured_media":250432,"comment_status":"","ping_status":"","sticky":false,"template":"","format":"standard","meta":{"footnotes":"","_share_on_mastodon":"0"},"categories":[5],"tags":[32,33,36,37,23120,27,167,34,35,28,31,48,25,46,42,78,38,40,39,41,47,29,30,26,7441],"class_list":["post-250431","post","type-post","status-publish","format-standard","has-post-thumbnail","category-naglowki","tag-breaking-news","tag-breakingnews","tag-featured-news","tag-featurednews","tag-gololedz","tag-headlines","tag-imgw","tag-latest-news","tag-latestnews","tag-naglowki","tag-najwazniejsze-artykuly","tag-nat_styl","tag-news","tag-omp","tag-pl","tag-pogoda","tag-poland","tag-polish","tag-polska","tag-polski","tag-screening_general","tag-top-stories","tag-topstories","tag-wiadomosci","tag-zima"],"share_on_mastodon":{"url":"https:\/\/pubeurope.com\/@pl\/116041348822679060","error":""},"_links":{"self":[{"href":"https:\/\/www.europesays.com\/pl\/wp-json\/wp\/v2\/posts\/250431","targetHints":{"allow":["GET"]}}],"collection":[{"href":"https:\/\/www.europesays.com\/pl\/wp-json\/wp\/v2\/posts"}],"about":[{"href":"https:\/\/www.europesays.com\/pl\/wp-json\/wp\/v2\/types\/post"}],"author":[{"embeddable":true,"href":"https:\/\/www.europesays.com\/pl\/wp-json\/wp\/v2\/users\/2"}],"replies":[{"embeddable":true,"href":"https:\/\/www.europesays.com\/pl\/wp-json\/wp\/v2\/comments?post=250431"}],"version-history":[{"count":0,"href":"https:\/\/www.europesays.com\/pl\/wp-json\/wp\/v2\/posts\/250431\/revisions"}],"wp:featuredmedia":[{"embeddable":true,"href":"https:\/\/www.europesays.com\/pl\/wp-json\/wp\/v2\/media\/250432"}],"wp:attachment":[{"href":"https:\/\/www.europesays.com\/pl\/wp-json\/wp\/v2\/media?parent=250431"}],"wp:term":[{"taxonomy":"category","embeddable":true,"href":"https:\/\/www.europesays.com\/pl\/wp-json\/wp\/v2\/categories?post=250431"},{"taxonomy":"post_tag","embeddable":true,"href":"https:\/\/www.europesays.com\/pl\/wp-json\/wp\/v2\/tags?post=250431"}],"curies":[{"name":"wp","href":"https:\/\/api.w.org\/{rel}","templated":true}]}}