{"id":25067,"date":"2025-10-01T00:42:10","date_gmt":"2025-10-01T00:42:10","guid":{"rendered":"https:\/\/www.europesays.com\/pl\/25067\/"},"modified":"2025-10-01T00:42:10","modified_gmt":"2025-10-01T00:42:10","slug":"tvp-nie-pokaze-meczu-slaska-wroclaw-bo-ma-inne-plany-i-kuriozalny-problem","status":"publish","type":"post","link":"https:\/\/www.europesays.com\/pl\/25067\/","title":{"rendered":"TVP nie poka\u017ce meczu \u015al\u0105ska Wroc\u0142aw, bo ma inne plany. I kuriozalny problem"},"content":{"rendered":"<p class=\"Paragraph_desktopParagraph__Fd2e9\">W obecnych czasach ju\u017c bardzo rzadko dochodzi do sytuacji, \u017ce danego meczu z rozgrywek centralnych nie da si\u0119 obejrze\u0107 u \u017cadnego nadawcy. Do czego\u015b takiego dojdzie jednak przy okazji starcia Lechii Tomasz\u00f3w Mazowiecki ze \u015al\u0105skiem Wroc\u0142aw w Pucharze Polski. Sprawa naprawd\u0119 jest niezwyk\u0142a.<\/p>\n<p class=\"VideoPlayerText_videoPlayerText__zrtJk\">Dalszy ci\u0105g materia\u0142u pod wideo<\/p>\n<p class=\"Paragraph_desktopParagraph__Fd2e9\">Telewizja Polska, kt\u00f3ra ma prawa do rozgrywek, zdecydowa\u0142a si\u0119 w tym czasie na emisj\u0119 programu publicystycznego i nie uwzgl\u0119dni\u0142a tego pojedynku w planie transmisji. \u015al\u0105sk pr\u00f3bowa\u0142 zorganizowa\u0107 przekaz na w\u0142asn\u0105 r\u0119k\u0119, jednak napotka\u0142 przeszkody techniczne i formalne.<\/p>\n<p class=\"Paragraph_desktopParagraph__Fd2e9\">TVP Sport wymaga\u0142a realizacji sygna\u0142u w wysokim standardzie \u2014 z trzema kamerami HD, powt\u00f3rkami i opraw\u0105 graficzn\u0105. Stadion w Tomaszowie Mazowieckim nie dysponuje odpowiedni\u0105 infrastruktur\u0105, a s\u0142u\u017cby porz\u0105dkowe nie wyrazi\u0142y zgody na monta\u017c dodatkowych rusztowa\u0144 czy wie\u017cy transmisyjnej. Mimo wsparcia sponsora, klub nie by\u0142 w stanie spe\u0142ni\u0107 narzuconych wymog\u00f3w.<\/p>\n<p>\u015al\u0105sk Wroc\u0142aw bez transmisji. Kibicom zostaje relacja radiowa<\/p>\n<p class=\"Paragraph_desktopParagraph__Fd2e9\">&#8222;Informujemy, \u017ce mimo maksymalnych stara\u0144 klubu, spotkanie nie b\u0119dzie transmitowane. Od pierwszego dnia, odk\u0105d dowiedzieli\u015bmy si\u0119, \u017ce nasz mecz nie znalaz\u0142 si\u0119 w planie transmisji, starali\u015bmy si\u0119 zorganizowa\u0107 j\u0105 samodzielnie, wsp\u00f3\u0142pracuj\u0105c z TVP, PZPN, podwykonawc\u0105 oraz Lechi\u0105 Tomasz\u00f3w Mazowiecki.<\/p>\n<p class=\"Paragraph_desktopParagraph__Fd2e9\">Wielkie podzi\u0119kowania kierujemy w stron\u0119 Fabryki Mebli Bodzio. Firma by\u0142a gotowa zosta\u0107 sponsorem transmisji, kt\u00f3rej przeprowadzenie w standardzie wyznaczonym przez broadcastera generowa\u0142o bardzo du\u017ce koszty.<\/p>\n<p class=\"Paragraph_desktopParagraph__Fd2e9\">Niestety, stadion w Tomaszowie Mazowieckim oraz jego zaplecze techniczne nie gwarantuj\u0105 mo\u017cliwo\u015bci przeprowadzenia odpowiedniej jako\u015bci transmisji. By by\u0142o to wykonalne, konieczne by\u0142oby ustawienie dodatkowych rusztowa\u0144 i wie\u017cy transmisyjnej \u2014 na co klub gospodarz nie uzyska\u0142 zgody s\u0142u\u017cb porz\u0105dkowych ze wzgl\u0119d\u00f3w bezpiecze\u0144stwa (spotkanie zosta\u0142o zakwalifikowane jako mecz podwy\u017cszonego ryzyka).<\/p>\n<p class=\"Paragraph_desktopParagraph__Fd2e9\">Bior\u0105c pod uwag\u0119 regularn\u0105 prac\u0119 w tym zakresie redakcji \u015al\u0105sknet.com, zdecydowali\u015bmy si\u0119 nie organizowa\u0107 jako klub komentarza radiowego, tylko zaprosi\u0107 Was do s\u0142uchania komentarza w audycji przygotowywanej przez \u015al\u0105sknet, przy kt\u00f3rej b\u0119dziemy tym razem pracowa\u0107 wsp\u00f3lnie&#8221; \u2014 poinformowa\u0142 \u015al\u0105sk w oficjalnym komunikacie.<\/p>\n<p class=\"Paragraph_desktopParagraph__Fd2e9\">Efekt jest taki, \u017ce kibicom pozostaje jedynie relacja radiowa przygotowana przez wroc\u0142awski klub. To kolejna w tej edycji Pucharu Polski sytuacja, gdy fani nie mog\u0105 obejrze\u0107 swojego zespo\u0142u w akcji \u2014 cho\u0107, jak podkre\u015blaj\u0105 komentatorzy, nawet prosta transmisja by\u0142aby lepszym rozwi\u0105zaniem ni\u017c brak jakiejkolwiek.<\/p>\n","protected":false},"excerpt":{"rendered":"W obecnych czasach ju\u017c bardzo rzadko dochodzi do sytuacji, \u017ce danego meczu z rozgrywek centralnych nie da si\u0119&hellip;\n","protected":false},"author":2,"featured_media":25068,"comment_status":"","ping_status":"","sticky":false,"template":"","format":"standard","meta":{"footnotes":""},"categories":[24],"tags":[67,746,42,38,40,39,41,136,128,4773,47,3143,127,135,126,2590,130],"class_list":{"0":"post-25067","1":"post","2":"type-post","3":"status-publish","4":"format-standard","5":"has-post-thumbnail","7":"category-sport","8":"tag-intextvideo_splayer","9":"tag-lysy","10":"tag-pl","11":"tag-poland","12":"tag-polish","13":"tag-polska","14":"tag-polski","15":"tag-ps_detal_new","16":"tag-psv2","17":"tag-puchar_polski","18":"tag-screening_general","19":"tag-slask_wroclaw","20":"tag-sport","21":"tag-sport_sport","22":"tag-sports","23":"tag-tvp_sport","24":"tag-wiadomosci_sportowe"},"share_on_mastodon":{"url":"","error":""},"_links":{"self":[{"href":"https:\/\/www.europesays.com\/pl\/wp-json\/wp\/v2\/posts\/25067","targetHints":{"allow":["GET"]}}],"collection":[{"href":"https:\/\/www.europesays.com\/pl\/wp-json\/wp\/v2\/posts"}],"about":[{"href":"https:\/\/www.europesays.com\/pl\/wp-json\/wp\/v2\/types\/post"}],"author":[{"embeddable":true,"href":"https:\/\/www.europesays.com\/pl\/wp-json\/wp\/v2\/users\/2"}],"replies":[{"embeddable":true,"href":"https:\/\/www.europesays.com\/pl\/wp-json\/wp\/v2\/comments?post=25067"}],"version-history":[{"count":0,"href":"https:\/\/www.europesays.com\/pl\/wp-json\/wp\/v2\/posts\/25067\/revisions"}],"wp:featuredmedia":[{"embeddable":true,"href":"https:\/\/www.europesays.com\/pl\/wp-json\/wp\/v2\/media\/25068"}],"wp:attachment":[{"href":"https:\/\/www.europesays.com\/pl\/wp-json\/wp\/v2\/media?parent=25067"}],"wp:term":[{"taxonomy":"category","embeddable":true,"href":"https:\/\/www.europesays.com\/pl\/wp-json\/wp\/v2\/categories?post=25067"},{"taxonomy":"post_tag","embeddable":true,"href":"https:\/\/www.europesays.com\/pl\/wp-json\/wp\/v2\/tags?post=25067"}],"curies":[{"name":"wp","href":"https:\/\/api.w.org\/{rel}","templated":true}]}}