{"id":250949,"date":"2026-02-09T20:38:08","date_gmt":"2026-02-09T20:38:08","guid":{"rendered":"https:\/\/www.europesays.com\/pl\/250949\/"},"modified":"2026-02-09T20:38:08","modified_gmt":"2026-02-09T20:38:08","slug":"orange-robi-podwyzke-nawet-10-zl-drozej","status":"publish","type":"post","link":"https:\/\/www.europesays.com\/pl\/250949\/","title":{"rendered":"Orange robi podwy\u017ck\u0119. Nawet 10 z\u0142 dro\u017cej"},"content":{"rendered":"<p>Orange od 9 lutego wprowadzi\u0142 wy\u017csze op\u0142aty za wszystkie dost\u0119pne pakiety przed\u0142u\u017cenia wa\u017cno\u015bci konta. Nowe stawki prezentuj\u0105 si\u0119 nast\u0119puj\u0105ce:<\/p>\n<p>    Dalsza cz\u0119\u015b\u0107 tekstu pod wideo<\/p>\n<ul>&#13;<\/p>\n<li>31 dni \u2013 9 z\u0142 (wcze\u015bniej 7 z\u0142, podwy\u017cka o 2 z\u0142),<\/li>\n<p>&#13;<\/p>\n<li>93 dni \u2013 19 z\u0142 (wcze\u015bniej 17 z\u0142, podwy\u017cka o 2 z\u0142),<\/li>\n<p>&#13;<\/p>\n<li>365 dni \u2013 39 z\u0142 (wcze\u015bniej 29 z\u0142, podwy\u017cka o 10 z\u0142).<\/li>\n<p>&#13;\n<\/ul>\n<p>Jak wida\u0107, najwi\u0119ksza podwy\u017cka dotkn\u0119\u0142a przed\u0142u\u017cenie roczne \u2013 w tym przypadku operator podni\u00f3s\u0142 cen\u0119 a\u017c o 10 z\u0142otych, co stanowi wzrost o ponad 34 procent. Dotychczasowe ceny obowi\u0105zywa\u0142y <a href=\"https:\/\/www.telepolis.pl\/wiadomosci\/orange-na-karte-przedluzenie-waznosci-konta-i-gb\" target=\"_blank\" rel=\"noopener nofollow\">od startu us\u0142ugi<\/a> we wrze\u015bniu 2024 r.<\/p>\n<p>        <img loading=\"lazy\" decoding=\"async\" src=\"https:\/\/www.europesays.com\/pl\/wp-content\/uploads\/2026\/02\/1770647169_717_B32963402.414688363;dc_trk_aid=607216972;dc_trk_cid=228291445;ord=[timestamp];dc_lat=;dc_rdid=;tag_f.gif\" attributionsrc=\"\" border=\"0\" height=\"1\" width=\"1\" alt=\"Advertisement\"\/><\/p>\n<p>Nowe ceny obowi\u0105zuj\u0105 do 28 lutego 2027 roku. Zapewne po tym czasie nale\u017cy oczekiwa\u0107 kolejnej podwy\u017cki.<\/p>\n<p>\n                                Jak skorzysta\u0107 z us\u0142ugi?\n            <\/p>\n<p>Aby przed\u0142u\u017cy\u0107 wa\u017cno\u015b\u0107 konta g\u0142\u00f3wnego i bonusowych \u015brodk\u00f3w na internet, klienci Orange Free na kart\u0119 musz\u0105 wys\u0142a\u0107 odpowiedni\u0105 wiadomo\u015b\u0107 SMS pod numer 8002. W zale\u017cno\u015bci od wybranego okresu przed\u0142u\u017cenia dost\u0119pne s\u0105 trzy komendy:<\/p>\n<ul>&#13;<\/p>\n<li>START31 \u2013 przed\u0142u\u017cenie o 31 dni za 9 z\u0142,<\/li>\n<p>&#13;<\/p>\n<li>START93 \u2013 przed\u0142u\u017cenie o 93 dni za 19 z\u0142,<\/li>\n<p>&#13;<\/p>\n<li>START365 \u2013 przed\u0142u\u017cenie o 365 dni za 39 z\u0142.<\/li>\n<p>&#13;\n<\/ul>\n<p>Warunkiem skorzystania z us\u0142ugi jest posiadanie wystarczaj\u0105cych \u015brodk\u00f3w na koncie g\u0142\u00f3wnym oraz przebywanie w okresie aktywnym, czyli mo\u017cliwo\u015b\u0107 wykonywania po\u0142\u0105cze\u0144 wychodz\u0105cych. Op\u0142ata za us\u0142ug\u0119 jest automatycznie pobierana ze \u015brodk\u00f3w zgromadzonych na koncie. Zakupione dni wa\u017cno\u015bci s\u0105 dodawane do aktualnej daty ko\u0144ca wa\u017cno\u015bci konta i bonusowych gigabajt\u00f3w.\u00a0<\/p>\n<p>\n                                Reaktywacja nieaktywnego konta po tej samej cenie\n            <\/p>\n<p>Identyczne stawki obowi\u0105zuj\u0105 r\u00f3wnie\u017c w ramach us\u0142ugi \u201eKonto wa\u017cne od nowa\u201d, kt\u00f3ra umo\u017cliwia reaktywacj\u0119 konta znajduj\u0105cego si\u0119 w okresie pasywnym, czyli wtedy, gdy nie ma mo\u017cliwo\u015bci wykonywania po\u0142\u0105cze\u0144 wychodz\u0105cych.<\/p>\n<p>W tym przypadku klienci mog\u0105 aktywowa\u0107 us\u0142ug\u0119 na dwa sposoby:<\/p>\n<ul>&#13;<\/p>\n<li>Wysy\u0142aj\u0105c SMS z komend\u0105 AKT31, AKT93 lub AKT365 pod numer 80199,<\/li>\n<p>&#13;<\/p>\n<li>Loguj\u0105c si\u0119 do aplikacji lub strony M\u00f3j Orange i aktywuj\u0105c us\u0142ug\u0119 online.<\/li>\n<p>&#13;\n<\/ul>\n<p>Cennik jest taki sam: 9 z\u0142 za 31 dni, 19 z\u0142 za 93 dni oraz 39 z\u0142 za 365 dni.<\/p>\n<p>Op\u0142ata za reaktywacj\u0119 jest pobierana ze \u015brodk\u00f3w zablokowanych w ramach us\u0142ugi \u201eNowa Gwarancja Zwrotu\u201d. Po zakupie nowych dni wa\u017cno\u015bci konto przechodzi w okres aktywny, a pozosta\u0142e po pobraniu op\u0142aty \u015brodki s\u0105 przywracane na konto z now\u0105 dat\u0105 wa\u017cno\u015bci.<\/p>\n<p>Co istotne, je\u015bli po zakupie us\u0142ugi wa\u017cno\u015b\u0107 konta na odbieranie po\u0142\u0105cze\u0144 przychodz\u0105cych by\u0142aby kr\u00f3tsza ni\u017c 93 dni, operator automatycznie ustawia j\u0105 na pe\u0142ne 93 doby, licz\u0105c od nast\u0119pnego dnia po zakupie.<\/p>\n<p>Szczeg\u00f3\u0142y w regulaminach:<\/p>\n<p style=\"text-align: center;\">Podyskutuj o tym na <a href=\"http:\/\/www.telepolis.pl\/forum\/viewtopic.php?p=1201691#p1201691\" target=\"_blank\" rel=\"noopener nofollow\">Forum Telepolis.pl<\/a>.\u00a0<\/p>\n","protected":false},"excerpt":{"rendered":"Orange od 9 lutego wprowadzi\u0142 wy\u017csze op\u0142aty za wszystkie dost\u0119pne pakiety przed\u0142u\u017cenia wa\u017cno\u015bci konta. Nowe stawki prezentuj\u0105 si\u0119&hellip;\n","protected":false},"author":2,"featured_media":250950,"comment_status":"","ping_status":"","sticky":false,"template":"","format":"standard","meta":{"footnotes":"","_share_on_mastodon":"0"},"categories":[20],"tags":[44073,120,118,119,2711,8192,8193,44075,42,38,40,39,41,44074,44072,116,114,115,121,117],"class_list":["post-250949","post","type-post","status-publish","format-standard","has-post-thumbnail","category-nauka-i-technika","tag-konto-wazne-od-nowa","tag-nauka","tag-nauka-i-technika","tag-naukatechnika","tag-orange","tag-orange-free-na-karte","tag-orange-na-karte","tag-orange-podwyzka","tag-pl","tag-poland","tag-polish","tag-polska","tag-polski","tag-przedluzenie-waznosci-konta","tag-rok-waznosci-konta","tag-science","tag-science-and-technology","tag-sciencetechnology","tag-technika","tag-technology"],"share_on_mastodon":{"url":"https:\/\/pubeurope.com\/@pl\/116042603195400256","error":""},"_links":{"self":[{"href":"https:\/\/www.europesays.com\/pl\/wp-json\/wp\/v2\/posts\/250949","targetHints":{"allow":["GET"]}}],"collection":[{"href":"https:\/\/www.europesays.com\/pl\/wp-json\/wp\/v2\/posts"}],"about":[{"href":"https:\/\/www.europesays.com\/pl\/wp-json\/wp\/v2\/types\/post"}],"author":[{"embeddable":true,"href":"https:\/\/www.europesays.com\/pl\/wp-json\/wp\/v2\/users\/2"}],"replies":[{"embeddable":true,"href":"https:\/\/www.europesays.com\/pl\/wp-json\/wp\/v2\/comments?post=250949"}],"version-history":[{"count":0,"href":"https:\/\/www.europesays.com\/pl\/wp-json\/wp\/v2\/posts\/250949\/revisions"}],"wp:featuredmedia":[{"embeddable":true,"href":"https:\/\/www.europesays.com\/pl\/wp-json\/wp\/v2\/media\/250950"}],"wp:attachment":[{"href":"https:\/\/www.europesays.com\/pl\/wp-json\/wp\/v2\/media?parent=250949"}],"wp:term":[{"taxonomy":"category","embeddable":true,"href":"https:\/\/www.europesays.com\/pl\/wp-json\/wp\/v2\/categories?post=250949"},{"taxonomy":"post_tag","embeddable":true,"href":"https:\/\/www.europesays.com\/pl\/wp-json\/wp\/v2\/tags?post=250949"}],"curies":[{"name":"wp","href":"https:\/\/api.w.org\/{rel}","templated":true}]}}