{"id":251952,"date":"2026-02-10T09:40:08","date_gmt":"2026-02-10T09:40:08","guid":{"rendered":"https:\/\/www.europesays.com\/pl\/251952\/"},"modified":"2026-02-10T09:40:08","modified_gmt":"2026-02-10T09:40:08","slug":"wlodzimierz-czarzasty-ujawnia-plan-b-w-sprawie-reformy-krs","status":"publish","type":"post","link":"https:\/\/www.europesays.com\/pl\/251952\/","title":{"rendered":"W\u0142odzimierz Czarzasty ujawnia plan B w sprawie reformy KRS"},"content":{"rendered":"<ul class=\"UnorderedList_container__nmfSl\">\n<li class=\"UnorderedList_listElement__Py7xi\" data-id=\"ai-summary-link\">Du\u017co czytania, a ma\u0142o czasu? Sprawd\u017a\u00a0skr\u00f3t\u00a0artyku\u0142u<\/li>\n<\/ul>\n<p class=\"Paragraph_desktopParagraph__U31Gm\">\u2014 Apeluj\u0119 do prezydenta [Karola Nawrockiego] o podpis pod ustaw\u0105 o KRS. To dobra ustawa, kt\u00f3ra zapewnia obywatelom prawo do s\u0105du i ogranicza przewlek\u0142o\u015b\u0107 post\u0119powa\u0144 \u2014 m\u00f3wi\u0142 Czarzasty we wtorek.<\/p>\n<p class=\"Paragraph_desktopParagraph__U31Gm\">\u2014 Je\u017celi nie doczekam si\u0119 na podpis prezydenta pod ustaw\u0105 o KRS, wydam w przeci\u0105gu dw\u00f3ch dni obwieszczenie o rozpocz\u0119ciu procedury wyboru cz\u0142onk\u00f3w KRS \u2014 poinformowa\u0142 dalej. \u2014 Nie jest to dobre prawo, w oparciu o kt\u00f3re wydam to obwieszczenie, ale prawo obowi\u0105zuj\u0105ce \u2014 doda\u0142 marsza\u0142ek.<\/p>\n<p class=\"VideoPlayerText_videoPlayerText__iDwyz\">Dalszy ci\u0105g materia\u0142u pod wideo<\/p>\n<ul class=\"OchatFollowUps_wrapper__1ry7X\">\n<li class=\"OchatFollowUps_item__Dhyly OchatFollowUps_itemDesktop__R6aBv\">Jakie dzia\u0142ania podejmie W\u0142odzimierz Czarzasty, je\u015bli Karol Nawrocki nie podpisze ustawy o KRS?<\/li>\n<li class=\"OchatFollowUps_item__Dhyly OchatFollowUps_itemDesktop__R6aBv\">Co zak\u0142ada nowa ustawa o KRS?<\/li>\n<li class=\"OchatFollowUps_item__Dhyly OchatFollowUps_itemDesktop__R6aBv\">Jakie ma by\u0107 sk\u0142ad KRS wed\u0142ug proponowanej nowelizacji?<\/li>\n<li class=\"OchatFollowUps_item__Dhyly OchatFollowUps_itemDesktop__R6aBv\">Jak zareagowa\u0142 szef Kancelarii Prezydenta na nowelizacj\u0119 ustawy o KRS?<\/li>\n<\/ul>\n<p>Rz\u0105d ma plan B <\/p>\n<p class=\"Paragraph_desktopParagraph__U31Gm\">W poniedzia\u0142ek r\u00f3wnie\u017c minister sprawiedliwo\u015bci Waldemar \u017burek podkre\u015bli\u0142, \u017ce w przypadku, je\u015bli prezydent Karol Nawrocki zawetuje nowel\u0119 ustawy o KRS, zostanie podj\u0119ta pr\u00f3ba, aby s\u0119dzi\u00f3w do nowej KRS wybra\u0107 oddolnie przez \u015brodowisko s\u0119dziowskie w ramach &#8222;starej ustawy&#8221; o KRS. Jak doda\u0142, parlament mia\u0142by zatwierdzi\u0107 nowych s\u0119dzi\u00f3w, nie wybiera\u0107.<\/p>\n<p class=\"Paragraph_desktopParagraph__U31Gm\">W sobot\u0119 7 lutego stowarzyszenie s\u0119dzi\u00f3w &#8222;Iustitia&#8221; wyda\u0142o stanowisko, w kt\u00f3rym zaproponowa\u0142o, by Sejm formalnie wybra\u0142 15 nowych cz\u0142onk\u00f3w Rady, kt\u00f3rzy wcze\u015bniej uzyskaj\u0105 poparcie w powszechnych wyborach przeprowadzonych przez \u015brodowisko s\u0119dziowskie.<\/p>\n<p>Kancelaria Prezydenta przeciw reformie <\/p>\n<p class=\"Paragraph_desktopParagraph__U31Gm\">W styczniu w Sejmie <a href=\"https:\/\/wiadomosci.onet.pl\/kraj\/ustawa-o-krs-znamy-wynik-glosowania-w-sejmie\/1t07y7p\" id=\"d5e765f0-7c6d-4e18-80e2-25212fa68c56\" rel=\"nofollow noopener\" target=\"_blank\">pos\u0142owie opowiedzieli si\u0119 za przyj\u0119ciem nowej ustawy o KRS.<\/a> Przed g\u0142osowaniem g\u0142os zabra\u0142 szef Kancelarii Prezydenta RP Zbigniew Bogucki. \u2014 Minister \u017burek chce wr\u00f3ci\u0107 do tego, by s\u0119dziowie wybierali s\u0119dzi\u00f3w, i to bez \u017cadnej kontroli. Ale tylko ci, kt\u00f3rzy b\u0119d\u0105 g\u0142osowa\u0107 po jego my\u015bli, bo wszyscy ci, kt\u00f3rzy nie maj\u0105 10 lat sta\u017cu i pi\u0119ciu lat na stanowisku b\u0119d\u0105 wykluczeni. Czyli kasta &#8222;tak&#8221;, Polacy &#8222;nie&#8221;. Nie ma na to zgody prezydenta Nawrockiego \u2014 powiedzia\u0142 Bogucki.<\/p>\n<p class=\"Paragraph_desktopParagraph__U31Gm\">Krytyka nowelizacji wpisuje si\u0119 w szerszy sp\u00f3r o reform\u0119 KRS, zapocz\u0105tkowany zmianami po nowelizacji ustawy o KRS w grudniu 2017 r. za czas\u00f3w rz\u0105d\u00f3w Zjednoczonej Prawicy. W wyniku tych zmian s\u0119dziowska cz\u0119\u015b\u0107 KRS przesta\u0142a by\u0107 wybierana przez \u015brodowisko s\u0119dziowskie, a zacz\u0119\u0142a przez Sejm.<\/p>\n<p>Co zak\u0142ada nowa ustawa? <\/p>\n<p class=\"Paragraph_desktopParagraph__U31Gm\">W projekcie nowelizacji dotycz\u0105cej KRS najwa\u017cniejsz\u0105 zmian\u0105 jest to, \u017ce 15 s\u0119dzi\u00f3w \u2014 cz\u0142onk\u00f3w KRS b\u0119dzie wybieranych w bezpo\u015brednich i tajnych wyborach (organizowanych przez Pa\u0144stwow\u0105 Komisj\u0119 Wyborcz\u0105) przez wszystkich s\u0119dzi\u00f3w, a nie \u2014 jak dotychczas \u2014 przez Sejm. MS przekonuje, \u017ce chodzi o odebranie politykom wp\u0142ywu na Rad\u0119 i oddanie go \u015brodowisku s\u0119dziowskiemu, co ma przywr\u00f3ci\u0107 jej niezale\u017cno\u015b\u0107. Dodatkowo poprzez utworzon\u0105 Rad\u0119 Spo\u0142eczn\u0105 przy KRS ma by\u0107 realizowana transparentna kontrola dla obywateli.<\/p>\n<p class=\"Paragraph_desktopParagraph__U31Gm\">Do KRS mogliby kandydowa\u0107 s\u0119dziowie z co najmniej 10-letnim sta\u017cem orzeczniczym i co najmniej 5-letnim w s\u0105dzie, w kt\u00f3rym orzekaj\u0105. Oznacza\u0142oby to, \u017ce prawo do startu mia\u0142yby tak\u017ce niekt\u00f3re osoby awansowane do s\u0105du wy\u017cszej instancji ponad pi\u0119\u0107 lat temu ju\u017c z udzia\u0142em KRS w jej obecnym kszta\u0142cie. Czynne prawo wyborcze maj\u0105 mie\u0107 wszyscy s\u0119dziowie.<\/p>\n","protected":false},"excerpt":{"rendered":"Du\u017co czytania, a ma\u0142o czasu? Sprawd\u017a\u00a0skr\u00f3t\u00a0artyku\u0142u \u2014 Apeluj\u0119 do prezydenta [Karola Nawrockiego] o podpis pod ustaw\u0105 o KRS.&hellip;\n","protected":false},"author":2,"featured_media":251953,"comment_status":"","ping_status":"","sticky":false,"template":"","format":"standard","meta":{"footnotes":"","_share_on_mastodon":"0"},"categories":[5],"tags":[32,33,36,37,27,67,240,1381,34,35,28,31,53,25,52,68,51,55,42,38,40,39,41,984,3989,47,29,30,65,50,793,26,5700,37340],"class_list":["post-251952","post","type-post","status-publish","format-standard","has-post-thumbnail","category-naglowki","tag-breaking-news","tag-breakingnews","tag-featured-news","tag-featurednews","tag-headlines","tag-intextvideo_splayer","tag-karol_nawrocki_prezydent","tag-krs","tag-latest-news","tag-latestnews","tag-naglowki","tag-najwazniejsze-artykuly","tag-new_header","tag-news","tag-onet3","tag-onet3d","tag-onet3d_2i","tag-phx","tag-pl","tag-poland","tag-polish","tag-polska","tag-polski","tag-prawo_sady_sedziowie_sedzia_sad_sadownictwo_prawnik_prawnicy_prawniczka","tag-reforma","tag-screening_general","tag-top-stories","tag-topstories","tag-update_me","tag-v2021","tag-waldemar_zurek","tag-wiadomosci","tag-wlodzimierz_czarzasty_polityk","tag-zbigniew_bogucki_polityk"],"share_on_mastodon":{"url":"","error":"Validation failed: Text character limit of 500 exceeded"},"_links":{"self":[{"href":"https:\/\/www.europesays.com\/pl\/wp-json\/wp\/v2\/posts\/251952","targetHints":{"allow":["GET"]}}],"collection":[{"href":"https:\/\/www.europesays.com\/pl\/wp-json\/wp\/v2\/posts"}],"about":[{"href":"https:\/\/www.europesays.com\/pl\/wp-json\/wp\/v2\/types\/post"}],"author":[{"embeddable":true,"href":"https:\/\/www.europesays.com\/pl\/wp-json\/wp\/v2\/users\/2"}],"replies":[{"embeddable":true,"href":"https:\/\/www.europesays.com\/pl\/wp-json\/wp\/v2\/comments?post=251952"}],"version-history":[{"count":0,"href":"https:\/\/www.europesays.com\/pl\/wp-json\/wp\/v2\/posts\/251952\/revisions"}],"wp:featuredmedia":[{"embeddable":true,"href":"https:\/\/www.europesays.com\/pl\/wp-json\/wp\/v2\/media\/251953"}],"wp:attachment":[{"href":"https:\/\/www.europesays.com\/pl\/wp-json\/wp\/v2\/media?parent=251952"}],"wp:term":[{"taxonomy":"category","embeddable":true,"href":"https:\/\/www.europesays.com\/pl\/wp-json\/wp\/v2\/categories?post=251952"},{"taxonomy":"post_tag","embeddable":true,"href":"https:\/\/www.europesays.com\/pl\/wp-json\/wp\/v2\/tags?post=251952"}],"curies":[{"name":"wp","href":"https:\/\/api.w.org\/{rel}","templated":true}]}}