{"id":252408,"date":"2026-02-10T13:58:09","date_gmt":"2026-02-10T13:58:09","guid":{"rendered":"https:\/\/www.europesays.com\/pl\/252408\/"},"modified":"2026-02-10T13:58:09","modified_gmt":"2026-02-10T13:58:09","slug":"pis-idzie-do-trybunalu-konstytucyjnego-marcin-warchol-ujawnil-szczegoly","status":"publish","type":"post","link":"https:\/\/www.europesays.com\/pl\/252408\/","title":{"rendered":"PiS idzie do Trybuna\u0142u Konstytucyjnego. Marcin Warcho\u0142 ujawni\u0142 szczeg\u00f3\u0142y"},"content":{"rendered":"<ul class=\"UnorderedList_container__nmfSl\">\n<li class=\"UnorderedList_listElement__Py7xi\" data-id=\"ai-summary-link\">Du\u017co czytania, a ma\u0142o czasu? Sprawd\u017a\u00a0skr\u00f3t\u00a0artyku\u0142u<\/li>\n<\/ul>\n<p class=\"Paragraph_desktopParagraph__U31Gm\">Pose\u0142 Marcin Warcho\u0142 poinformowa\u0142 w mediach spo\u0142eczno\u015bciowych o podj\u0119ciu krok\u00f3w prawnych maj\u0105cych na celu stwierdzenie niezgodno\u015bci z Konstytucj\u0105 ustawy o statusie s\u0119dzi\u00f3w TK. Wed\u0142ug wnioskodawc\u00f3w, obecne regulacje umo\u017cliwiaj\u0105 wyb\u00f3r s\u0119dzi\u00f3w w drodze uchwa\u0142 sejmowych i nakazuj\u0105 prezydentowi odebranie od nich \u015blubowania, nawet je\u015bli proces ten nast\u0105pi\u0142 z naruszeniem prawa.<\/p>\n<p class=\"VideoPlayerText_videoPlayerText__iDwyz\">Dalszy ci\u0105g materia\u0142u pod wideo<\/p>\n<ul class=\"OchatFollowUps_wrapper__1ry7X\">\n<li class=\"OchatFollowUps_item__Dhyly OchatFollowUps_itemDesktop__R6aBv\">Jakie przepisy kwestionuje PiS w Trybunale Konstytucyjnym?<\/li>\n<li class=\"OchatFollowUps_item__Dhyly OchatFollowUps_itemDesktop__R6aBv\">Kto poinformowa\u0142 o z\u0142o\u017ceniu wniosku do TK?<\/li>\n<li class=\"OchatFollowUps_item__Dhyly OchatFollowUps_itemDesktop__R6aBv\">Co ma regulowa\u0107 nowa ustawa dotycz\u0105ca wyboru s\u0119dzi\u00f3w?<\/li>\n<li class=\"OchatFollowUps_item__Dhyly OchatFollowUps_itemDesktop__R6aBv\">Jakie zarzuty wobec obecnej wi\u0119kszo\u015bci parlamentarnej przedstawi\u0142 Marcin Warcho\u0142?<\/li>\n<\/ul>\n<p>&#8222;Wyb\u00f3r s\u0119dzi\u00f3w wy\u0142\u0105cznie ustaw\u0105&#8221; <\/p>\n<p class=\"Paragraph_desktopParagraph__U31Gm\">Autorzy wniosku argumentuj\u0105, \u017ce zgodnie z art. 197 Konstytucji, wyb\u00f3r s\u0119dzi\u00f3w do jednego z najwa\u017cniejszych organ\u00f3w pa\u0144stwa powinien by\u0107 regulowany wy\u0142\u0105cznie drog\u0105 ustawow\u0105, a nie przez wewn\u0119trzne akty jednej izby parlamentu. Warcho\u0142 podkre\u015bla, \u017ce obecny stan rzeczy narusza zasad\u0119 podzia\u0142u w\u0142adz oraz niezale\u017cno\u015b\u0107 samego Trybuna\u0142u.<\/p>\n<p class=\"Paragraph_desktopParagraph__U31Gm\">W pi\u015bmie do TK wskazano, \u017ce nowa ustawa musi precyzyjnie okre\u015bla\u0107 zasady wyboru, dbaj\u0105c o zachowanie ci\u0105g\u0142o\u015bci dzia\u0142ania TK oraz indywidualny charakter kadencji s\u0119dzi\u00f3w. Ma to gwarantowa\u0107, \u017ce wymiana sk\u0142adu s\u0119dziowskiego b\u0119dzie nast\u0119powa\u0107 stopniowo, co \u2014 zdaniem wnioskodawc\u00f3w \u2014 jest kluczowe dla bezstronno\u015bci organu.<\/p>\n<p class=\"Paragraph_desktopParagraph__U31Gm\">Marcin Warcho\u0142 w ostrych s\u0142owach odni\u00f3s\u0142 si\u0119 do dzia\u0142a\u0144 obecnej wi\u0119kszo\u015bci parlamentarnej, kt\u00f3rej zarzuci\u0142 nagminne naruszanie zasady pluralizmu poprzez odrzucanie kandydat\u00f3w zg\u0142aszanych przez PiS.<\/p>\n<p class=\"Paragraph_desktopParagraph__U31Gm\">&#8222;Nale\u017cy wstrzyma\u0107 zaprzysi\u0119\u017cenia s\u0119dzi\u00f3w do czasu wydania przez TK ostatecznego orzeczenia w sprawie naszego wniosku&#8221; \u2014 czytamy w o\u015bwiadczeniu pos\u0142a.<\/p>\n<p class=\"Paragraph_desktopParagraph__U31Gm\">Spraw\u0119 komentowa\u0142 na antenie TVP Info prof. Krystian Markiewicz.<\/p>\n<p class=\"Paragraph_desktopParagraph__U31Gm\">\u2014 Regu\u0142y, wed\u0142ug kt\u00f3rych dzisiejsza opozycja, czyli Prawo i Sprawiedliwo\u015b\u0107, kiedy\u015b jako koalicja wybiera\u0142a s\u0119dzi\u00f3w do Trybuna\u0142u Konstytucyjnego, nie budzi\u0142y w\u00f3wczas w\u0105tpliwo\u015bci. Teraz te w\u0105tpliwo\u015bci si\u0119 pojawiaj\u0105. Czyli by\u0107 mo\u017ce wed\u0142ug opozycji wcze\u015bniejsze wybory tak\u017ce by\u0142y niezgodne z konstytucj\u0105. Do takich sprzeczno\u015bci ju\u017c si\u0119 przyzwyczaili\u015bmy. Chodzi oczywi\u015bcie o to, aby zablokowa\u0107 wyb\u00f3r s\u0119dzi\u00f3w do Trybuna\u0142u Konstytucyjnego i da\u0107 panu prezydentowi mo\u017cliwo\u015b\u0107 powiedzenia: &#8222;w sytuacji, gdy s\u0105 takie w\u0105tpliwo\u015bci, mog\u0119 nie powo\u0142ywa\u0107 nowych s\u0119dzi\u00f3w, dop\u00f3ki sprawa si\u0119 nie wyja\u015bni&#8221;. A ju\u017c przyzwyczaili\u015bmy si\u0119, \u017ce obecny Trybuna\u0142 gra terminami. R\u00f3wnie dobrze mo\u017ce wyznaczy\u0107 termin za 15 lat \u2014 stwierdzi\u0142 s\u0119dzia S\u0105du Okr\u0119gowego w Katowicach oraz przewodnicz\u0105cy Komisji Kodyfikacyjnej Ustroju S\u0105downictwa i Prokuratury.<\/p>\n","protected":false},"excerpt":{"rendered":"Du\u017co czytania, a ma\u0142o czasu? Sprawd\u017a\u00a0skr\u00f3t\u00a0artyku\u0142u Pose\u0142 Marcin Warcho\u0142 poinformowa\u0142 w mediach spo\u0142eczno\u015bciowych o podj\u0119ciu krok\u00f3w prawnych maj\u0105cych&hellip;\n","protected":false},"author":2,"featured_media":252409,"comment_status":"","ping_status":"","sticky":false,"template":"","format":"standard","meta":{"footnotes":"","_share_on_mastodon":"0"},"categories":[12],"tags":[32,33,36,37,27,67,34,35,44196,28,31,53,25,52,68,51,55,42,38,40,39,41,868,984,47,4717,29,30,65,50,26],"class_list":["post-252408","post","type-post","status-publish","format-standard","has-post-thumbnail","category-polska","tag-breaking-news","tag-breakingnews","tag-featured-news","tag-featurednews","tag-headlines","tag-intextvideo_splayer","tag-latest-news","tag-latestnews","tag-marcin_warchol","tag-naglowki","tag-najwazniejsze-artykuly","tag-new_header","tag-news","tag-onet3","tag-onet3d","tag-onet3d_2i","tag-phx","tag-pl","tag-poland","tag-polish","tag-polska","tag-polski","tag-prawo_i_sprawiedliwosc_pis","tag-prawo_sady_sedziowie_sedzia_sad_sadownictwo_prawnik_prawnicy_prawniczka","tag-screening_general","tag-tk_trybunal_konstytucyjny","tag-top-stories","tag-topstories","tag-update_me","tag-v2021","tag-wiadomosci"],"share_on_mastodon":{"url":"","error":"Validation failed: Text character limit of 500 exceeded"},"_links":{"self":[{"href":"https:\/\/www.europesays.com\/pl\/wp-json\/wp\/v2\/posts\/252408","targetHints":{"allow":["GET"]}}],"collection":[{"href":"https:\/\/www.europesays.com\/pl\/wp-json\/wp\/v2\/posts"}],"about":[{"href":"https:\/\/www.europesays.com\/pl\/wp-json\/wp\/v2\/types\/post"}],"author":[{"embeddable":true,"href":"https:\/\/www.europesays.com\/pl\/wp-json\/wp\/v2\/users\/2"}],"replies":[{"embeddable":true,"href":"https:\/\/www.europesays.com\/pl\/wp-json\/wp\/v2\/comments?post=252408"}],"version-history":[{"count":0,"href":"https:\/\/www.europesays.com\/pl\/wp-json\/wp\/v2\/posts\/252408\/revisions"}],"wp:featuredmedia":[{"embeddable":true,"href":"https:\/\/www.europesays.com\/pl\/wp-json\/wp\/v2\/media\/252409"}],"wp:attachment":[{"href":"https:\/\/www.europesays.com\/pl\/wp-json\/wp\/v2\/media?parent=252408"}],"wp:term":[{"taxonomy":"category","embeddable":true,"href":"https:\/\/www.europesays.com\/pl\/wp-json\/wp\/v2\/categories?post=252408"},{"taxonomy":"post_tag","embeddable":true,"href":"https:\/\/www.europesays.com\/pl\/wp-json\/wp\/v2\/tags?post=252408"}],"curies":[{"name":"wp","href":"https:\/\/api.w.org\/{rel}","templated":true}]}}