{"id":252479,"date":"2026-02-10T14:47:09","date_gmt":"2026-02-10T14:47:09","guid":{"rendered":"https:\/\/www.europesays.com\/pl\/252479\/"},"modified":"2026-02-10T14:47:09","modified_gmt":"2026-02-10T14:47:09","slug":"pis-idzie-do-trybunalu-konstytucyjnego-marcin-warchol-ujawnil-szczegoly-2","status":"publish","type":"post","link":"https:\/\/www.europesays.com\/pl\/252479\/","title":{"rendered":"PiS idzie do Trybuna\u0142u Konstytucyjnego. Marcin Warcho\u0142 ujawni\u0142 szczeg\u00f3\u0142y"},"content":{"rendered":"<p class=\"ods-c-paragraph \">Pose\u0142 Marcin Warcho\u0142 poinformowa\u0142 w mediach spo\u0142eczno\u015bciowych o podj\u0119ciu krok\u00f3w prawnych maj\u0105cych na celu stwierdzenie niezgodno\u015bci z Konstytucj\u0105 ustawy o statusie s\u0119dzi\u00f3w TK. Wed\u0142ug wnioskodawc\u00f3w, obecne regulacje umo\u017cliwiaj\u0105 wyb\u00f3r s\u0119dzi\u00f3w w drodze uchwa\u0142 sejmowych i nakazuj\u0105 prezydentowi odebranie od nich \u015blubowania, nawet je\u015bli proces ten nast\u0105pi\u0142 z naruszeniem prawa.<\/p>\n<p> Dalszy ci\u0105g artyku\u0142u pod materia\u0142em wideo    <\/p>\n<p> Jakie przepisy kwestionuje PiS w Trybunale Konstytucyjnym? <\/p>\n<p> Kto poinformowa\u0142 o z\u0142o\u017ceniu wniosku do TK? <\/p>\n<p> Co ma regulowa\u0107 nowa ustawa dotycz\u0105ca wyboru s\u0119dzi\u00f3w? <\/p>\n<p> Jakie zarzuty wobec obecnej wi\u0119kszo\u015bci parlamentarnej przedstawi\u0142 Marcin Warcho\u0142? <\/p>\n<p>  &#8222;Wyb\u00f3r s\u0119dzi\u00f3w wy\u0142\u0105cznie ustaw\u0105&#8221;<\/p>\n<p class=\"ods-c-paragraph \">Autorzy wniosku argumentuj\u0105, \u017ce zgodnie z art. 197 Konstytucji, wyb\u00f3r s\u0119dzi\u00f3w do jednego z najwa\u017cniejszych organ\u00f3w pa\u0144stwa powinien by\u0107 regulowany wy\u0142\u0105cznie drog\u0105 ustawow\u0105, a nie przez wewn\u0119trzne akty jednej izby parlamentu. Warcho\u0142 podkre\u015bla, \u017ce obecny stan rzeczy narusza zasad\u0119 podzia\u0142u w\u0142adz oraz niezale\u017cno\u015b\u0107 samego Trybuna\u0142u.<\/p>\n<p class=\"ods-c-paragraph \">W pi\u015bmie do TK wskazano, \u017ce nowa ustawa musi precyzyjnie okre\u015bla\u0107 zasady wyboru, dbaj\u0105c o zachowanie ci\u0105g\u0142o\u015bci dzia\u0142ania TK oraz indywidualny charakter kadencji s\u0119dzi\u00f3w. Ma to gwarantowa\u0107, \u017ce wymiana sk\u0142adu s\u0119dziowskiego b\u0119dzie nast\u0119powa\u0107 stopniowo, co \u2014 zdaniem wnioskodawc\u00f3w \u2014 jest kluczowe dla bezstronno\u015bci organu.<\/p>\n<p class=\"ods-c-paragraph \">Marcin Warcho\u0142 w ostrych s\u0142owach odni\u00f3s\u0142 si\u0119 do dzia\u0142a\u0144 obecnej wi\u0119kszo\u015bci parlamentarnej, kt\u00f3rej zarzuci\u0142 nagminne naruszanie zasady pluralizmu poprzez odrzucanie kandydat\u00f3w zg\u0142aszanych przez PiS.<\/p>\n<p class=\"ods-c-paragraph \">&#8222;Nale\u017cy wstrzyma\u0107 zaprzysi\u0119\u017cenia s\u0119dzi\u00f3w do czasu wydania przez TK ostatecznego orzeczenia w sprawie naszego wniosku&#8221; \u2014 czytamy w o\u015bwiadczeniu pos\u0142a.<\/p>\n<p class=\"ods-c-paragraph \">Spraw\u0119 komentowa\u0142 na antenie TVP Info prof. Krystian Markiewicz.<\/p>\n<p class=\"ods-c-paragraph \">\u2014 Regu\u0142y, wed\u0142ug kt\u00f3rych dzisiejsza opozycja, czyli Prawo i Sprawiedliwo\u015b\u0107, kiedy\u015b jako koalicja wybiera\u0142a s\u0119dzi\u00f3w do Trybuna\u0142u Konstytucyjnego, nie budzi\u0142y w\u00f3wczas w\u0105tpliwo\u015bci. Teraz te w\u0105tpliwo\u015bci si\u0119 pojawiaj\u0105. Czyli by\u0107 mo\u017ce wed\u0142ug opozycji wcze\u015bniejsze wybory tak\u017ce by\u0142y niezgodne z konstytucj\u0105. Do takich sprzeczno\u015bci ju\u017c si\u0119 przyzwyczaili\u015bmy. Chodzi oczywi\u015bcie o to, aby zablokowa\u0107 wyb\u00f3r s\u0119dzi\u00f3w do Trybuna\u0142u Konstytucyjnego i da\u0107 panu prezydentowi mo\u017cliwo\u015b\u0107 powiedzenia: &#8222;w sytuacji, gdy s\u0105 takie w\u0105tpliwo\u015bci, mog\u0119 nie powo\u0142ywa\u0107 nowych s\u0119dzi\u00f3w, dop\u00f3ki sprawa si\u0119 nie wyja\u015bni&#8221;. A ju\u017c przyzwyczaili\u015bmy si\u0119, \u017ce obecny Trybuna\u0142 gra terminami. R\u00f3wnie dobrze mo\u017ce wyznaczy\u0107 termin za 15 lat \u2014 stwierdzi\u0142 s\u0119dzia S\u0105du Okr\u0119gowego w Katowicach oraz przewodnicz\u0105cy Komisji Kodyfikacyjnej Ustroju S\u0105downictwa i Prokuratury.<\/p>\n","protected":false},"excerpt":{"rendered":"Pose\u0142 Marcin Warcho\u0142 poinformowa\u0142 w mediach spo\u0142eczno\u015bciowych o podj\u0119ciu krok\u00f3w prawnych maj\u0105cych na celu stwierdzenie niezgodno\u015bci z Konstytucj\u0105&hellip;\n","protected":false},"author":2,"featured_media":252480,"comment_status":"","ping_status":"","sticky":false,"template":"","format":"standard","meta":{"footnotes":"","_share_on_mastodon":"0"},"categories":[12],"tags":[32,33,36,37,27,49,34,35,44196,28,31,48,25,46,529,42,38,40,39,41,412,47,29,30,4423,26],"class_list":["post-252479","post","type-post","status-publish","format-standard","has-post-thumbnail","category-polska","tag-breaking-news","tag-breakingnews","tag-featured-news","tag-featurednews","tag-headlines","tag-kraj","tag-latest-news","tag-latestnews","tag-marcin_warchol","tag-naglowki","tag-najwazniejsze-artykuly","tag-nat_styl","tag-news","tag-omp","tag-pis","tag-pl","tag-poland","tag-polish","tag-polska","tag-polski","tag-prawo_sady_prawnicy","tag-screening_general","tag-top-stories","tag-topstories","tag-trybunal_konstytucyjny_tk","tag-wiadomosci"],"share_on_mastodon":{"url":"https:\/\/pubeurope.com\/@pl\/116046885405036083","error":""},"_links":{"self":[{"href":"https:\/\/www.europesays.com\/pl\/wp-json\/wp\/v2\/posts\/252479","targetHints":{"allow":["GET"]}}],"collection":[{"href":"https:\/\/www.europesays.com\/pl\/wp-json\/wp\/v2\/posts"}],"about":[{"href":"https:\/\/www.europesays.com\/pl\/wp-json\/wp\/v2\/types\/post"}],"author":[{"embeddable":true,"href":"https:\/\/www.europesays.com\/pl\/wp-json\/wp\/v2\/users\/2"}],"replies":[{"embeddable":true,"href":"https:\/\/www.europesays.com\/pl\/wp-json\/wp\/v2\/comments?post=252479"}],"version-history":[{"count":0,"href":"https:\/\/www.europesays.com\/pl\/wp-json\/wp\/v2\/posts\/252479\/revisions"}],"wp:featuredmedia":[{"embeddable":true,"href":"https:\/\/www.europesays.com\/pl\/wp-json\/wp\/v2\/media\/252480"}],"wp:attachment":[{"href":"https:\/\/www.europesays.com\/pl\/wp-json\/wp\/v2\/media?parent=252479"}],"wp:term":[{"taxonomy":"category","embeddable":true,"href":"https:\/\/www.europesays.com\/pl\/wp-json\/wp\/v2\/categories?post=252479"},{"taxonomy":"post_tag","embeddable":true,"href":"https:\/\/www.europesays.com\/pl\/wp-json\/wp\/v2\/tags?post=252479"}],"curies":[{"name":"wp","href":"https:\/\/api.w.org\/{rel}","templated":true}]}}