{"id":252706,"date":"2026-02-10T17:34:09","date_gmt":"2026-02-10T17:34:09","guid":{"rendered":"https:\/\/www.europesays.com\/pl\/252706\/"},"modified":"2026-02-10T17:34:09","modified_gmt":"2026-02-10T17:34:09","slug":"metropolita-chicago-z-apelem-do-donalda-trumpa-powinien-przeprosic-onet","status":"publish","type":"post","link":"https:\/\/www.europesays.com\/pl\/252706\/","title":{"rendered":"Metropolita Chicago z apelem do Donalda Trumpa. &quot;Powinien przeprosi\u0107&quot; &#8211; Onet"},"content":{"rendered":"<ol>\n<li><a href=\"https:\/\/news.google.com\/rss\/articles\/CBMiyAFBVV95cUxQVGlvbkd2Wld2Nzd0SEZiZG1qR2t4dVVFYnBJNll6YlB4SHU2SzZDYTRoQWQ1enNEN1h2X1dYNHdURWdLclQzR2N6a2xLUXByX2F0ZjhmVmswbnBFMjdJM091aWxxMi1ENnJBczZ6aERIaVRlYnpnemlxRU52WUh1c2hwWk8zaTg1QnV5cExjYlRkbEdsYjh0eEZjOTJmRXNTREFWUHRQdEkwN180Y1FTNEk0WlVuNlB3SHZmQWdTVVhuUWZlSTBteg?oc=5\" target=\"_blank\" rel=\"nofollow noopener\">Metropolita Chicago z apelem do Donalda Trumpa. &#8222;Powinien przeprosi\u0107&#8221;<\/a>&nbsp;&nbsp;Onet<\/li>\n<li><a href=\"https:\/\/news.google.com\/rss\/articles\/CBMirwFBVV95cUxQTTFCdVZXS21NeFA0dXRJY19IX3o4OW43b3A0V0tjcjNaaXZMLU1pYmNpbDdJOGpuTi16bEpPWE9zRnFDSHFaSGd5QWZyQThHVnp6WjR5bTJHY1FhVDc0bE92Zzg2ZVUxZmNqbUlRLTQ3bDdPOTl4a0RuTk8ySmlIY1l2MHVnSmU5ZjduX1BJX2ZOVGNmbFRPZmVkakQ1YkdNUVRCUU9PTDZDYkNjYzUw?oc=5\" target=\"_blank\" rel=\"nofollow noopener\">Skandaliczny wpis Trumpa o Obamach. Tak t\u0142umaczy si\u0119 prezydent<\/a>&nbsp;&nbsp;rmf24.pl<\/li>\n<li><a href=\"https:\/\/news.google.com\/rss\/articles\/CBMipAFBVV95cUxPak1Ta2xGbnA5cklkbTRtSGRZQ3JINENENXFwa25WdEgzNFBjZ0ZoNU1pNkFfMWdBcHFxZlRDSnY2YUo5dzFpQ0VxRTBNMkJVVVZzR2h1VmtyUFEzRXRwZU1tVktYSGNyZ3ZtNVZjZmMtbTRfRkpGOW8zWklRQzBQWV9Bd245RWpkOW5Nb3hEWi1CYUYwUlNYZ1NuVk1SRkhSS3ZWNA?oc=5\" target=\"_blank\" rel=\"nofollow noopener\">Metropolita Chicago wzywa Trumpa do przeprosin. &#8222;Jawny rasizm&#8221;<\/a>&nbsp;&nbsp;WP Wiadomo\u015bci<\/li>\n<li><a href=\"https:\/\/news.google.com\/rss\/articles\/CBMitAFBVV95cUxQNXVtUXRDaWk3U2JOeEZEMlhhWUVySGxjZ1N6djZ3MlRQaUpHVER6alNJY2tORzREZ25wQXp5RHM5WGlPcVpoVDhDN0dyX3lHNnFOVG5xOGhYRHE5NHhzRGpvVU5XLVd1LXIxbS0wNVVlLWF1MG8tUWpjN2tmbGFRRExoemJqWThDWWU5bzE5dmd2X0VBN3dpSWY0cXAzd25KRlZmT0FVakNMS1RDUlJ1SW1qREM?oc=5\" target=\"_blank\" rel=\"nofollow noopener\">Donald Trump naprawd\u0119 pokaza\u0142 film z rasistowskim wizerunkiem Obam\u00f3w<\/a>&nbsp;&nbsp;Konkret24<\/li>\n<li><a href=\"https:\/\/news.google.com\/rss\/articles\/CBMiugFBVV95cUxQUjQ3dVl2Q0F3eEtIRWR1bklwREhkNnc3N2I0Q2g1V0lzS0w0YUhMcFhrNjRJR3JyZDVCNFdfMG41SzRId0RIN0FtY2U4Q1VCbVlpSjJNa0ZEZV9fbGxxRmhRdDNGVTUwZTkzb1RlWWVtZG5CdC1YcWc4U3ZDY2NDX3lGNXk1UjM4TmVZQ0hKNXlfWnVZMGN0djNYcldUcFVHdUg0Um9vMW9xVV9JOGFQQjZQejdsMFQxS1E?oc=5\" target=\"_blank\" rel=\"nofollow noopener\">Kardyna\u0142 wzywa Trumpa do przeprosin. &#8222;Nasz szok jest prawdziwy&#8221;<\/a>&nbsp;&nbsp;Wydarzenia w INTERIA.PL<\/li>\n<\/ol>\n","protected":false},"excerpt":{"rendered":"Metropolita Chicago z apelem do Donalda Trumpa. &#8222;Powinien przeprosi\u0107&#8221;&nbsp;&nbsp;Onet Skandaliczny wpis Trumpa o Obamach. Tak t\u0142umaczy si\u0119 prezydent&nbsp;&nbsp;rmf24.pl&hellip;\n","protected":false},"author":2,"featured_media":252707,"comment_status":"","ping_status":"","sticky":false,"template":"","format":"standard","meta":{"footnotes":"","_share_on_mastodon":"0"},"categories":[14],"tags":[43635,32,33,10808,58,27,67,1269,34,35,5868,28,31,53,25,52,68,51,55,40,41,15269,47,59,80,29,30,65,50,26,82,83,84],"class_list":["post-252706","post","type-post","status-publish","format-standard","has-post-thumbnail","category-swiat","tag-barack_obama_amerykanski_prezydent","tag-breaking-news","tag-breakingnews","tag-chicago_miasto","tag-donald_trump_prezydent_usa","tag-headlines","tag-intextvideo_splayer","tag-kosciol_katolicki_duchowienstwo_duchowni_zakonnicy","tag-latest-news","tag-latestnews","tag-michelle_obama","tag-naglowki","tag-najwazniejsze-artykuly","tag-new_header","tag-news","tag-onet3","tag-onet3d","tag-onet3d_2i","tag-phx","tag-polish","tag-polski","tag-rasizm","tag-screening_general","tag-stany_zjednoczone_usa","tag-swiat","tag-top-stories","tag-topstories","tag-update_me","tag-v2021","tag-wiadomosci","tag-world","tag-world-news","tag-worldnews"],"share_on_mastodon":{"url":"","error":"Validation failed: Text character limit of 500 exceeded"},"_links":{"self":[{"href":"https:\/\/www.europesays.com\/pl\/wp-json\/wp\/v2\/posts\/252706","targetHints":{"allow":["GET"]}}],"collection":[{"href":"https:\/\/www.europesays.com\/pl\/wp-json\/wp\/v2\/posts"}],"about":[{"href":"https:\/\/www.europesays.com\/pl\/wp-json\/wp\/v2\/types\/post"}],"author":[{"embeddable":true,"href":"https:\/\/www.europesays.com\/pl\/wp-json\/wp\/v2\/users\/2"}],"replies":[{"embeddable":true,"href":"https:\/\/www.europesays.com\/pl\/wp-json\/wp\/v2\/comments?post=252706"}],"version-history":[{"count":0,"href":"https:\/\/www.europesays.com\/pl\/wp-json\/wp\/v2\/posts\/252706\/revisions"}],"wp:featuredmedia":[{"embeddable":true,"href":"https:\/\/www.europesays.com\/pl\/wp-json\/wp\/v2\/media\/252707"}],"wp:attachment":[{"href":"https:\/\/www.europesays.com\/pl\/wp-json\/wp\/v2\/media?parent=252706"}],"wp:term":[{"taxonomy":"category","embeddable":true,"href":"https:\/\/www.europesays.com\/pl\/wp-json\/wp\/v2\/categories?post=252706"},{"taxonomy":"post_tag","embeddable":true,"href":"https:\/\/www.europesays.com\/pl\/wp-json\/wp\/v2\/tags?post=252706"}],"curies":[{"name":"wp","href":"https:\/\/api.w.org\/{rel}","templated":true}]}}