{"id":252736,"date":"2026-02-10T18:11:05","date_gmt":"2026-02-10T18:11:05","guid":{"rendered":"https:\/\/www.europesays.com\/pl\/252736\/"},"modified":"2026-02-10T18:11:05","modified_gmt":"2026-02-10T18:11:05","slug":"zbigniew-boniek-nie-wytrzymal-oto-co-napisal-po-sukcesie-kacpra-tomasiaka","status":"publish","type":"post","link":"https:\/\/www.europesays.com\/pl\/252736\/","title":{"rendered":"Zbigniew Boniek nie wytrzyma\u0142. Oto co napisa\u0142 po sukcesie Kacpra Tomasiaka"},"content":{"rendered":"<p class=\"ods-c-paragraph \">Kacper Tomasiak wprawi\u0142 w zachwyt wszystkich kibic\u00f3w, gdy w poniedzia\u0142kowy wiecz\u00f3r w konkursie na normalnej skoczni w Predazzo si\u0119gn\u0105\u0142 po srebrny medal zimowych igrzysk olimpijskich. 19-letni debiutant przy\u0107mi\u0142 wiele gwiazd, w tym m.in. zmierzaj\u0105cego po Kryszta\u0142ow\u0105 Kul\u0119 Domena Prevca.<\/p>\n<p> Dalszy ci\u0105g artyku\u0142u pod materia\u0142em wideo    <\/p>\n<p> Jaki medal zdoby\u0142 Kacper Tomasiak na igrzyskach olimpijskich? <\/p>\n<p> Jak zareagowa\u0142 Zbigniew Boniek na sukces Tomasiaka? <\/p>\n<p> Kto pozowa\u0142 do zdj\u0119\u0107 z Kacprem Tomasiakiem? <\/p>\n<p> Kiedy odb\u0119dzie si\u0119 kolejny konkurs, w kt\u00f3rym wyst\u0105pi Tomasiak? <\/p>\n<p>  Zbigniew Boniek uderza po sukcesie Kacpra Tomasiaka. &#8222;\u017benuj\u0105ce&#8221;<\/p>\n<p class=\"ods-c-paragraph \">O sukcesie m\u0142odego Polaka rozpisuj\u0105 si\u0119 \u015bwiatowe media, a ju\u017c pod skoczni\u0105 Tomasiak by\u0142 oblegany nie tylko przez dziennikarzy, ale i przez wielu oficjeli. Zdj\u0119cia ze &#8222;\u015bwie\u017co upieczonym&#8221; mistrzem olimpijskim nie odm\u00f3wili sobie m.in. prezes PKOl Rados\u0142aw Piesiewicz czy minister sportu i turystyki Jakub Rutnicki. A obrazki z Predazzo w swoim stylu postanowi\u0142 skomentowa\u0107 w sieci Zbigniew Boniek.<\/p>\n<p class=\"ods-c-paragraph \">&#8222;To my Polacy. Kolejka \u017ceby doczepi\u0107 si\u0119 do sukcesu m\u0142odego ch\u0142opaka. \u017benuj\u0105ce&#8221; \u2014 napisa\u0142 na portalu X by\u0142y prezes PZPN i reprezentant Polski.<\/p>\n<p class=\"ods-c-paragraph \">A kolejn\u0105 szans\u0119 na olimpijski medal Tomasiak b\u0119dzie mia\u0142 ju\u017c we wtorkowy wiecz\u00f3r. Wicemistrz olimpijski wyst\u0105pi bowiem w konkursie mikst\u00f3w wraz z Paw\u0142em W\u0105skiem, Ann\u0105 Twardosz i Pol\u0105 Be\u0142towsk\u0105. Pocz\u0105tek zmaga\u0144 o godz. 18.45.<\/p>\n","protected":false},"excerpt":{"rendered":"Kacper Tomasiak wprawi\u0142 w zachwyt wszystkich kibic\u00f3w, gdy w poniedzia\u0142kowy wiecz\u00f3r w konkursie na normalnej skoczni w Predazzo&hellip;\n","protected":false},"author":2,"featured_media":252737,"comment_status":"","ping_status":"","sticky":false,"template":"","format":"standard","meta":{"footnotes":"","_share_on_mastodon":"0"},"categories":[5],"tags":[32,33,36,37,27,2399,15023,34,35,28,31,48,25,46,42,38,40,39,41,42204,47,1874,29,30,26,130,4378,15900,15289],"class_list":["post-252736","post","type-post","status-publish","format-standard","has-post-thumbnail","category-naglowki","tag-breaking-news","tag-breakingnews","tag-featured-news","tag-featurednews","tag-headlines","tag-igrzyska_olimpijskie","tag-kacper_tomasiak","tag-latest-news","tag-latestnews","tag-naglowki","tag-najwazniejsze-artykuly","tag-nat_styl","tag-news","tag-omp","tag-pl","tag-poland","tag-polish","tag-polska","tag-polski","tag-ps_omp_tst00","tag-screening_general","tag-skoki_narciarskie","tag-top-stories","tag-topstories","tag-wiadomosci","tag-wiadomosci_sportowe","tag-zbigniew_boniek","tag-zimowe_igrzyska_olimpijskie","tag-zimowe_igrzyska_olimpijskie_2026"],"share_on_mastodon":{"url":"","error":"Validation failed: Text character limit of 500 exceeded"},"_links":{"self":[{"href":"https:\/\/www.europesays.com\/pl\/wp-json\/wp\/v2\/posts\/252736","targetHints":{"allow":["GET"]}}],"collection":[{"href":"https:\/\/www.europesays.com\/pl\/wp-json\/wp\/v2\/posts"}],"about":[{"href":"https:\/\/www.europesays.com\/pl\/wp-json\/wp\/v2\/types\/post"}],"author":[{"embeddable":true,"href":"https:\/\/www.europesays.com\/pl\/wp-json\/wp\/v2\/users\/2"}],"replies":[{"embeddable":true,"href":"https:\/\/www.europesays.com\/pl\/wp-json\/wp\/v2\/comments?post=252736"}],"version-history":[{"count":0,"href":"https:\/\/www.europesays.com\/pl\/wp-json\/wp\/v2\/posts\/252736\/revisions"}],"wp:featuredmedia":[{"embeddable":true,"href":"https:\/\/www.europesays.com\/pl\/wp-json\/wp\/v2\/media\/252737"}],"wp:attachment":[{"href":"https:\/\/www.europesays.com\/pl\/wp-json\/wp\/v2\/media?parent=252736"}],"wp:term":[{"taxonomy":"category","embeddable":true,"href":"https:\/\/www.europesays.com\/pl\/wp-json\/wp\/v2\/categories?post=252736"},{"taxonomy":"post_tag","embeddable":true,"href":"https:\/\/www.europesays.com\/pl\/wp-json\/wp\/v2\/tags?post=252736"}],"curies":[{"name":"wp","href":"https:\/\/api.w.org\/{rel}","templated":true}]}}