{"id":252924,"date":"2026-02-10T21:47:03","date_gmt":"2026-02-10T21:47:03","guid":{"rendered":"https:\/\/www.europesays.com\/pl\/252924\/"},"modified":"2026-02-10T21:47:03","modified_gmt":"2026-02-10T21:47:03","slug":"alerty-pogodowe-imgw-ostrzega-mieszkancow-10-wojewodztw","status":"publish","type":"post","link":"https:\/\/www.europesays.com\/pl\/252924\/","title":{"rendered":"Alerty pogodowe. IMGW ostrzega mieszka\u0144c\u00f3w 10 wojew\u00f3dztw"},"content":{"rendered":"<ul class=\"UnorderedList_container__nmfSl\">\n<li class=\"UnorderedList_listElement__Py7xi\" data-id=\"ai-summary-link\">Du\u017co czytania, a ma\u0142o czasu? Sprawd\u017a\u00a0skr\u00f3t\u00a0artyku\u0142u<\/li>\n<\/ul>\n<p class=\"Paragraph_desktopParagraph__U31Gm\">Ostrze\u017cenia II stopnia przed marzn\u0105cymi opadami deszczu zosta\u0142y wydane dla woj. pomorskiego i cz\u0119\u015bci woj. kujawsko-pomorskiego i warmi\u0144sko-mazurskiego. Ostrze\u017cenia b\u0119d\u0105 obowi\u0105zywa\u0107 od godz. 6.00 w \u015brod\u0119, do godziny 10 w czwartek, a prawdopodobie\u0144stwo wyst\u0105pienia zjawiska wynosi 90 proc.<\/p>\n<p class=\"Paragraph_desktopParagraph__U31Gm\">Ostrze\u017cenie I stopnia dotyczy s\u0142abych opad\u00f3w marzn\u0105cego deszczu lub m\u017cawki powoduj\u0105cej go\u0142oled\u017a. Prawdopodobie\u0144stwo wyst\u0105pienia zjawiska oszacowano na ok. 80 proc.<\/p>\n<p class=\"VideoPlayerText_videoPlayerText__iDwyz\">Dalszy ci\u0105g materia\u0142u pod wideo<\/p>\n<p class=\"Paragraph_desktopParagraph__U31Gm\">Dla p\u00f3\u0142nocnej cz\u0119\u015bci woj. \u0142\u00f3dzkiego i po\u0142udniowej cz\u0119\u015bci mazowieckiego alert b\u0119dzie trwa\u0107 do godz. 19. Z kolei dla woj. kujawsko-pomorskiego i pozosta\u0142ych obszar\u00f3w woj. \u0142\u00f3dzkiego i mazowieckiego najp\u00f3\u017aniej do \u015brody, do godz. 6.00.<\/p>\n<ul class=\"OchatFollowUps_wrapper__1ry7X\">\n<li class=\"OchatFollowUps_item__Dhyly OchatFollowUps_itemDesktop__R6aBv\">Jakie wojew\u00f3dztwa obj\u0119te s\u0105 alertem przed marzn\u0105cymi opadami?<\/li>\n<li class=\"OchatFollowUps_item__Dhyly OchatFollowUps_itemDesktop__R6aBv\">Kiedy obowi\u0105zuje ostrze\u017cenie II stopnia?<\/li>\n<li class=\"OchatFollowUps_item__Dhyly OchatFollowUps_itemDesktop__R6aBv\">Co przewiduje ostrze\u017cenie I stopnia?<\/li>\n<li class=\"OchatFollowUps_item__Dhyly OchatFollowUps_itemDesktop__R6aBv\">Jakie temperatury prognozowane s\u0105 w zwi\u0105zku z roztopami?<\/li>\n<\/ul>\n<p class=\"Paragraph_desktopParagraph__U31Gm\">Dla po\u0142udniowych powiat\u00f3w woj. podlaskiego, cz\u0119\u015bci woj. warmi\u0144sko-mazurskiego i mazowieckiego ostrze\u017cenie b\u0119dzie obowi\u0105zywa\u0107 od godz. 16 we wtorek, do godz. 6.00 w \u015brod\u0119.<\/p>\n<p class=\"Paragraph_desktopParagraph__U31Gm\">Dla p\u00f3\u0142nocnego Podlasia i wschodnich powiat\u00f3w woj. warmi\u0144sko-mazurskiego alert b\u0119dzie trwa\u0107 od wtorku godz. 21, do godz. 9 w \u015brod\u0119.<\/p>\n<p class=\"Paragraph_desktopParagraph__U31Gm\">W woj. zachodniopomorskim oraz cz\u0119\u015bci woj. lubuskiego i wielkopolskiego ostrze\u017cenie zacznie obowi\u0105zywa\u0107 od p\u00f3\u0142nocy w \u015brod\u0119 i b\u0119dzie wa\u017cne do godz. 12.<\/p>\n<p>IMGW ostrzega te\u017c przed roztopami <\/p>\n<p class=\"Paragraph_desktopParagraph__U31Gm\">Natomiast od \u015brodowego po\u0142udnia w czterech wojew\u00f3dztwach zaczn\u0105 obowi\u0105zywa\u0107 ostrze\u017cenia I stopnia przed roztopami. W cz\u0119\u015bci wojew\u00f3dztw: mazowieckiego, podkarpackiego, \u0142\u00f3dzkiego i lubelskiego IMGW prognozuje wzrost temperatury powietrza powoduj\u0105cy odwil\u017c i topnienie pokrywy \u015bnie\u017cnej. Temperatura maksymalna wyniesie tam od 1 do 4 st. C, a minimalna od 0 do 2 st. C.<\/p>\n<p class=\"Paragraph_desktopParagraph__U31Gm\">Alerty pozostan\u0105 w mocy pi\u0105tku do godz. 19.<\/p>\n<p>Alerty pogodowe. Rz\u0105dowe Centrum Bezpiecze\u0144stwa ostrzega <\/p>\n<p class=\"Paragraph_desktopParagraph__U31Gm\">Ostrze\u017cenie I stopnia przewiduje warunki sprzyjaj\u0105ce wyst\u0105pieniu niebezpiecznych zjawisk meteorologicznych, mog\u0105cych powodowa\u0107 straty materialne oraz zagro\u017cenie zdrowia i \u017cycia. Ostrze\u017cenie II stopnia przewiduje wyst\u0105pienie niebezpiecznych zjawisk meteorologicznych powoduj\u0105cych du\u017ce straty materialne oraz zagro\u017cenie zdrowia i \u017cycia. Rz\u0105dowe Centrum Bezpiecze\u0144stwa wyda\u0142o alert przed mo\u017cliwym marzn\u0105cym deszczem oraz go\u0142oledzi\u0105. &#8222;Uwa\u017caj na drogach i chodnikach&#8221; \u2014 ostrzeg\u0142.<\/p>\n<p class=\"Paragraph_desktopParagraph__U31Gm\">Alert obowi\u0105zywa\u0107 b\u0119dzie w \u015brod\u0119 (11 lutego) i czwartek (12 lutego) na terenie wojew\u00f3dztw: pomorskiego, warmi\u0144sko-mazurskiego (powiaty bartoszycki, braniewski, dzia\u0142dowski, Elbl\u0105g, elbl\u0105ski, i\u0142awski, k\u0119trzy\u0144ski, lidzbarski, mr\u0105gowski, nidzicki, nowomiejski, Olsztyn, olszty\u0144ski, ostr\u00f3dzki i szczycie\u0144ski) i kujawsko-pomorskiego (powiaty brodnicki, Grudzi\u0105dz, grudzi\u0105dzki, s\u0119pole\u0144ski, \u015bwiecki i tucholski).<\/p>\n","protected":false},"excerpt":{"rendered":"Du\u017co czytania, a ma\u0142o czasu? Sprawd\u017a\u00a0skr\u00f3t\u00a0artyku\u0142u Ostrze\u017cenia II stopnia przed marzn\u0105cymi opadami deszczu zosta\u0142y wydane dla woj. pomorskiego&hellip;\n","protected":false},"author":2,"featured_media":252925,"comment_status":"","ping_status":"","sticky":false,"template":"","format":"standard","meta":{"footnotes":"","_share_on_mastodon":"0"},"categories":[12],"tags":[32,33,36,37,23120,27,67,34,35,28,31,53,25,52,68,51,55,42,78,38,40,39,41,47,591,29,30,65,50,26,3648],"class_list":["post-252924","post","type-post","status-publish","format-standard","has-post-thumbnail","category-polska","tag-breaking-news","tag-breakingnews","tag-featured-news","tag-featurednews","tag-gololedz","tag-headlines","tag-intextvideo_splayer","tag-latest-news","tag-latestnews","tag-naglowki","tag-najwazniejsze-artykuly","tag-new_header","tag-news","tag-onet3","tag-onet3d","tag-onet3d_2i","tag-phx","tag-pl","tag-pogoda","tag-poland","tag-polish","tag-polska","tag-polski","tag-screening_general","tag-srodowisko","tag-top-stories","tag-topstories","tag-update_me","tag-v2021","tag-wiadomosci","tag-wszystkie_miasta_bloczek_regionalny_wiadomosci"],"share_on_mastodon":{"url":"https:\/\/pubeurope.com\/@pl\/116048536824954559","error":""},"_links":{"self":[{"href":"https:\/\/www.europesays.com\/pl\/wp-json\/wp\/v2\/posts\/252924","targetHints":{"allow":["GET"]}}],"collection":[{"href":"https:\/\/www.europesays.com\/pl\/wp-json\/wp\/v2\/posts"}],"about":[{"href":"https:\/\/www.europesays.com\/pl\/wp-json\/wp\/v2\/types\/post"}],"author":[{"embeddable":true,"href":"https:\/\/www.europesays.com\/pl\/wp-json\/wp\/v2\/users\/2"}],"replies":[{"embeddable":true,"href":"https:\/\/www.europesays.com\/pl\/wp-json\/wp\/v2\/comments?post=252924"}],"version-history":[{"count":0,"href":"https:\/\/www.europesays.com\/pl\/wp-json\/wp\/v2\/posts\/252924\/revisions"}],"wp:featuredmedia":[{"embeddable":true,"href":"https:\/\/www.europesays.com\/pl\/wp-json\/wp\/v2\/media\/252925"}],"wp:attachment":[{"href":"https:\/\/www.europesays.com\/pl\/wp-json\/wp\/v2\/media?parent=252924"}],"wp:term":[{"taxonomy":"category","embeddable":true,"href":"https:\/\/www.europesays.com\/pl\/wp-json\/wp\/v2\/categories?post=252924"},{"taxonomy":"post_tag","embeddable":true,"href":"https:\/\/www.europesays.com\/pl\/wp-json\/wp\/v2\/tags?post=252924"}],"curies":[{"name":"wp","href":"https:\/\/api.w.org\/{rel}","templated":true}]}}