{"id":253006,"date":"2026-02-10T22:48:05","date_gmt":"2026-02-10T22:48:05","guid":{"rendered":"https:\/\/www.europesays.com\/pl\/253006\/"},"modified":"2026-02-10T22:48:05","modified_gmt":"2026-02-10T22:48:05","slug":"mops-2026-swiadczenia-dla-osob-z-niepelnosprawnoscia-pelna-lista-dodatkow-i-zasilkow-3","status":"publish","type":"post","link":"https:\/\/www.europesays.com\/pl\/253006\/","title":{"rendered":"MOPS 2026 \u2013 \u015bwiadczenia dla os\u00f3b z niepe\u0142nosprawno\u015bci\u0105. Pe\u0142na lista dodatk\u00f3w i zasi\u0142k\u00f3w"},"content":{"rendered":"<p>Masz orzeczenie o niepe\u0142nosprawno\u015bci i zastanawiasz si\u0119, jakie wsparcie faktycznie przys\u0142uguje w 2026 roku? MOPS wyp\u0142aca nie tylko zasi\u0142ek sta\u0142y czy \u015bwiadczenie piel\u0119gnacyjne. W gr\u0119 wchodz\u0105 tak\u017ce dodatki mieszkaniowe i energetyczne, zasi\u0142ki celowe, us\u0142ugi opieku\u0144cze oraz pomoc lokalna zale\u017cna od gminy. Sprawdzamy aktualne kwoty, zasady i to, kt\u00f3re \u015bwiadczenia mo\u017cna \u0142\u0105czy\u0107.<\/p>\n<p>rozwi\u0144 &gt;<\/p>\n<p>MOPS 2025: jakie \u015bwiadczenia przys\u0142uguj\u0105 osobom z niepe\u0142nosprawno\u015bci\u0105?<\/p>\n<p style=\"text-align: justify;\">System pomocy spo\u0142ecznej w Polsce opiera si\u0119 na ustawie o pomocy spo\u0142ecznej z 12 marca 2004 r. i jej kolejnych nowelizacjach. To na jej podstawie MOPS przyznaje wsparcie finansowe i rzeczowe. W 2026 roku katalog \u015bwiadcze\u0144 dla os\u00f3b z orzeczeniem o niepe\u0142nosprawno\u015bci pozostaje szeroki.\u00a0 Od \u015bwiadcze\u0144 sta\u0142ych, przez okresowe, a\u017c po jednorazowe.<\/p>\n<p style=\"text-align: justify;\">Co wi\u0119cej, dzi\u0119ki programom lokalnym, niekt\u00f3re gminy wprowadzaj\u0105 w\u0142asne formy wsparcia, takie jak darmowe bilety komunikacyjne, dop\u0142aty do lek\u00f3w czy rozszerzone us\u0142ugi opieku\u0144cze.<\/p>\n<p>\u015awiadczenie piel\u0119gnacyjne \u2013 najcz\u0119\u015bciej wybierana forma pomocy<\/p>\n<p style=\"text-align: justify;\">\u015awiadczenie piel\u0119gnacyjne jest wyp\u0142acane opiekunowi, kt\u00f3ry sprawuje opiek\u0119 nad osob\u0105 z niepe\u0142nosprawno\u015bci\u0105 w wieku do uko\u0144czenia 18. roku \u017cycia. Najwa\u017cniejsze zmiany obowi\u0105zuj\u0105ce od 2024 roku<\/p>\n<ul style=\"list-style-type: disc;\">\n<li value=\"1\">Mo\u017cliwo\u015b\u0107 \u0142\u0105czenia z prac\u0105 \u2013 opiekunowie mog\u0105 pracowa\u0107 zawodowo, tak\u017ce na etacie, umowie zlecenia lub w ramach dzia\u0142alno\u015bci gospodarczej.<\/li>\n<li value=\"2\">\u0141\u0105czenie z emerytur\u0105 lub rent\u0105 \u2013 posiadanie w\u0142asnego \u015bwiadczenia emerytalno-rentowego nie wyklucza prawa do \u015bwiadczenia piel\u0119gnacyjnego.<\/li>\n<li value=\"3\">Podwy\u017cszenie przy opiece nad wi\u0119cej ni\u017c jednym dzieckiem \u2013 na drugie i ka\u017cde kolejne dziecko z niepe\u0142nosprawno\u015bci\u0105 \u015bwiadczenie wzrasta o 100%.Wymagane orzeczenie \u2013 konieczne jest orzeczenie ze wskazaniami potrzeby sta\u0142ej lub d\u0142ugotrwa\u0142ej opieki (pkt 7 i 8) albo orzeczenie o znacznym stopniu niepe\u0142nosprawno\u015bci.<\/li>\n<\/ul>\n<p>Kto mo\u017ce otrzyma\u0107 \u015bwiadczenie piel\u0119gnacyjne?<\/p>\n<p style=\"text-align: justify;\">\u015awiadczenie przys\u0142uguje m.in.:<\/p>\n<ul style=\"list-style-type: disc;\">\n<li value=\"1\">matce lub ojcu,<\/li>\n<li value=\"2\">innym osobom zobowi\u0105zanym alimentacyjnie,<\/li>\n<li value=\"3\">opiekunowi faktycznemu dziecka,<\/li>\n<li value=\"4\">rodzinie zast\u0119pczej,<\/li>\n<li value=\"5\">osobom prowadz\u0105cym rodzinny dom dziecka,<\/li>\n<li value=\"6\">dyrektorom plac\u00f3wek opieku\u0144czo-wychowawczych.<\/li>\n<\/ul>\n<p style=\"text-align: justify;\">Od 1 stycznia 2026 roku \u015bwiadczenie piel\u0119gnacyjne wynosi 3 386 z\u0142 miesi\u0119cznie. Wnioski sk\u0142ada si\u0119 w MOPS lub GOPS w\u0142a\u015bciwym dla miejsca zamieszkania, osobi\u015bcie albo elektronicznie przez portal Emp@tia.<\/p>\n<p>Dalszy ci\u0105g materia\u0142u pod wideo<\/p>\n<p>Zasi\u0142ek sta\u0142y \u2013 wsparcie dla os\u00f3b bez dochod\u00f3w<\/p>\n<p style=\"text-align: justify;\">Zasi\u0142ek sta\u0142y to d\u0142ugoterminowa forma wsparcia wyp\u0142acana co miesi\u0105c osobom, kt\u00f3re z powodu wieku lub ca\u0142kowitej niezdolno\u015bci do pracy nie s\u0105 w stanie samodzielnie si\u0119 utrzyma\u0107. \u015awiadczenie to przys\u0142uguje:<\/p>\n<ul style=\"list-style-type: disc;\">\n<li value=\"1\">Osobie samotnie gospodaruj\u0105cej, kt\u00f3rej doch\u00f3d jest ni\u017cszy ni\u017c 1 010 z\u0142 miesi\u0119cznie.<\/li>\n<li value=\"2\">Osobie w rodzinie, je\u015bli doch\u00f3d na osob\u0119 nie przekracza 823 z\u0142.<\/li>\n<\/ul>\n<p>Jak ustalana jest wysoko\u015b\u0107 zasi\u0142ku sta\u0142ego?<\/p>\n<p style=\"text-align: justify;\">Wysoko\u015b\u0107 zasi\u0142ku sta\u0142ego jest ustalana indywidualnie i zale\u017cy od sytuacji dochodowej osoby ubiegaj\u0105cej si\u0119 o pomoc.<\/p>\n<p style=\"text-align: justify;\">W przypadku osoby samotnie gospodaruj\u0105cej MOPS por\u00f3wnuje jej faktyczny doch\u00f3d z kwot\u0105 odpowiadaj\u0105c\u0105 130 proc. kryterium dochodowego, czyli 1 313 z\u0142. Zasi\u0142ek stanowi r\u00f3\u017cnic\u0119 mi\u0119dzy tymi kwotami.<\/p>\n<p style=\"text-align: justify;\">Je\u015bli chodzi o osob\u0119 pozostaj\u0105c\u0105 w rodzinie, wysoko\u015b\u0107 zasi\u0142ku to r\u00f3\u017cnica mi\u0119dzy obowi\u0105zuj\u0105cym kryterium dochodowym na osob\u0119 w rodzinie a faktycznym dochodem przypadaj\u0105cym na jednego cz\u0142onka gospodarstwa domowego.<\/p>\n<p style=\"text-align: justify;\">Niezale\u017cnie od sytuacji dochodowej, zasi\u0142ek sta\u0142y nie mo\u017ce by\u0107 wy\u017cszy ni\u017c 1 229 z\u0142 miesi\u0119cznie ani ni\u017cszy ni\u017c 100 z\u0142 miesi\u0119cznie.<\/p>\n<p>Przyk\u0142ady wylicze\u0144<\/p>\n<p>Osoba samotna Doch\u00f3d: 500 z\u0142 Zasi\u0142ek: 1 313 z\u0142 \u2013 500 z\u0142 = 813 z\u0142 miesi\u0119cznie<\/p>\n<p>Osoba w rodzinie Doch\u00f3d na osob\u0119: 600 z\u0142 Zasi\u0142ek: 823 z\u0142 \u2013 600 z\u0142 = 223 z\u0142 miesi\u0119cznie<\/p>\n<p>Zbieg uprawnie\u0144 \u2013 kiedy zasi\u0142ek sta\u0142y nie przys\u0142uguje?<\/p>\n<p style=\"text-align: justify;\">Zasi\u0142ek sta\u0142y nie przys\u0142uguje osobom, kt\u00f3re maj\u0105 prawo m.in. do:<\/p>\n<ul style=\"list-style-type: disc;\">\n<li value=\"1\">renty socjalnej,<\/li>\n<li value=\"2\">\u015bwiadczenia piel\u0119gnacyjnego,<\/li>\n<li value=\"3\">specjalnego zasi\u0142ku opieku\u0144czego,<\/li>\n<li value=\"4\">zasi\u0142ku dla opiekuna.<\/li>\n<\/ul>\n<p style=\"text-align: justify;\">Do dochodu nie wlicza si\u0119 zasi\u0142ku okresowego.<\/p>\n<p>Zasi\u0142ek okresowy \u2013 komu przys\u0142uguje i na jakich zasadach?<\/p>\n<p style=\"text-align: justify;\">Zasi\u0142ek okresowy jest form\u0105 czasowego wsparcia finansowego dla os\u00f3b i rodzin znajduj\u0105cych si\u0119 w trudnej sytuacji \u017cyciowej, w szczeg\u00f3lno\u015bci z powodu niepe\u0142nosprawno\u015bci, d\u0142ugotrwa\u0142ej choroby lub bezrobocia.<\/p>\n<p style=\"text-align: justify;\">Wysoko\u015b\u0107 zasi\u0142ku ustalana jest indywidualnie i zale\u017cy od r\u00f3\u017cnicy mi\u0119dzy osi\u0105ganym dochodem a obowi\u0105zuj\u0105cym kryterium dochodowym. Co do zasady, \u015bwiadczenie nie mo\u017ce by\u0107 ni\u017csze ni\u017c 50 proc. tej r\u00f3\u017cnicy, przy czym minimalna kwota zasi\u0142ku okresowego wynosi 20 z\u0142 miesi\u0119cznie.<\/p>\n<p style=\"text-align: justify;\">O\u015brodek pomocy spo\u0142ecznej ka\u017cdorazowo okre\u015bla r\u00f3wnie\u017c okres, na jaki zasi\u0142ek jest przyznawany, bior\u0105c pod uwag\u0119 okoliczno\u015bci sprawy oraz sytuacj\u0119 dochodow\u0105 osoby lub rodziny.<\/p>\n<p>Inne dodatki i formy wsparcia z MOPS<\/p>\n<p style=\"text-align: justify;\">Poza podstawowymi \u015bwiadczeniami pieni\u0119\u017cnymi, takimi jak zasi\u0142ek sta\u0142y czy okresowy, osoby z niepe\u0142nosprawno\u015bci\u0105 mog\u0105 ubiega\u0107 si\u0119 r\u00f3wnie\u017c o dodatkowe formy pomocy. Maj\u0105 one na celu wsparcie w pokrywaniu codziennych koszt\u00f3w utrzymania, w szczeg\u00f3lno\u015bci zwi\u0105zanych z mieszkaniem, energi\u0105, leczeniem oraz funkcjonowaniem w miejscu zamieszkania. Zakres i wysoko\u015b\u0107 tych \u015bwiadcze\u0144 zale\u017c\u0105 od sytuacji dochodowej oraz decyzji w\u0142a\u015bciwego o\u015brodka pomocy spo\u0142ecznej.<\/p>\n<p>Dodatek mieszkaniowy<\/p>\n<p style=\"text-align: justify;\">Wynosi zwykle od 50 do 500 z\u0142 miesi\u0119cznie. Zale\u017cy od dochodu, powierzchni lokalu i wysoko\u015bci czynszu. Wymagany jest tytu\u0142 prawny do lokalu.<\/p>\n<p>Dodatek energetyczny<\/p>\n<p style=\"text-align: justify;\">Przys\u0142uguje osobom pobieraj\u0105cym dodatek mieszkaniowy. Kwoty wynosz\u0105 zazwyczaj od 30 do 150 z\u0142 miesi\u0119cznie.<\/p>\n<p>Zasi\u0142ek celowy<\/p>\n<p style=\"text-align: justify;\">Jednorazowe wsparcie w kwocie od 100 do 2 000 z\u0142, np. na leki, opa\u0142, \u017cywno\u015b\u0107 lub sprz\u0119t medyczny.<\/p>\n<p>Us\u0142ugi opieku\u0144cze<\/p>\n<p style=\"text-align: justify;\">Najcz\u0119\u015bciej obejmuj\u0105 1\u20133 godziny dziennie, maksymalnie do 5 godzin. Odp\u0142atno\u015b\u0107 zale\u017cy od dochodu i decyzji gminy.<\/p>\n<p>Programy zni\u017ckowe \u2013 Karta Du\u017cej Rodziny i lokalne Karty Seniora<\/p>\n<p style=\"text-align: justify;\">Osoby z niepe\u0142nosprawno\u015bci\u0105 mog\u0105 korzysta\u0107 zar\u00f3wno z og\u00f3lnopolskich, jak i lokalnych program\u00f3w ulg i zni\u017cek. Karta Du\u017cej Rodziny uprawnia do rabat\u00f3w w wielu instytucjach publicznych i prywatnych, natomiast lokalne Karty Seniora oraz podobne inicjatywy oferuj\u0105 m.in. ta\u0144sze przejazdy komunikacj\u0105 miejsk\u0105, bilety do instytucji kultury czy zni\u017cki na us\u0142ugi rehabilitacyjne. W wielu gminach MOPS udziela informacji o dost\u0119pnych programach lub po\u015bredniczy w przyjmowaniu wniosk\u00f3w.<\/p>\n<p>\u015awiadczenia z MOPS dla os\u00f3b z niepe\u0142nosprawno\u015bci\u0105 \u2013 zestawienie 2025<\/p>\n<tr>\n<td style=\"background-color: rgb(230, 230, 230); text-align: center; vertical-align: middle; border-width: 1px; border-style: solid; border-color: rgb(0, 0, 0); padding: 5pt;\">\n<p style=\"text-align: center;\">Rodzaj wsparcia<\/p>\n<\/td>\n<td style=\"background-color: rgb(230, 230, 230); text-align: center; vertical-align: middle; border-width: 1px; border-style: solid; border-color: rgb(0, 0, 0); padding: 5pt;\">\n<p style=\"text-align: center;\">Kwota<\/p>\n<\/td>\n<td style=\"background-color: rgb(230, 230, 230); text-align: center; vertical-align: middle; border-width: 1px; border-style: solid; border-color: rgb(0, 0, 0); padding: 5pt;\">\n<p style=\"text-align: center;\">Kryterium dochodowe<\/p>\n<\/td>\n<td style=\"background-color: rgb(230, 230, 230); text-align: center; vertical-align: middle; border-width: 1px; border-style: solid; border-color: rgb(0, 0, 0); padding: 5pt;\">\n<p style=\"text-align: center;\">Uwagi<\/p>\n<\/td>\n<\/tr>\n<tr>\n<td style=\"text-align: center; vertical-align: middle; border-width: 1px; border-style: solid; border-color: rgb(0, 0, 0); padding: 5pt;\">\n<p style=\"text-align: center;\">\u015awiadczenie piel\u0119gnacyjne<\/p>\n<\/td>\n<td style=\"text-align: center; vertical-align: middle; border-width: 1px; border-style: solid; border-color: rgb(0, 0, 0); padding: 5pt;\">\n<p style=\"text-align: center;\">3 386 z\u0142<\/p>\n<\/td>\n<td style=\"text-align: center; vertical-align: middle; border-width: 1px; border-style: solid; border-color: rgb(0, 0, 0); padding: 5pt;\">\n<p style=\"text-align: center;\">brak<\/p>\n<\/td>\n<td style=\"text-align: center; vertical-align: middle; border-width: 1px; border-style: solid; border-color: rgb(0, 0, 0); padding: 5pt;\">\n<p style=\"text-align: center;\">opiekun dziecka do 18 lat<\/p>\n<\/td>\n<\/tr>\n<tr>\n<td style=\"text-align: center; vertical-align: middle; border-width: 1px; border-style: solid; border-color: rgb(0, 0, 0); padding: 5pt;\">\n<p style=\"text-align: center;\">Zasi\u0142ek sta\u0142y<\/p>\n<\/td>\n<td style=\"text-align: center; vertical-align: middle; border-width: 1px; border-style: solid; border-color: rgb(0, 0, 0); padding: 5pt;\">\n<p style=\"text-align: center;\">do 1 229 z\u0142<\/p>\n<\/td>\n<td style=\"text-align: center; vertical-align: middle; border-width: 1px; border-style: solid; border-color: rgb(0, 0, 0); padding: 5pt;\">\n<p style=\"text-align: center;\">tak<\/p>\n<\/td>\n<td style=\"text-align: center; vertical-align: middle; border-width: 1px; border-style: solid; border-color: rgb(0, 0, 0); padding: 5pt;\">\n<p style=\"text-align: center;\">miesi\u0119czny<\/p>\n<\/td>\n<\/tr>\n<tr>\n<td style=\"text-align: center; vertical-align: middle; border-width: 1px; border-style: solid; border-color: rgb(0, 0, 0); padding: 5pt;\">\n<p style=\"text-align: center;\">Zasi\u0142ek okresowy<\/p>\n<\/td>\n<td style=\"text-align: center; vertical-align: middle; border-width: 1px; border-style: solid; border-color: rgb(0, 0, 0); padding: 5pt;\">\n<p style=\"text-align: center;\">min. 20 z\u0142<\/p>\n<\/td>\n<td style=\"text-align: center; vertical-align: middle; border-width: 1px; border-style: solid; border-color: rgb(0, 0, 0); padding: 5pt;\">\n<p style=\"text-align: center;\">tak<\/p>\n<\/td>\n<td style=\"text-align: center; vertical-align: middle; border-width: 1px; border-style: solid; border-color: rgb(0, 0, 0); padding: 5pt;\">\n<p style=\"text-align: center;\">czasowy<\/p>\n<\/td>\n<\/tr>\n<tr>\n<td style=\"text-align: center; vertical-align: middle; border-width: 1px; border-style: solid; border-color: rgb(0, 0, 0); padding: 5pt;\">\n<p style=\"text-align: center;\">Zasi\u0142ek celowy<\/p>\n<\/td>\n<td style=\"text-align: center; vertical-align: middle; border-width: 1px; border-style: solid; border-color: rgb(0, 0, 0); padding: 5pt;\">\n<p style=\"text-align: center;\">100\u20132 000 z\u0142<\/p>\n<\/td>\n<td style=\"text-align: center; vertical-align: middle; border-width: 1px; border-style: solid; border-color: rgb(0, 0, 0); padding: 5pt;\">\n<p style=\"text-align: center;\">uznaniowe<\/p>\n<\/td>\n<td style=\"text-align: center; vertical-align: middle; border-width: 1px; border-style: solid; border-color: rgb(0, 0, 0); padding: 5pt;\">\n<p style=\"text-align: center;\">jednorazowy<\/p>\n<\/td>\n<\/tr>\n<tr>\n<td style=\"text-align: center; vertical-align: middle; border-width: 1px; border-style: solid; border-color: rgb(0, 0, 0); padding: 5pt;\">\n<p style=\"text-align: center;\">Dodatek mieszkaniowy<\/p>\n<\/td>\n<td style=\"text-align: center; vertical-align: middle; border-width: 1px; border-style: solid; border-color: rgb(0, 0, 0); padding: 5pt;\">\n<p style=\"text-align: center;\">50\u2013500 z\u0142<\/p>\n<\/td>\n<td style=\"text-align: center; vertical-align: middle; border-width: 1px; border-style: solid; border-color: rgb(0, 0, 0); padding: 5pt;\">\n<p style=\"text-align: center;\">tak<\/p>\n<\/td>\n<td style=\"text-align: center; vertical-align: middle; border-width: 1px; border-style: solid; border-color: rgb(0, 0, 0); padding: 5pt;\">\n<p style=\"text-align: center;\">czynsz<\/p>\n<\/td>\n<\/tr>\n<tr>\n<td style=\"text-align: center; vertical-align: middle; border-width: 1px; border-style: solid; border-color: rgb(0, 0, 0); padding: 5pt;\">\n<p style=\"text-align: center;\">Dodatek energetyczny<\/p>\n<\/td>\n<td style=\"text-align: center; vertical-align: middle; border-width: 1px; border-style: solid; border-color: rgb(0, 0, 0); padding: 5pt;\">\n<p style=\"text-align: center;\">30\u2013150 z\u0142<\/p>\n<\/td>\n<td style=\"text-align: center; vertical-align: middle; border-width: 1px; border-style: solid; border-color: rgb(0, 0, 0); padding: 5pt;\">\n<p style=\"text-align: center;\">tak<\/p>\n<\/td>\n<td style=\"text-align: center; vertical-align: middle; border-width: 1px; border-style: solid; border-color: rgb(0, 0, 0); padding: 5pt;\">\n<p style=\"text-align: center;\">pr\u0105d<\/p>\n<\/td>\n<\/tr>\n<tr>\n<td style=\"text-align: center; vertical-align: middle; border-width: 1px; border-style: solid; border-color: rgb(0, 0, 0); padding: 5pt;\">\n<p style=\"text-align: center;\">Us\u0142ugi opieku\u0144cze<\/p>\n<\/td>\n<td style=\"text-align: center; vertical-align: middle; border-width: 1px; border-style: solid; border-color: rgb(0, 0, 0); padding: 5pt;\">\n<p style=\"text-align: center;\">wg decyzji<\/p>\n<\/td>\n<td style=\"text-align: center; vertical-align: middle; border-width: 1px; border-style: solid; border-color: rgb(0, 0, 0); padding: 5pt;\">\n<p style=\"text-align: center;\">tak<\/p>\n<\/td>\n<td style=\"text-align: center; vertical-align: middle; border-width: 1px; border-style: solid; border-color: rgb(0, 0, 0); padding: 5pt;\">\n<p style=\"text-align: center;\">godziny dziennie<\/p>\n<\/td>\n<\/tr>\n<p>Czy mo\u017cna \u0142\u0105czy\u0107 kilka \u015bwiadcze\u0144 z MOPS?<\/p>\n<tr>\n<td style=\"background-color: rgb(230, 230, 230); text-align: center; vertical-align: middle; border-width: 1px; border-style: solid; border-color: rgb(0, 0, 0); padding: 5pt;\">\n<p style=\"text-align: center;\">Po\u0142\u0105czenie<\/p>\n<\/td>\n<td style=\"background-color: rgb(230, 230, 230); text-align: center; vertical-align: middle; border-width: 1px; border-style: solid; border-color: rgb(0, 0, 0); padding: 5pt;\">\n<p style=\"text-align: center;\">Czy mo\u017cliwe<\/p>\n<\/td>\n<\/tr>\n<tr>\n<td style=\"text-align: center; vertical-align: middle; border-width: 1px; border-style: solid; border-color: rgb(0, 0, 0); padding: 5pt;\">\n<p style=\"text-align: center;\">\u015bwiadczenie piel\u0119gnacyjne + dodatek mieszkaniowy<\/p>\n<\/td>\n<td style=\"text-align: center; vertical-align: middle; border-width: 1px; border-style: solid; border-color: rgb(0, 0, 0); padding: 5pt;\">\n<p style=\"text-align: center;\">tak<\/p>\n<\/td>\n<\/tr>\n<tr>\n<td style=\"text-align: center; vertical-align: middle; border-width: 1px; border-style: solid; border-color: rgb(0, 0, 0); padding: 5pt;\">\n<p style=\"text-align: center;\">\u015bwiadczenie piel\u0119gnacyjne + dodatek energetyczny<\/p>\n<\/td>\n<td style=\"text-align: center; vertical-align: middle; border-width: 1px; border-style: solid; border-color: rgb(0, 0, 0); padding: 5pt;\">\n<p style=\"text-align: center;\">tak<\/p>\n<\/td>\n<\/tr>\n<tr>\n<td style=\"text-align: center; vertical-align: middle; border-width: 1px; border-style: solid; border-color: rgb(0, 0, 0); padding: 5pt;\">\n<p style=\"text-align: center;\">zasi\u0142ek sta\u0142y + zasi\u0142ek okresowy<\/p>\n<\/td>\n<td style=\"text-align: center; vertical-align: middle; border-width: 1px; border-style: solid; border-color: rgb(0, 0, 0); padding: 5pt;\">\n<p style=\"text-align: center;\">nie<\/p>\n<\/td>\n<\/tr>\n<tr>\n<td style=\"text-align: center; vertical-align: middle; border-width: 1px; border-style: solid; border-color: rgb(0, 0, 0); padding: 5pt;\">\n<p style=\"text-align: center;\">zasi\u0142ek sta\u0142y + zasi\u0142ek celowy<\/p>\n<\/td>\n<td style=\"text-align: center; vertical-align: middle; border-width: 1px; border-style: solid; border-color: rgb(0, 0, 0); padding: 5pt;\">\n<p style=\"text-align: center;\">tak<\/p>\n<\/td>\n<\/tr>\n<tr>\n<td style=\"text-align: center; vertical-align: middle; border-width: 1px; border-style: solid; border-color: rgb(0, 0, 0); padding: 5pt;\">\n<p style=\"text-align: center;\">zasi\u0142ki + us\u0142ugi opieku\u0144cze<\/p>\n<\/td>\n<td style=\"text-align: center; vertical-align: middle; border-width: 1px; border-style: solid; border-color: rgb(0, 0, 0); padding: 5pt;\">\n<p style=\"text-align: center;\">tak<\/p>\n<\/td>\n<\/tr>\n<p>Jak i gdzie z\u0142o\u017cy\u0107 wniosek o \u015bwiadczenia z MOPS?<\/p>\n<p style=\"text-align: justify;\">Wniosek o przyznanie \u015bwiadcze\u0144 nale\u017cy z\u0142o\u017cy\u0107 w o\u015brodku pomocy spo\u0142ecznej w\u0142a\u015bciwym dla miejsca zamieszkania osoby ubiegaj\u0105cej si\u0119 o wsparcie. W 2026 roku dokumenty mo\u017cna przekaza\u0107 na kilka sposob\u00f3w:<\/p>\n<ul style=\"list-style-type: disc;\">\n<li value=\"1\">osobi\u015bcie \u2013 w formie papierowej, bezpo\u015brednio w siedzibie MOPS,<\/li>\n<li value=\"2\">drog\u0105 elektroniczn\u0105 \u2013 za po\u015brednictwem platformy ePUAP,<\/li>\n<li value=\"3\">online \u2013 poprzez system Emp@tia lub lokalne portale udost\u0119pniane przez gminy.<\/li>\n<\/ul>\n<p>Kiedy najlepiej z\u0142o\u017cy\u0107 wniosek?<\/p>\n<p style=\"text-align: justify;\">Termin z\u0142o\u017cenia dokument\u00f3w zale\u017cy od rodzaju \u015bwiadczenia, o kt\u00f3re ubiega si\u0119 wnioskodawca:<\/p>\n<ul style=\"list-style-type: disc;\">\n<li value=\"1\">\u015bwiadczenia przyznawane na bie\u017c\u0105co \u2013 takie jak zasi\u0142ek sta\u0142y czy dodatek piel\u0119gnacyjny,<\/li>\n<li value=\"2\">\u015bwiadczenia okresowe \u2013 dost\u0119pne w ramach okre\u015blonych nabor\u00f3w prowadzonych przez MOPS,<\/li>\n<li value=\"3\">pomoc dora\u017ana \u2013 np. zasi\u0142ek celowy przyznawany w nag\u0142ych sytuacjach, takich jak choroba, hospitalizacja czy inne zdarzenia losowe.<\/li>\n<\/ul>\n<p>Nale\u017cy pami\u0119ta\u0107, \u017ce poszczeg\u00f3lne o\u015brodki pomocy spo\u0142ecznej mog\u0105 stosowa\u0107 odmienne procedury. R\u00f3\u017cnice dotycz\u0105 m.in. termin\u00f3w wyp\u0142at, zakresu wymaganych dokument\u00f3w czy dodatkowych form wsparcia oferowanych na poziomie lokalnym. Z tego wzgl\u0119du najlepiej skontaktowa\u0107 si\u0119 bezpo\u015brednio z MOPS w\u0142a\u015bciwym dla miejsca zamieszkania, pracownik udzieli aktualnych informacji o kryteriach dochodowych, dost\u0119pnych dodatkach oraz terminach sk\u0142adania wniosk\u00f3w.<\/p>\n<p>MOPS a wsparcie dla os\u00f3b z niepe\u0142nosprawno\u015bci\u0105 \u2013 FAQ1. Czy do uzyskania ka\u017cdego \u015bwiadczenia wymagane jest orzeczenie o niepe\u0142nosprawno\u015bci?<\/p>\n<p> Nie w ka\u017cdym przypadku. Cz\u0119\u015b\u0107 form pomocy, takich jak zasi\u0142ek okresowy, mo\u017ce by\u0107 przyznana tak\u017ce z innych przyczyn. Posiadanie orzeczenia znacz\u0105co zwi\u0119ksza jednak szanse na pozytywne rozpatrzenie wniosku.<\/p>\n<p>2. Czy mo\u017cliwe jest jednoczesne pobieranie kilku \u015bwiadcze\u0144 z MOPS? <\/p>\n<p>Tak. W wielu sytuacjach dopuszczalne jest \u0142\u0105czenie r\u00f3\u017cnych form wsparcia, np. \u015bwiadczenia piel\u0119gnacyjnego z dodatkiem energetycznym lub mieszkaniowym.<\/p>\n<p>3. Jak d\u0142ugo trzeba czeka\u0107 na decyzj\u0119 w 2026 roku?<\/p>\n<p>\u015aredni czas rozpatrywania wniosk\u00f3w wynosi od 14 do 30 dni, cho\u0107 w wi\u0119kszych miastach procedura mo\u017ce trwa\u0107 d\u0142u\u017cej ze wzgl\u0119du na liczb\u0119 spraw.<\/p>\n<p>4. Czy \u015bwiadczenia z MOPS podlegaj\u0105 opodatkowaniu?<\/p>\n<p> Nie. Wi\u0119kszo\u015b\u0107 \u015bwiadcze\u0144 wyp\u0142acanych w ramach pomocy spo\u0142ecznej jest zwolniona z podatku dochodowego.<\/p>\n<p>5. Czy MOPS mo\u017ce odm\u00f3wi\u0107 przyznania \u015bwiadczenia mimo posiadania orzeczenia?<\/p>\n<p>Tak. Odmowa mo\u017ce nast\u0105pi\u0107 m.in. wtedy, gdy doch\u00f3d przekracza ustawowe kryteria lub gdy wniosek nie zawiera kompletu wymaganych dokument\u00f3w.<\/p>\n<p>Podstawa prawna<\/p>\n","protected":false},"excerpt":{"rendered":"Masz orzeczenie o niepe\u0142nosprawno\u015bci i zastanawiasz si\u0119, jakie wsparcie faktycznie przys\u0142uguje w 2026 roku? MOPS wyp\u0142aca nie tylko&hellip;\n","protected":false},"author":2,"featured_media":253007,"comment_status":"","ping_status":"","sticky":false,"template":"","format":"standard","meta":{"footnotes":"","_share_on_mastodon":"0"},"categories":[16],"tags":[113,112,4778,29364,42,38,40,39,41,2469],"class_list":["post-253006","post","type-post","status-publish","format-standard","has-post-thumbnail","category-biznes","tag-biznes","tag-business","tag-mops","tag-osoby-z-niepelnosprawnoscia","tag-pl","tag-poland","tag-polish","tag-polska","tag-polski","tag-swiadczenia"],"share_on_mastodon":{"url":"https:\/\/pubeurope.com\/@pl\/116048776833962728","error":""},"_links":{"self":[{"href":"https:\/\/www.europesays.com\/pl\/wp-json\/wp\/v2\/posts\/253006","targetHints":{"allow":["GET"]}}],"collection":[{"href":"https:\/\/www.europesays.com\/pl\/wp-json\/wp\/v2\/posts"}],"about":[{"href":"https:\/\/www.europesays.com\/pl\/wp-json\/wp\/v2\/types\/post"}],"author":[{"embeddable":true,"href":"https:\/\/www.europesays.com\/pl\/wp-json\/wp\/v2\/users\/2"}],"replies":[{"embeddable":true,"href":"https:\/\/www.europesays.com\/pl\/wp-json\/wp\/v2\/comments?post=253006"}],"version-history":[{"count":0,"href":"https:\/\/www.europesays.com\/pl\/wp-json\/wp\/v2\/posts\/253006\/revisions"}],"wp:featuredmedia":[{"embeddable":true,"href":"https:\/\/www.europesays.com\/pl\/wp-json\/wp\/v2\/media\/253007"}],"wp:attachment":[{"href":"https:\/\/www.europesays.com\/pl\/wp-json\/wp\/v2\/media?parent=253006"}],"wp:term":[{"taxonomy":"category","embeddable":true,"href":"https:\/\/www.europesays.com\/pl\/wp-json\/wp\/v2\/categories?post=253006"},{"taxonomy":"post_tag","embeddable":true,"href":"https:\/\/www.europesays.com\/pl\/wp-json\/wp\/v2\/tags?post=253006"}],"curies":[{"name":"wp","href":"https:\/\/api.w.org\/{rel}","templated":true}]}}