{"id":253417,"date":"2026-02-11T07:43:08","date_gmt":"2026-02-11T07:43:08","guid":{"rendered":"https:\/\/www.europesays.com\/pl\/253417\/"},"modified":"2026-02-11T07:43:08","modified_gmt":"2026-02-11T07:43:08","slug":"tragedia-o-swicie-w-krakowie-ladowal-smiglowiec-nie-zyje-14-latka","status":"publish","type":"post","link":"https:\/\/www.europesays.com\/pl\/253417\/","title":{"rendered":"Tragedia o \u015bwicie w Krakowie. L\u0105dowa\u0142 \u015bmig\u0142owiec, nie \u017cyje 14-latka"},"content":{"rendered":"<p class=\"Paragraph_desktopParagraph__U31Gm\">Zg\u0142oszenie, kt\u00f3re postawi\u0142o krakowskie s\u0142u\u017cby na r\u00f3wne nogi, wp\u0142yn\u0119\u0142o o godzinie 5.16. W jednym z mieszka\u0144 przy ulicy Jab\u0142onkowskiej dosz\u0142o do zatrucia tlenkiem w\u0119gla. Pomiary wykonane przez stra\u017cak\u00f3w wykaza\u0142y w powietrzu st\u0119\u017cenie zab\u00f3jczego gazu na poziomie 70 ppm. Wewn\u0105trz znajdowa\u0142a si\u0119 nieprzytomna 14-letnia dziewczyna.<\/p>\n<p>Walka o \u017cycie i parali\u017c miasta <\/p>\n<p class=\"Paragraph_desktopParagraph__U31Gm\">Sytuacja by\u0142a na tyle krytyczna, \u017ce do akcji natychmiast skierowano wszystkie dost\u0119pne si\u0142y. Na miejsce, opr\u00f3cz dw\u00f3ch zast\u0119p\u00f3w z Jednostki Ratowniczo-Ga\u015bniczej nr 3 oraz policji, ruszy\u0142y dwa naziemne zespo\u0142y ratownictwa medycznego. Wezwano r\u00f3wnie\u017c wsparcie z powietrza \u2014 za\u0142og\u0119 \u015bmig\u0142owca Ratownik 6.<\/p>\n<ul class=\"OchatFollowUps_wrapper__1ry7X\">\n<li class=\"OchatFollowUps_item__Dhyly OchatFollowUps_itemDesktop__R6aBv\">Gdzie mia\u0142a miejsce tragedia?<\/li>\n<li class=\"OchatFollowUps_item__Dhyly OchatFollowUps_itemDesktop__R6aBv\">Co spowodowa\u0142o zatrucie dziewczyny?<\/li>\n<li class=\"OchatFollowUps_item__Dhyly OchatFollowUps_itemDesktop__R6aBv\">Ile ofiar \u015bmiertelnych tlenku w\u0119gla by\u0142o w Ma\u0142opolsce w tym sezonie?<\/li>\n<li class=\"OchatFollowUps_item__Dhyly OchatFollowUps_itemDesktop__R6aBv\">Jakie s\u0105 objawy zatrucia tlenkiem w\u0119gla?<\/li>\n<\/ul>\n<p class=\"Paragraph_desktopParagraph__U31Gm\">Maszyna Lotniczego Pogotowia Ratunkowego musia\u0142a przyziemi\u0107 w trudnych warunkach miejskich. Pilot posadzi\u0142 \u015bmig\u0142owiec na ulicy Armii Krajowej, co spowodowa\u0142o ca\u0142kowit\u0105 blokad\u0119 tej trasy w kierunku centrum miasta. Kierowcy utkn\u0119li w ogromnych korkach, a poranny szczyt komunikacyjny zosta\u0142 sparali\u017cowany.<\/p>\n<p class=\"Paragraph_desktopParagraph__U31Gm\">Niestety, fina\u0142 tej historii jest najgorszy z mo\u017cliwych. Mimo wysi\u0142k\u00f3w ratownik\u00f3w, \u017cycia 14-latki nie uda\u0142o si\u0119 uratowa\u0107.<\/p>\n<p>Czarna seria w Ma\u0142opolsce <\/p>\n<p class=\"Paragraph_desktopParagraph__U31Gm\">Jak przekazuje kpt. Hubert Ciep\u0142y, rzecznik prasowy Komendy Wojew\u00f3dzkiej Pa\u0144stwowej Stra\u017cy Po\u017carnej w Krakowie dla Patrolu998-Ma\u0142opolska, jest to kolejna ofiara \u015bmiertelna w trwaj\u0105cym sezonie grzewczym. Statystyki s\u0105 alarmuj\u0105ce \u2014 licz\u0105c od 1 pa\u017adziernika do 11 lutego, w wojew\u00f3dztwie ma\u0142opolskim tlenek w\u0119gla odebra\u0142 \u017cycie ju\u017c dziewi\u0119ciu osobom.<\/p>\n<p class=\"Paragraph_desktopParagraph__U31Gm\">S\u0142u\u017cby apeluj\u0105 o rozwag\u0119. Sezon grzewczy wci\u0105\u017c trwa, a wahania temperatur sprzyjaj\u0105 awariom system\u00f3w kominowych i wentylacyjnych.<\/p>\n<p>Jak nie da\u0107 si\u0119 zabi\u0107 we w\u0142asnym domu? <\/p>\n<p class=\"Paragraph_desktopParagraph__U31Gm\">Tlenek w\u0119gla (czad) jest nazywany &#8222;cichym zab\u00f3jc\u0105&#8221;, poniewa\u017c jest bezwonny, bezbarwny i pozbawiony smaku. Nie us\u0142yszysz go i nie zobaczysz, dop\u00f3ki nie b\u0119dzie za p\u00f3\u017ano. Oto co musisz zrobi\u0107, by chroni\u0107 siebie i rodzin\u0119:<\/p>\n<ol class=\"OrderedList_container__y3AGP\">\n<li class=\"OrderedList_listElement__CBOJf\">Kup czujk\u0119 czadu! To najwa\u017cniejszy punkt. Proste urz\u0105dzenie za kilkadziesi\u0105t z\u0142otych mo\u017ce uratowa\u0107 \u017cycie, alarmuj\u0105c g\u0142o\u015bnym d\u017awi\u0119kiem, gdy st\u0119\u017cenie gazu wzro\u015bnie.<\/li>\n<li class=\"OrderedList_listElement__CBOJf\">Zadbaj o wentylacj\u0119. Nigdy nie zaklejaj kratek wentylacyjnych! Wymiana powietrza w mieszkaniu jest kluczowa, szczeg\u00f3lnie je\u015bli masz szczelne, plastikowe okna. Regularnie wietrz pomieszczenia.<\/li>\n<li class=\"OrderedList_listElement__CBOJf\">Przegl\u0105dy to podstawa. Raz w roku zapro\u015b kominiarza. Sprawdzenie dro\u017cno\u015bci przewod\u00f3w kominowych i wentylacyjnych to tw\u00f3j prawny obowi\u0105zek i gwarancja bezpiecze\u0144stwa.<\/li>\n<li class=\"OrderedList_listElement__CBOJf\">Kontroluj urz\u0105dzenia grzewcze. Piecyki gazowe, termy i piece w\u0119glowe musz\u0105 by\u0107 sprawne. Je\u015bli widzisz \u017c\u00f3\u0142to-pomara\u0144czowy p\u0142omie\u0144 zamiast b\u0142\u0119kitnego w urz\u0105dzeniu gazowym \u2014 to sygna\u0142 ostrzegawczy.<\/li>\n<li class=\"OrderedList_listElement__CBOJf\">Nie bagatelizuj objaw\u00f3w. B\u00f3l g\u0142owy, md\u0142o\u015bci, os\u0142abienie i przyspieszone t\u0119tno, kt\u00f3re ust\u0119puj\u0105 po wyj\u015bciu na \u015bwie\u017ce powietrze, mog\u0105 \u015bwiadczy\u0107 o obecno\u015bci czadu.<\/li>\n<\/ol>\n","protected":false},"excerpt":{"rendered":"Zg\u0142oszenie, kt\u00f3re postawi\u0142o krakowskie s\u0142u\u017cby na r\u00f3wne nogi, wp\u0142yn\u0119\u0142o o godzinie 5.16. W jednym z mieszka\u0144 przy ulicy&hellip;\n","protected":false},"author":2,"featured_media":253418,"comment_status":"","ping_status":"","sticky":false,"template":"","format":"standard","meta":{"footnotes":"","_share_on_mastodon":"0"},"categories":[5],"tags":[32,33,36,37,8889,27,34,35,1565,28,31,53,25,52,68,51,55,42,38,40,39,41,47,29,30,50,26],"class_list":["post-253417","post","type-post","status-publish","format-standard","has-post-thumbnail","category-naglowki","tag-breaking-news","tag-breakingnews","tag-featured-news","tag-featurednews","tag-glos24","tag-headlines","tag-latest-news","tag-latestnews","tag-ms","tag-naglowki","tag-najwazniejsze-artykuly","tag-new_header","tag-news","tag-onet3","tag-onet3d","tag-onet3d_2i","tag-phx","tag-pl","tag-poland","tag-polish","tag-polska","tag-polski","tag-screening_general","tag-top-stories","tag-topstories","tag-v2021","tag-wiadomosci"],"share_on_mastodon":{"url":"https:\/\/pubeurope.com\/@pl\/116050880437348083","error":""},"_links":{"self":[{"href":"https:\/\/www.europesays.com\/pl\/wp-json\/wp\/v2\/posts\/253417","targetHints":{"allow":["GET"]}}],"collection":[{"href":"https:\/\/www.europesays.com\/pl\/wp-json\/wp\/v2\/posts"}],"about":[{"href":"https:\/\/www.europesays.com\/pl\/wp-json\/wp\/v2\/types\/post"}],"author":[{"embeddable":true,"href":"https:\/\/www.europesays.com\/pl\/wp-json\/wp\/v2\/users\/2"}],"replies":[{"embeddable":true,"href":"https:\/\/www.europesays.com\/pl\/wp-json\/wp\/v2\/comments?post=253417"}],"version-history":[{"count":0,"href":"https:\/\/www.europesays.com\/pl\/wp-json\/wp\/v2\/posts\/253417\/revisions"}],"wp:featuredmedia":[{"embeddable":true,"href":"https:\/\/www.europesays.com\/pl\/wp-json\/wp\/v2\/media\/253418"}],"wp:attachment":[{"href":"https:\/\/www.europesays.com\/pl\/wp-json\/wp\/v2\/media?parent=253417"}],"wp:term":[{"taxonomy":"category","embeddable":true,"href":"https:\/\/www.europesays.com\/pl\/wp-json\/wp\/v2\/categories?post=253417"},{"taxonomy":"post_tag","embeddable":true,"href":"https:\/\/www.europesays.com\/pl\/wp-json\/wp\/v2\/tags?post=253417"}],"curies":[{"name":"wp","href":"https:\/\/api.w.org\/{rel}","templated":true}]}}