{"id":253478,"date":"2026-02-11T08:26:03","date_gmt":"2026-02-11T08:26:03","guid":{"rendered":"https:\/\/www.europesays.com\/pl\/253478\/"},"modified":"2026-02-11T08:26:03","modified_gmt":"2026-02-11T08:26:03","slug":"szok-podczas-transmisji-na-zywo-medalista-olimpijski-zdradzil-swoja-partnerke","status":"publish","type":"post","link":"https:\/\/www.europesays.com\/pl\/253478\/","title":{"rendered":"Szok podczas transmisji na \u017cywo! Medalista olimpijski zdradzi\u0142 swoj\u0105 partnerk\u0119"},"content":{"rendered":"<p>Norweg zdoby\u0142 medal na IO, a potem zaskoczy\u0142 <\/p>\n<p class=\"ods-c-paragraph \">Tego, co podczas wywiadu ze stacja NRK zrobi\u0142 Sturla Holm Laegreid, nikt si\u0119 nie spodziewa\u0142. Biathlonista, zamiast cieszy\u0107 si\u0119 z ogromnego sportowego sukcesu, zacz\u0105\u0142 opowiada\u0107 o swoim \u017cyciu prywatnym. Nagle zacz\u0105\u0142 m\u00f3wi\u0107 o tym, \u017ce zdradzi\u0142 swoj\u0105 partnerk\u0119 i nazwa\u0142 to swoim najwi\u0119kszym \u017cyciowym b\u0142\u0119dem.<\/p>\n<p> Dalszy ci\u0105g artyku\u0142u pod materia\u0142em wideo    <\/p>\n<p> Kim jest Sturla Holm Laegreid? <\/p>\n<p> Jakie medale zdoby\u0142 Sturla Holm Laegreid na igrzyskach olimpijskich? <\/p>\n<p> Jak zareagowa\u0142 biathlonista na temat swojej zdrady? <\/p>\n<p> Jakie ma nadzieje biathlonista po wyznaniu zdrady? <\/p>\n<p>  Medalista olimpijski przyzna\u0142 si\u0119 do zdrady. Wcze\u015bniej to planowa\u0142<\/p>\n<p class=\"ods-c-paragraph \">&#8222;Sze\u015b\u0107 miesi\u0119cy temu pozna\u0142am mi\u0142o\u015b\u0107 mojego \u017cycia. Jest najpi\u0119kniejsz\u0105, najsympatyczniejsz\u0105 osob\u0105 na \u015bwiecie, a trzy miesi\u0105ce temu pope\u0142ni\u0142am najwi\u0119kszy b\u0142\u0105d w \u017cyciu i j\u0105 zdradzi\u0142em&#8221; \u2014 powiedzia\u0142 ze skruch\u0105 biathlonista.<\/p>\n<p class=\"ods-c-paragraph \">&#8222;To by\u0142 najgorszy tydzie\u0144 w moim \u017cyciu. Zdoby\u0142em z\u0142oty medal. Pewnie wiele os\u00f3b patrzy teraz na mnie inaczej, ale ja widz\u0119 tylko jego. Nie wiem, co chc\u0119 osi\u0105gn\u0105\u0107, m\u00f3wi\u0105c to teraz, ale sport by\u0142 dla mnie spraw\u0105 drugorz\u0119dn\u0105 przez ostatnie kilka dni&#8221; \u2014 doda\u0142 w NRK sportowiec, kt\u00f3ry udzieli\u0142 wywiadu innego ni\u017c wszystkie. Takiego wyznania w trakcie ZIO jeszcze nie by\u0142o.<\/p>\n<p>    Norweg ma nadziej\u0119 na wybaczenie<\/p>\n<p class=\"ods-c-paragraph \">&#8222;Mia\u0142em szans\u0119 na prawdziw\u0105 mi\u0142o\u015b\u0107 i tak strasznie to schrzani\u0142em. To niekoniecznie jest wybaczalne. Ale je\u015bli daje mi male\u0144k\u0105 szans\u0119, \u017ceby jej powiedzie\u0107, jak bardzo j\u0105 kocham, to wola\u0142em pope\u0142ni\u0107 towarzyskie samob\u00f3jstwo na \u017cywo w telewizji, \u017ceby tylko mie\u0107 t\u0119 ma\u0142\u0105 szans\u0119&#8221; \u2014 doda\u0142 28-latek, zaznaczaj\u0105c, \u017ce kobieta, kt\u00f3r\u0105 zdradzi\u0142, pewnie wci\u0105\u017c prze\u017cywa to, co powiedzia\u0142 jej kilka dni temu. Sportowiec ma jednak nadziej\u0119 na to, \u017ce wybaczy mu ten b\u0142\u0105d i dostanie drug\u0105 szans\u0119.<\/p>\n","protected":false},"excerpt":{"rendered":"Norweg zdoby\u0142 medal na IO, a potem zaskoczy\u0142 Tego, co podczas wywiadu ze stacja NRK zrobi\u0142 Sturla Holm&hellip;\n","protected":false},"author":2,"featured_media":253479,"comment_status":"","ping_status":"","sticky":false,"template":"","format":"standard","meta":{"footnotes":"","_share_on_mastodon":"0"},"categories":[24],"tags":[5455,2399,48,46,42,38,40,39,41,42204,47,127,126,130],"class_list":["post-253478","post","type-post","status-publish","format-standard","has-post-thumbnail","category-sport","tag-biathlon","tag-igrzyska_olimpijskie","tag-nat_styl","tag-omp","tag-pl","tag-poland","tag-polish","tag-polska","tag-polski","tag-ps_omp_tst00","tag-screening_general","tag-sport","tag-sports","tag-wiadomosci_sportowe"],"share_on_mastodon":{"url":"","error":""},"_links":{"self":[{"href":"https:\/\/www.europesays.com\/pl\/wp-json\/wp\/v2\/posts\/253478","targetHints":{"allow":["GET"]}}],"collection":[{"href":"https:\/\/www.europesays.com\/pl\/wp-json\/wp\/v2\/posts"}],"about":[{"href":"https:\/\/www.europesays.com\/pl\/wp-json\/wp\/v2\/types\/post"}],"author":[{"embeddable":true,"href":"https:\/\/www.europesays.com\/pl\/wp-json\/wp\/v2\/users\/2"}],"replies":[{"embeddable":true,"href":"https:\/\/www.europesays.com\/pl\/wp-json\/wp\/v2\/comments?post=253478"}],"version-history":[{"count":0,"href":"https:\/\/www.europesays.com\/pl\/wp-json\/wp\/v2\/posts\/253478\/revisions"}],"wp:featuredmedia":[{"embeddable":true,"href":"https:\/\/www.europesays.com\/pl\/wp-json\/wp\/v2\/media\/253479"}],"wp:attachment":[{"href":"https:\/\/www.europesays.com\/pl\/wp-json\/wp\/v2\/media?parent=253478"}],"wp:term":[{"taxonomy":"category","embeddable":true,"href":"https:\/\/www.europesays.com\/pl\/wp-json\/wp\/v2\/categories?post=253478"},{"taxonomy":"post_tag","embeddable":true,"href":"https:\/\/www.europesays.com\/pl\/wp-json\/wp\/v2\/tags?post=253478"}],"curies":[{"name":"wp","href":"https:\/\/api.w.org\/{rel}","templated":true}]}}