{"id":253487,"date":"2026-02-11T08:32:15","date_gmt":"2026-02-11T08:32:15","guid":{"rendered":"https:\/\/www.europesays.com\/pl\/253487\/"},"modified":"2026-02-11T08:32:15","modified_gmt":"2026-02-11T08:32:15","slug":"kulisy-spotkania-karola-nawrockiego-z-szefami-sluzb-zul-szesc-snusow","status":"publish","type":"post","link":"https:\/\/www.europesays.com\/pl\/253487\/","title":{"rendered":"Kulisy spotkania Karola Nawrockiego z szefami s\u0142u\u017cb. &#8222;\u017bu\u0142 sze\u015b\u0107 snus\u00f3w&#8221;"},"content":{"rendered":"<p>Prezydentowi na spotkaniu towarzyszyli: szef Kancelarii Prezydenta Zbigniew Bogucki, szef gabinetu prezydenta Pawe\u0142 Szefernaker, rzecznik Rafa\u0142 Le\u015bkiewicz, doradca prezydenta ds. s\u0142u\u017cb i by\u0142y szef ABW w czasach rz\u0105d\u00f3w PiS p\u0142k Krzysztof Wac\u0142awek oraz wiceszef Biura Bezpiecze\u0144stwa Narodowego gen. Andrzej Kowalski, pe\u0142ni\u0105cy za poprzedniego rz\u0105du funkcj\u0119 szefa S\u0142u\u017cby Wywiadu Wojskowego.<\/p>\n<p class=\"ods-c-paragraph \">Szefom s\u0142u\u017cb \u2014 Agencji Bezpiecze\u0144stwa Wewn\u0119trznego, Agencji Wywiadu, Agencji Wywiadu Wojskowego i S\u0142u\u017cby Kontrwywiadu Wojskowego \u2014 towarzyszyli z kolei wicepremier i minister obrony narodowej W\u0142adys\u0142aw Kosiniak-Kamysz oraz minister-koordynator ds. s\u0142u\u017cb Tomasz Siemoniak.<\/p>\n<p class=\"ods-c-paragraph \">Oficjalnie wydane przez kancelari\u0119 prezydenta komunikaty po spotkaniu podkre\u015bla\u0142y rzekomo &#8222;konstruktywny, merytoryczny charakter&#8221; spotkania.<\/p>\n<p>    <img decoding=\"async\" src=\"https:\/\/www.europesays.com\/pl\/wp-content\/uploads\/2026\/02\/pvok9lBaHR0cHM6Ly9vY2RuLmV1L3B1bHNjbXMvTURBXy9hOTFkNDk2MDBkOThhODk1ZGJhMmE2MTM5NGRlYzNhMS5qcGeRlQLNB.jpeg\" height=\"627\" width=\"940\" style=\"min-height:627px;\" alt=\"Prezydent Karol Nawrocki witaj\u0105cy si\u0119 na spotkaniu przedstawicielami s\u0142u\u017cb z szefem S\u0142u\u017cby Kontrwywiadu Wojskowego gen. Jaros\u0142awem Str\u00f3\u017cykiem. Obok szefowa S\u0142u\u017cby Wywiadu Wojskowego p\u0142k Dorota Kawecka\" loading=\"lazy\" class=\"ods-c-image__img ods-c-image__img--viewport-width\"\/> <\/p>\n<p>Prezydent Karol Nawrocki witaj\u0105cy si\u0119 na spotkaniu przedstawicielami s\u0142u\u017cb z szefem S\u0142u\u017cby Kontrwywiadu Wojskowego gen. Jaros\u0142awem Str\u00f3\u017cykiem. Obok szefowa S\u0142u\u017cby Wywiadu Wojskowego p\u0142k Dorota Kawecka\u0179r\u00f3d\u0142o: Kancelaria Prezydenta<\/p>\n<p class=\"ods-c-paragraph \">\u2014 Pan prezydent otrzyma\u0142 raporty przedstawione przez wszystkich czterech szef\u00f3w s\u0142u\u017cb dotycz\u0105ce najistotniejszych kwestii zwi\u0105zanych z bezpiecze\u0144stwem Rzeczypospolitej, przede wszystkim identyfikacji zagro\u017ce\u0144 dotycz\u0105cych bezpiecze\u0144stwa pa\u0144stwa i obywateli \u2014 m\u00f3wi\u0142 po nim Rafa\u0142 Le\u015bkiewicz, kt\u00f3ry przekaza\u0142 r\u00f3wnie\u017c, \u017ce Karol Nawrocki raz jeszcze przeanalizuje <a href=\"https:\/\/www.onet.pl\/informacje\/onetwiadomosci\/karol-nawrocki-otrzyma-nowe-wnioski-o-nominacje-w-sluzbach-lada-moment\/hftzl0h,79cfc278\" id=\"9125cc2c-5323-4aed-9591-6dc85be84a33\" rel=\"nofollow noopener\" target=\"_blank\">przes\u0142ane mu wnioski o oficerskie nominacje dla funkcjonariuszy ABW i SKW<\/a>.<\/p>\n<p class=\"ods-c-paragraph \">Tyle teoria.<\/p>\n<p class=\"ods-c-paragraph \">W praktyce, jak ustali\u0142 Onet, spotkanie nie mia\u0142o wcale ani konstruktywnego, ani merytorycznego charakteru, a Nawrocki i jego otoczenie wykorzystali je do podkre\u015blenia swojej niech\u0119ci do s\u0142u\u017cb, nie odmawiaj\u0105c sobie przy tym drobnych z\u0142o\u015bliwo\u015bci.<\/p>\n<p>B\u0142yskawiczna kariera doradcy prezydenta. Od majora do pu\u0142kownika<\/p>\n<p class=\"ods-c-paragraph \">\u2014 Ju\u017c samo zaproszenie na spotkanie Krzysztofa Wac\u0142awka, kt\u00f3ry szefem ABW zosta\u0142 niczym kr\u00f3lik wyci\u0105gni\u0119ty z kapelusza, nie mo\u017cna okre\u015bli\u0107 inaczej, ni\u017c jako prowokacj\u0119 \u2014 opowiada Onetowi jeden z uczestnik\u00f3w styczniowego spotkania.<\/p>\n<p> <img decoding=\"async\" src=\"https:\/\/www.europesays.com\/pl\/wp-content\/uploads\/2026\/02\/-AUk9lBaHR0cHM6Ly9vY2RuLmV1L3B1bHNjbXMvTURBXy9mOWYwMjIyYjgyYWVkOTU0Y2RmOTNjOWQwNjBiZWZhZC5qcGeRlQLNB.jpeg\" height=\"627\" width=\"940\" style=\"min-height:627px;\" alt=\"Karol Nawrocki i Krzysztof Wac\u0142awek podczas uroczysto\u015bci powo\u0142ania tego drugiego na oficjalnego doradc\u0119 prezydenta \" loading=\"lazy\" class=\"ods-c-image__img ods-c-image__img--viewport-width\"\/> <\/p>\n<p>Karol Nawrocki i Krzysztof Wac\u0142awek podczas uroczysto\u015bci powo\u0142ania tego drugiego na oficjalnego doradc\u0119 prezydentaAndrzej Iwa\u0144czuk \/ East News<\/p>\n<p class=\"ods-c-paragraph \">Nasz rozm\u00f3wca podkre\u015bla, \u017ce <a href=\"https:\/\/wiadomosci.onet.pl\/wybory\/wybory-prezydenckie\/sprawa-postepowania-sprawdzajacego-karola-nawrockiego-nowe-informacje-z-mswia\/wg9vwex\" id=\"dba42cc7-c48d-43c0-80c6-1879127a9f6a\" rel=\"nofollow noopener\" target=\"_blank\">Wac\u0142awek to dla ludzi s\u0142u\u017cb przyk\u0142ad awansu &#8222;od zera do bohatera&#8221;.<\/a><\/p>\n<p class=\"ods-c-paragraph \">\u2014 Do ABW przyj\u0119ty zosta\u0142 za rz\u0105d\u00f3w PiS, w roku 2016. W ci\u0105gu zaledwie czterech lat przeszed\u0142 drog\u0119 od szeregowca, zatrudnionego w biurze logistyki, do pu\u0142kownika. Kiedy wiadome by\u0142o, \u017ce po wyborach straci stanowisko, a jednocze\u015bnie nie mia\u0142 wys\u0142ugi lat do nabycia mundurowych uprawnie\u0144 emerytalnych, to przeszed\u0142 na rent\u0119. Pobiera j\u0105 do dzisiaj \u2014 s\u0142yszymy.<\/p>\n<p class=\"ods-c-paragraph \">Sk\u0105d jednak Wac\u0142awek znalaz\u0142 si\u0119 w otoczeniu prezydenta?<\/p>\n<p class=\"ods-c-paragraph \">\u2014 Prosz\u0119 pami\u0119ta\u0107, \u017ce to w\u0142a\u015bnie Krzysztof Wac\u0142awek zdecydowa\u0142 w 2021 r. o przyznaniu Karolowi Nawrockiemu jako prezesowi IPN dost\u0119pu do informacji niejawnych. Lokalna delegatura, z uwagi na kontakty Nawrockiego z p\u00f3\u0142\u015bwiatkiem, rekomendowa\u0142a odmow\u0119 przyznania mu takich uprawnie\u0144. Mimo to Wac\u0142awek poszed\u0142 Nawrockiemu na r\u0119k\u0119 \u2014 wyja\u015bnia nasz informator.<\/p>\n<p> <img decoding=\"async\" src=\"https:\/\/www.europesays.com\/pl\/wp-content\/uploads\/2026\/02\/GNyk9lBaHR0cHM6Ly9vY2RuLmV1L3B1bHNjbXMvTURBXy8wM2MyOWJlNGNjMmYyYTg0ZjQ3ZTc3OWNhZTA2MTk0MC5qcGeRlQLNB.jpeg\" height=\"627\" width=\"940\" style=\"min-height:627px;\" alt=\"Od lewej: p\u0142k Krzysztof Wac\u0142awek, Rafa\u0142 Le\u015bkiewicz i gen. Andrzej Kowalski na konferencji prasowej po styczniowym spotkaniu w Pa\u0142acu Prezydenckim \" loading=\"lazy\" class=\"ods-c-image__img ods-c-image__img--viewport-width\"\/> <\/p>\n<p>Od lewej: p\u0142k Krzysztof Wac\u0142awek, Rafa\u0142 Le\u015bkiewicz i gen. Andrzej Kowalski na konferencji prasowej po styczniowym spotkaniu w Pa\u0142acu Prezydenckim\u0179r\u00f3d\u0142o: Kancelaria Prezydenta<\/p>\n<p class=\"ods-c-paragraph \"><a href=\"https:\/\/wiadomosci.onet.pl\/tylko-w-onecie\/wojna-palacow-przybiera-na-sile-nawrocki-jest-zdesperowany\/csmejbh\" id=\"b02d817f-5bad-4563-bc21-f785f98d6574\" rel=\"nofollow noopener\" target=\"_blank\">Trzygodzinne spotkanie w pa\u0142acu, wedle relacji naszych rozm\u00f3wc\u00f3w i wbrew oficjalnym komunikatom<\/a>, nie przebiega\u0142o ani w dobrej atmosferze, ani w klimacie s\u0142u\u017c\u0105cym wygaszeniu trwaj\u0105cego konfliktu.<\/p>\n<p class=\"ods-c-paragraph \">\u2014 Karol Nawrocki okaza\u0142 si\u0119 cz\u0142owiekiem, kt\u00f3ry m\u00f3wi paskami z telewizji Republika \u2014 opowiada kolejne nasze \u017ar\u00f3d\u0142o. \u2014 Podczas spotkania wypali\u0142, \u017ce nigdy nie awansuje nikogo, kto by\u0142 zaanga\u017cowany w &#8222;brudn\u0105 kampani\u0119 prezydenck\u0105&#8221; wobec niego lub w torturowanie ksi\u0119dza Micha\u0142a Olszewskiego. Przecie\u017c to jaki\u015b ob\u0142\u0119d!<\/p>\n<p>   &#8222;Tortury&#8221; ks. Olszewskiego, kawalerka pana Jerzego i sprawa Grand Hotelu<\/p>\n<p class=\"ods-c-paragraph \"><a href=\"https:\/\/wiadomosci.onet.pl\/kraj\/ksiadz-michal-olszewski-ja-i-moja-rodzina-jestesmy-nekani-przez-abw\/mxvw2kd\" id=\"09479de7-3e74-4168-8bfa-f57ba4cbdf8c\" rel=\"nofollow noopener\" target=\"_blank\">Zakonnik Micha\u0142 Olszewski<\/a> zatrzymany i aresztowany zosta\u0142 jako jeden z g\u0142\u00f3wnych beneficjent\u00f3w afery Funduszu Sprawiedliwo\u015bci. W styczniu rozpocz\u0105\u0142 si\u0119 jego proces, ale zwolennicy i obro\u0144cy ksi\u0119dza twierdz\u0105, \u017ce po zatrzymaniu mia\u0142 by\u0107 on poddawany torturom, w\u0142a\u015bnie przez funkcjonariuszy Agencji Bezpiecze\u0144stwa Wewn\u0119trznego. Rzecznik Praw Obywatelskich po kontroli nie dopatrzy\u0142 si\u0119 tortur, uznaj\u0105c, \u017ce dochodzi\u0142o do &#8222;niehumanitarnych zachowa\u0144&#8221; wobec ksi\u0119dza \u2014 chodzi g\u0142\u00f3wnie o ci\u0105g\u0142e stosowanie kajdanek oraz prowadzenia czynno\u015bci przez 15 godzin bez zapewnienia zatrzymanemu odpoczynku czy posi\u0142ku.<\/p>\n<p> <img decoding=\"async\" src=\"https:\/\/www.europesays.com\/pl\/wp-content\/uploads\/2026\/02\/0x8k9lGaHR0cHM6Ly9vY2RuLmV1L3B1bHNjbXMvTURBXy9lM2MzZjkwMC1mMDAzLTQwZmQtYjFiYi0wYmJlMTBmZjZiZTkuanBlZ.jpeg\" height=\"627\" width=\"940\" style=\"min-height:627px;\" alt=\"Ks. Micha\u0142 Olszewski podczas jednej z rozpraw w S\u0105dzie Okr\u0119gowym w Warszawie \" loading=\"lazy\" class=\"ods-c-image__img ods-c-image__img--viewport-width\"\/> <\/p>\n<p>Ks. Micha\u0142 Olszewski podczas jednej z rozpraw w S\u0105dzie Okr\u0119gowym w WarszawiePAP\/Leszek Szyma\u0144ski<\/p>\n<p class=\"ods-c-paragraph \">Drugi z zarzut\u00f3w ma za\u015b zwi\u0105zek z publikacjami Onetu z czasu trwaj\u0105cej kampanii prezydenckiej. <a href=\"https:\/\/wiadomosci.onet.pl\/wybory\/wybory-prezydenckie\/karol-nawrocki-powiedzial-nieprawde-ujawniamy-ma-ukryte-mieszkanie\/rb30w6v\" id=\"e33d7cf7-7120-4e2b-b303-51c921cf4557\" rel=\"nofollow noopener\" target=\"_blank\">W pierwszym z tekst\u00f3w ujawnili\u015bmy bowiem spraw\u0119 przej\u0119cia przez Karola i Mart\u0119 Nawrockich kawalerki niepe\u0142nosprawnego pana Jerzego. <\/a>Na skutek naszych publikacji Nawroccy przekazali lokal jednej z organizacji dobroczynnych z Tr\u00f3jmiasta.<\/p>\n<p class=\"ods-c-paragraph \">Nawrocki twierdzi, \u017ce informacje o kawalerce wyciek\u0142y w kampanii z ABW \u2014 ale nigdy nie pokaza\u0142 \u017cadnych dowod\u00f3w, tak\u017ce na spotkaniu z szefami s\u0142u\u017cb.<\/p>\n<p class=\"ods-c-paragraph \">W drugim tek\u015bcie <a href=\"https:\/\/wiadomosci.onet.pl\/wybory\/wybory-prezydenckie\/karol-nawrocki-i-tajemnice-grand-hotelu-zrodla-onetu-uczestniczyl-w-procederze\/kqwwbef\" id=\"86a2b36f-612c-4374-9d74-fee4148636aa\" rel=\"nofollow noopener\" target=\"_blank\">opisali\u015bmy opowie\u015bci dwojga dawnych wsp\u00f3\u0142pracownik\u00f3w Nawrockiego, kt\u00f3rzy twierdz\u0105, \u017ce <\/a>by\u0142 on zaanga\u017cowany w proceder dostarczania prostytutek dla go\u015bci sopockiego Grand Hotelu, w kt\u00f3rym pracowa\u0142 jako ochroniarz. W tej sprawie Nawrocki wytoczy\u0142 nam dwa procesy \u2014 karny i cywilny \u2014 kt\u00f3re dot\u0105d nie ruszy\u0142y.<\/p>\n<p> <img decoding=\"async\" src=\"https:\/\/www.europesays.com\/pl\/wp-content\/uploads\/2026\/02\/YYuk9lBaHR0cHM6Ly9vY2RuLmV1L3B1bHNjbXMvTURBXy9iY2RiMzcyZjExYTA5ZWE4ZGU1NjlhNjNjZjM5NDdkZC5qcGeRlQLNB.jpeg\" height=\"573\" width=\"940\" style=\"min-height:573px;\" alt=\"Grand Hotel w Sopocie, w kt\u00f3rym jako ochroniarz pracowa\u0142 w przesz\u0142o\u015bci prezydent Karol Nawrocki \" loading=\"lazy\" class=\"ods-c-image__img ods-c-image__img--viewport-width\"\/> <\/p>\n<p>Grand Hotel w Sopocie, w kt\u00f3rym jako ochroniarz pracowa\u0142 w przesz\u0142o\u015bci prezydent Karol NawrockiPiotr Hukalo\/East News \/ East News<\/p>\n<p class=\"ods-c-paragraph \">Jak informowa\u0142 w &#8222;Wyborczej&#8221; Wojciech Czuchnowski, to w\u0142a\u015bnie Krzysztof Wac\u0142awek analizowa\u0107 ma przekazane do Pa\u0142acu Prezydenckiego listy z nazwiskami funkcjonariuszy pod k\u0105tem ich ewentualnego zaanga\u017cowania w sprawy ksi\u0119dza Olszewskiego i rzekomego przekazywania mediom informacji o jego przesz\u0142o\u015bci.<\/p>\n<p> <img decoding=\"async\" src=\"https:\/\/www.europesays.com\/pl\/wp-content\/uploads\/2026\/02\/TGlk9lBaHR0cHM6Ly9vY2RuLmV1L3B1bHNjbXMvTURBXy9kNDgwNGE1YmI4ZjI0NmQzNDI0YzU4NDJmYWNiMzNkZC5qcGeRlQLNA.jpeg\" height=\"529\" width=\"940\" style=\"min-height:529px;\" alt=\"Blok w gda\u0144skiej dzielnicy Siedlce, w kt\u00f3rym Karol i Marta Nawroccy przej\u0119li mieszkanie od Jerzego \u017b. \" loading=\"lazy\" class=\"ods-c-image__img ods-c-image__img--vertical\"\/> <\/p>\n<p>Blok w gda\u0144skiej dzielnicy Siedlce, w kt\u00f3rym Karol i Marta Nawroccy przej\u0119li mieszkanie od Jerzego \u017b.\u0179r\u00f3d\u0142o: materia\u0142y w\u0142asne<\/p>\n<p> &#8222;\u017bu\u0142 snusa i \u015bmia\u0142 si\u0119 nam w twarz&#8221;   <\/p>\n<p class=\"ods-c-paragraph \">\u2014 Prezydent nie kryje swojej niech\u0119ci do s\u0142u\u017cb i na ka\u017cdym kroku daje temu wyraz \u2014 opowiada dalej nasz rozm\u00f3wca. \u2014 Podczas styczniowego spotkania patrz\u0105c w oczy to wicepremierowi, to szefom s\u0142u\u017cb ostentacyjnie wk\u0142ada\u0142 sobie do ust snusa. Chcia\u0142 nam pokaza\u0107 sw\u0105 wy\u017cszo\u015b\u0107.<\/p>\n<p> <img decoding=\"async\" src=\"https:\/\/www.europesays.com\/pl\/wp-content\/uploads\/2026\/02\/qXNk9lBaHR0cHM6Ly9vY2RuLmV1L3B1bHNjbXMvTURBXy84M2VlNDQwZjFlZjNiYThlOWEwMjIyNDgzNDVlNGFjMC5wbmeRlQLNB.jpeg\" height=\"532\" width=\"940\" style=\"min-height:532px;\" alt=\"Karol Nawrocki ukradkiem za\u017cywaj\u0105cy snusa podczas debaty kandydat\u00f3w na prezydenta \" loading=\"lazy\" class=\"ods-c-image__img ods-c-image__img--viewport-width\"\/> <\/p>\n<p>Karol Nawrocki ukradkiem za\u017cywaj\u0105cy snusa podczas debaty kandydat\u00f3w na prezydentaTVN<\/p>\n<p class=\"ods-c-paragraph \">Gdy pytamy wysoko postawionych przedstawicieli kolejnych s\u0142u\u017cb o to, czy obecnie prowadzone s\u0105 jakiekolwiek dzia\u0142ania maj\u0105ce ustali\u0107 faktyczne zwi\u0105zki urz\u0119duj\u0105cej g\u0142owy pa\u0144stwa z p\u00f3\u0142\u015bwiatkiem, s\u0142yszymy tylko g\u0142o\u015bne westchni\u0119cia.<\/p>\n<p> <img decoding=\"async\" src=\"https:\/\/www.europesays.com\/pl\/wp-content\/uploads\/2026\/02\/FwPk9lBaHR0cHM6Ly9vY2RuLmV1L3B1bHNjbXMvTURBXy8xZWE4NTcyOTc0YjA5M2JkZmQwZmY5Y2EzNjYzNjBjOS5qcGeRlQLNB.jpeg\" height=\"492\" width=\"940\" style=\"min-height:492px;\" alt=\"Prezydent Karol Nawrocki czule witaj\u0105cy si\u0119 z Tomaszem P. pseud. Dragon, wielokrotnie karanym, zadeklarowanym neonazist\u0105 z Bia\u0142egostoku \" loading=\"lazy\" class=\"ods-c-image__img ods-c-image__img--viewport-width\"\/> <\/p>\n<p>Prezydent Karol Nawrocki czule witaj\u0105cy si\u0119 z Tomaszem P. pseud. Dragon, wielokrotnie karanym, zadeklarowanym neonazist\u0105 z Bia\u0142egostoku\u0179r\u00f3d\u0142o: x.com<\/p>\n<p class=\"ods-c-paragraph \">\u2014 Po tym, jak Karol Nawrocki z\u0142o\u017cy\u0142 6 sierpnia ubieg\u0142ego roku \u015blubowanie przed Zgromadzeniem Narodowym, naszym zadaniem jako s\u0142u\u017cb jest jego ochrona, a nie grzebanie w jego przesz\u0142o\u015bci. Jako g\u0142owie pa\u0144stwa przys\u0142uguje mu r\u00f3wnie\u017c immunitet, a odpowiada\u0107 za swoje ewentualne czyny mo\u017ce jedynie przed Trybuna\u0142em Stanu \u2014 t\u0142umaczy mi osoba z kierownictwa jednej ze s\u0142u\u017cb.<\/p>\n<p>    <img decoding=\"async\" src=\"https:\/\/www.europesays.com\/pl\/wp-content\/uploads\/2026\/02\/h_4k9lBaHR0cHM6Ly9vY2RuLmV1L3B1bHNjbXMvTURBXy81NjZlZjI2OWNhZDc1MWZkYjZlZmQ4ZTY2MGJkZjdmYi5qcGeRlQLNB.jpeg\" height=\"627\" width=\"940\" style=\"min-height:627px;\" alt=\"Delegacja rz\u0105dowa na spotkaniu s\u0142u\u017cb z prezydentem Karolem Nawrockim. Od lewej: gen. Jaros\u0142aw Str\u00f3\u017cyk (SKW), p\u0142k Dorota Kawecka (SWW), wicepremier i szef MON W\u0142adys\u0142aw Kosiniak - Kamysz, minister - koordynator ds. s\u0142u\u017cb specjalnych Tomasz Siemoniak, p\u0142k Pawe\u0142 Szota (AW)    \" loading=\"lazy\" class=\"ods-c-image__img ods-c-image__img--viewport-width\"\/> <\/p>\n<p>Delegacja rz\u0105dowa na spotkaniu s\u0142u\u017cb z prezydentem Karolem Nawrockim. Od lewej: gen. Jaros\u0142aw Str\u00f3\u017cyk (SKW), p\u0142k Dorota Kawecka (SWW), wicepremier i szef MON W\u0142adys\u0142aw Kosiniak &#8211; Kamysz, minister &#8211; koordynator ds. s\u0142u\u017cb specjalnych Tomasz Siemoniak, p\u0142k Pawe\u0142 Szota (AW)\u0179r\u00f3d\u0142o: Kancelaria Prezydenta<\/p>\n<p class=\"ods-c-paragraph \">Jej odpowiednik w kolejnej ze s\u0142u\u017cb dodaje: \u2014 Jeste\u015bmy pa\u0144stwowcami i dzia\u0142amy w ramach prawa i konstytucji. A te nak\u0142adaj\u0105 na nas obowi\u0105zek dbania o prezydenta i jego ochrony. \u017badna ze s\u0142u\u017cb nie prowadzi i nie b\u0119dzie prowadzi\u0107 obecnie \u017cadnych czynno\u015bci maj\u0105cych wyja\u015bni\u0107 kontakty Karola Nawrockiego z kimkolwiek. Je\u015bli o kim\u015b mamy informacje, kt\u00f3re nakazywa\u0142yby powstrzymywa\u0107 si\u0119 od kontakt\u00f3w z tak\u0105 osob\u0105, to przekazujemy to prezydentowi. Inna sprawa, \u017ce z takich ostrze\u017ce\u0144 pan prezydent niewiele sobie robi. S\u0142u\u017cby w \u017caden spos\u00f3b nie mog\u0105 mu zabroni\u0107 kontakt\u00f3w z kimkolwiek.<\/p>\n<p class=\"ods-c-paragraph \">Ostatnio prezydent spotka\u0142 si\u0119 na Jasnej G\u00f3rze z kibicami, w\u015br\u00f3d kt\u00f3rych by\u0142 kryminalista &#8222;Dragon&#8221;, lider kiboli Jagiellonii Bia\u0142ystok. <a href=\"https:\/\/wiadomosci.onet.pl\/kraj\/spotkanie-nawrockiego-z-dragonem-znamy-kryminalna-przeszlosc-gangstera\/mp48dgk\" id=\"83006953-7204-4f6e-bef0-1738b34509ab\" rel=\"nofollow noopener\" target=\"_blank\">Nawrocki wylewnie si\u0119 z nim przywita\u0142.<\/a><\/p>\n<p>Lista ze 136 nazwiskami do awans\u00f3w wci\u0105\u017c aktualna   <\/p>\n<p class=\"ods-c-paragraph \">Spotkanie sprzed niespe\u0142na miesi\u0105ca, wbrew twierdzeniom prezydenckich urz\u0119dnik\u00f3w, nie by\u0142o wi\u0119c ani prze\u0142omowe, ani tym bardziej \u2014 jak m\u00f3wi\u0142 po nim wiceszef BBN gen. Andrzej Kowalski \u2014 nie &#8222;rozpocz\u0119\u0142o nowej epoki w kontaktach pomi\u0119dzy Biurem Bezpiecze\u0144stwa Narodowego a s\u0142u\u017cbami specjalnymi&#8221;.<\/p>\n<p class=\"ods-c-paragraph \"><a href=\"https:\/\/www.onet.pl\/informacje\/onetwiadomosci\/karol-nawrocki-otrzyma-nowe-wnioski-o-nominacje-w-sluzbach-lada-moment\/hftzl0h,79cfc278\" id=\"8efc4e1f-a8b2-4031-a8cf-71d248020c9a\" rel=\"nofollow noopener\" target=\"_blank\">Ju\u017c po nim do Kancelarii Prezydenta po raz kolejny trafi\u0142a \u2014 ta sama, co poprzednio \u2014 lista ze 136 nazwiskami funkcjonariuszy ABW i SKW przeznaczonych do awansu.<\/a><\/p>\n<p class=\"ods-c-paragraph \">\u2014 Byli\u015bmy przekonani, \u017ce na ich akceptacj\u0119 wystarcz\u0105 maksymalnie dwa tygodnie, tymczasem w tej sprawie prezydent zwyczajnie nabra\u0142 wody w usta \u2014 podsumowuje kolejne nasze \u017ar\u00f3d\u0142o, tym razem z Kancelarii Premiera. \u2014 A to oznacza, \u017ce styczniowe spotkanie by\u0142o jedynie teatrem, gr\u0105 obliczon\u0105 na przekonanie opinii publicznej, \u017ce prezydent szuka porozumienia z rz\u0105dem i s\u0142u\u017cbami. Je\u015bli Karol Nawrocki wci\u0105\u017c odmawia\u0107 b\u0119dzie z\u0142o\u017cenia podpisu pod wnioskami awansowymi, to nie wyobra\u017cam sobie jakichkolwiek poprawnych stosunk\u00f3w pomi\u0119dzy s\u0142u\u017cbami a prezydentem. Nie do pomy\u015blenia jest, \u017ce w czasie, gdy za nasz\u0105 wschodni\u0105 granic\u0105 trwa regularna wojna, a nasze s\u0142u\u017cby od dawna po cichu tocz\u0105 j\u0105 ze s\u0142u\u017cbami rosyjskimi i bia\u0142oruskimi, komu\u015b do g\u0142owy przychodzi k\u0142\u00f3cenie si\u0119 o awanse na pierwszy stopie\u0144 oficerski. I powielanie bzdur o rzekomym zaanga\u017cowaniu s\u0142u\u017cb pa\u0144stwowych w kampani\u0119 wyborcz\u0105 sprzed p\u00f3\u0142 roku \u2014 s\u0142yszymy.<\/p>\n","protected":false},"excerpt":{"rendered":"Prezydentowi na spotkaniu towarzyszyli: szef Kancelarii Prezydenta Zbigniew Bogucki, szef gabinetu prezydenta Pawe\u0142 Szefernaker, rzecznik Rafa\u0142 Le\u015bkiewicz, doradca&hellip;\n","protected":false},"author":2,"featured_media":253488,"comment_status":"","ping_status":"","sticky":false,"template":"","format":"standard","meta":{"footnotes":"","_share_on_mastodon":"0"},"categories":[5],"tags":[145,22562,31349,56,3866,32,33,36,37,27,13294,43,34,35,28,31,48,25,46,2265,42,38,40,39,41,47,14119,9910,25339,1246,29,30,341,26,617,788],"class_list":["post-253487","post","type-post","status-publish","format-standard","has-post-thumbnail","category-naglowki","tag-abw","tag-agencja_wywiadu","tag-andrzej_kowalski_oficer_wywiadu_wojskowego","tag-article_premium","tag-biuro_bezpieczenstwa_narodowego","tag-breaking-news","tag-breakingnews","tag-featured-news","tag-featurednews","tag-headlines","tag-jaroslaw_strozyk","tag-karol_nawrocki","tag-latest-news","tag-latestnews","tag-naglowki","tag-najwazniejsze-artykuly","tag-nat_styl","tag-news","tag-omp","tag-pawel_szefernaker","tag-pl","tag-poland","tag-polish","tag-polska","tag-polski","tag-screening_general","tag-skw_kontrwywiad_wojskowy","tag-sluzby_specjalne","tag-sww_wywiad_wojskowy","tag-tomasz_siemoniak","tag-top-stories","tag-topstories","tag-tylko_w_onecie","tag-wiadomosci","tag-wladyslaw_kosiniak_kamysz","tag-zbigniew_bogucki"],"share_on_mastodon":{"url":"","error":"Validation failed: Text character limit of 500 exceeded"},"_links":{"self":[{"href":"https:\/\/www.europesays.com\/pl\/wp-json\/wp\/v2\/posts\/253487","targetHints":{"allow":["GET"]}}],"collection":[{"href":"https:\/\/www.europesays.com\/pl\/wp-json\/wp\/v2\/posts"}],"about":[{"href":"https:\/\/www.europesays.com\/pl\/wp-json\/wp\/v2\/types\/post"}],"author":[{"embeddable":true,"href":"https:\/\/www.europesays.com\/pl\/wp-json\/wp\/v2\/users\/2"}],"replies":[{"embeddable":true,"href":"https:\/\/www.europesays.com\/pl\/wp-json\/wp\/v2\/comments?post=253487"}],"version-history":[{"count":0,"href":"https:\/\/www.europesays.com\/pl\/wp-json\/wp\/v2\/posts\/253487\/revisions"}],"wp:featuredmedia":[{"embeddable":true,"href":"https:\/\/www.europesays.com\/pl\/wp-json\/wp\/v2\/media\/253488"}],"wp:attachment":[{"href":"https:\/\/www.europesays.com\/pl\/wp-json\/wp\/v2\/media?parent=253487"}],"wp:term":[{"taxonomy":"category","embeddable":true,"href":"https:\/\/www.europesays.com\/pl\/wp-json\/wp\/v2\/categories?post=253487"},{"taxonomy":"post_tag","embeddable":true,"href":"https:\/\/www.europesays.com\/pl\/wp-json\/wp\/v2\/tags?post=253487"}],"curies":[{"name":"wp","href":"https:\/\/api.w.org\/{rel}","templated":true}]}}