{"id":254565,"date":"2026-02-11T19:06:09","date_gmt":"2026-02-11T19:06:09","guid":{"rendered":"https:\/\/www.europesays.com\/pl\/254565\/"},"modified":"2026-02-11T19:06:09","modified_gmt":"2026-02-11T19:06:09","slug":"rewolucja-w-inposcie-wiemy-co-z-umowa-z-pzpn","status":"publish","type":"post","link":"https:\/\/www.europesays.com\/pl\/254565\/","title":{"rendered":"Rewolucja w InPo\u015bcie. Wiemy, co z umow\u0105 z PZPN"},"content":{"rendered":"<p>Na pocz\u0105tku tygodnia Rafa\u0142 Brzoska poinformowa\u0142, \u017ce <a href=\"https:\/\/businessinsider.com.pl\/gospodarka\/przejecie-inpost-przez-konsorcjum-nowy-etap-rozwoju-i-ekspansji-w-europie\/krlmgzh\" id=\"423a0c04-a1c0-45df-b580-cf10e62e4866\" rel=\"nofollow noopener\" target=\"_blank\">dosz\u0142o do kluczowej zmiany w InPo\u015bcie<\/a>. Nowymi w\u0142a\u015bcicielami firmy za\u0142o\u017conej przez polskiego milionera zostali oficjalnie w poniedzia\u0142ek FedEx (za po\u015brednictwem FCWB), Advent International, A&amp;R Investments oraz PPF Group. Dalszy ci\u0105g artyku\u0142u pod materia\u0142em wideo    <\/p>\n<p> Jakie zmiany w\u0142a\u015bcicielskie mia\u0142y miejsce w InPo\u015bcie? <\/p>\n<p> Jak d\u0142ugo trwa wsp\u00f3\u0142praca InPostu z PZPN? <\/p>\n<p> Czy umowa InPostu z PZPN-em jest zagro\u017cona? <\/p>\n<p> Kiedy odb\u0119d\u0105 si\u0119 bara\u017ce o mundial dla reprezentacji Polski? <\/p>\n<p>Ca\u0142a transakcja warta by\u0142a a\u017c 7,8 mld euro. Co ciekawe, Brzoska zachowa w swoim portfelu 16 proc. akcji InPostu, dzi\u0119ki A&amp;R Investments. Fundusz zosta\u0142 za\u0142o\u017cony, aby pomaga\u0107 w zarz\u0105dzaniu jego maj\u0105tkiem i udzia\u0142ami.<\/p>\n<p>Oto przysz\u0142o\u015b\u0107 wsp\u00f3\u0142pracy InPostu z PZPN   <\/p>\n<p>Zmianom w InPo\u015bcie bacznie przygl\u0105da si\u0119 Polski Zwi\u0105zek Pi\u0142ki No\u017cnej, kt\u00f3rej firma kurierska jest nieprzerwanie sponsorem strategicznym. Ta wsp\u00f3\u0142praca trwa od 2022 r. Opr\u00f3cz wsparcia reprezentacji Polski, InPost inwestuje tak\u017ce w rozw\u00f3j m\u0142odych talent\u00f3w i pi\u0142ki no\u017cnej kobiet.<\/p>\n<p>Jak uda\u0142o nam si\u0119 ustali\u0107, mimo zmian w\u0142a\u015bcicielskich, umowa InPostu z PZPN-em jest niezagro\u017cona, a wsp\u00f3\u0142praca ma jednak ca\u0142y czas trwa\u0107. Warto doda\u0107, \u017ce w lipcu 2023 r. ta wsp\u00f3\u0142praca by\u0142a zagro\u017cona. Wysz\u0142o wtedy na jaw, \u017ce na czerwcowym meczu eliminacji ME Mo\u0142dawia \u2014 Polska obecny by\u0142 Miros\u0142aw Stasiak, kt\u00f3ry zosta\u0142 prawomocnie skazany za 43 czyny dotycz\u0105ce ustawienia lub pr\u00f3by ustawienia mecz\u00f3w.<\/p>\n<p>PZPN odpowiedzialno\u015b\u0107 za zaproszenie by\u0142ego dzia\u0142acza zrzuci\u0142 na sponsor\u00f3w, co przyj\u0119te zosta\u0142o z wielkim oburzeniem. Brzoska by\u0142 jednym z najbardziej krytykuj\u0105cych federacj\u0119 za swoje dzia\u0142anie.<\/p>\n<p>Przed Bia\u0142o-Czerwonymi bardzo wa\u017cny rok. W marcu oka\u017ce si\u0119, czy Polacy zagraj\u0105 na czerwcowych mistrzostwach \u015bwiata w Stanach Zjednoczonych, Kanadzie i Meksyku. W bara\u017cach o mundial zmierz\u0105 si\u0119 z Albani\u0105 (26 marca, godz. 20.45), a w mo\u017cliwym finale zagraj\u0105 ze zwyci\u0119zc\u0105 spotkania Ukraina \u2014 Szwecja.<\/p>\n","protected":false},"excerpt":{"rendered":"Na pocz\u0105tku tygodnia Rafa\u0142 Brzoska poinformowa\u0142, \u017ce dosz\u0142o do kluczowej zmiany w InPo\u015bcie. Nowymi w\u0142a\u015bcicielami firmy za\u0142o\u017conej przez&hellip;\n","protected":false},"author":2,"featured_media":254566,"comment_status":"","ping_status":"","sticky":false,"template":"","format":"standard","meta":{"footnotes":"","_share_on_mastodon":"0"},"categories":[16],"tags":[113,112,5154,48,46,948,42,38,40,39,41,11817,28927,16970,355,47,130],"class_list":["post-254565","post","type-post","status-publish","format-standard","has-post-thumbnail","category-biznes","tag-biznes","tag-business","tag-inpost","tag-nat_styl","tag-omp","tag-pilka_nozna","tag-pl","tag-poland","tag-polish","tag-polska","tag-polski","tag-polski_zwiazek_pilki_noznej","tag-ps_omp_tst1","tag-rafal_brzoska","tag-reprezentacja_polski","tag-screening_general","tag-wiadomosci_sportowe"],"share_on_mastodon":{"url":"https:\/\/pubeurope.com\/@pl\/116053566029001410","error":""},"_links":{"self":[{"href":"https:\/\/www.europesays.com\/pl\/wp-json\/wp\/v2\/posts\/254565","targetHints":{"allow":["GET"]}}],"collection":[{"href":"https:\/\/www.europesays.com\/pl\/wp-json\/wp\/v2\/posts"}],"about":[{"href":"https:\/\/www.europesays.com\/pl\/wp-json\/wp\/v2\/types\/post"}],"author":[{"embeddable":true,"href":"https:\/\/www.europesays.com\/pl\/wp-json\/wp\/v2\/users\/2"}],"replies":[{"embeddable":true,"href":"https:\/\/www.europesays.com\/pl\/wp-json\/wp\/v2\/comments?post=254565"}],"version-history":[{"count":0,"href":"https:\/\/www.europesays.com\/pl\/wp-json\/wp\/v2\/posts\/254565\/revisions"}],"wp:featuredmedia":[{"embeddable":true,"href":"https:\/\/www.europesays.com\/pl\/wp-json\/wp\/v2\/media\/254566"}],"wp:attachment":[{"href":"https:\/\/www.europesays.com\/pl\/wp-json\/wp\/v2\/media?parent=254565"}],"wp:term":[{"taxonomy":"category","embeddable":true,"href":"https:\/\/www.europesays.com\/pl\/wp-json\/wp\/v2\/categories?post=254565"},{"taxonomy":"post_tag","embeddable":true,"href":"https:\/\/www.europesays.com\/pl\/wp-json\/wp\/v2\/tags?post=254565"}],"curies":[{"name":"wp","href":"https:\/\/api.w.org\/{rel}","templated":true}]}}