{"id":254611,"date":"2026-02-11T19:49:13","date_gmt":"2026-02-11T19:49:13","guid":{"rendered":"https:\/\/www.europesays.com\/pl\/254611\/"},"modified":"2026-02-11T19:49:13","modified_gmt":"2026-02-11T19:49:13","slug":"koniec-przyjemnej-fikcji-kanada-wlacza-sie-w-geopolityczna-walke-o-arktyke","status":"publish","type":"post","link":"https:\/\/www.europesays.com\/pl\/254611\/","title":{"rendered":"&#8222;Koniec przyjemnej fikcji&#8221;. Kanada w\u0142\u0105cza si\u0119 w geopolityczn\u0105 walk\u0119 o Arktyk\u0119"},"content":{"rendered":"<p>Na szczycie wysokiego bia\u0142ego masztu, kt\u00f3ry przy\u0107miewa male\u0144k\u0105 czerwon\u0105 chat\u0119 na skraju pokrytego \u015bniegiem zachodniego wybrze\u017ca Grenlandii, na arktycznym wietrze powiewa nowa flaga.<\/p>\n<p>W pi\u0105tek w tym niepozornym budynku otwarto konsulat Kanady, sta\u0142\u0105 plac\u00f3wk\u0119 dyplomatyczn\u0105 dziel\u0105c\u0105 skromn\u0105 siedzib\u0119 z Islandi\u0105 \u2014 wcze\u015bniej jednym z niewielu kraj\u00f3w maj\u0105cych formaln\u0105 reprezentacj\u0119 na tym terytorium.<\/p>\n<p>Peter Mortensen, terapeuta rodzinny i psycholog z Danii przebywaj\u0105cy w Nuuk w podr\u00f3\u017cy s\u0142u\u017cbowej, spacerowa\u0142 wzd\u0142u\u017c wybrze\u017ca, szukaj\u0105c motyw\u00f3w do sfotografowania swoj\u0105 lustrzank\u0105 Sony, kiedy zatrzyma\u0142 si\u0119, aby zastanowi\u0107 si\u0119 nad znaczeniem dodatkowej obecno\u015bci dyplomatycznej Kanady, a tak\u017ce Francji, kt\u00f3ra tego samego dnia otworzy\u0142a sw\u00f3j konsulat w tym mie\u015bcie.<\/p>\n<p>\u2014 Rozmawiam z wieloma osobami tutaj, kt\u00f3re twierdz\u0105, \u017ce nasze pierwotne przekonanie, i\u017c mo\u017cemy ufa\u0107 Stanom Zjednoczonym i \u017ce zawsze b\u0119d\u0105 one pot\u0119\u017cn\u0105 si\u0142\u0105 na \u015bwiecie, zosta\u0142o powa\u017cnie zachwiane \u2014 m\u00f3wi 68-letni Mortensen magazynowi POLITICO.<\/p>\n<p>W t\u0119 luk\u0119 wkracza Kanada. Jej nowa strategia polegaj\u0105ca na intensywniejszych dzia\u0142aniach na arenie mi\u0119dzynarodowej, budowaniu sojuszy i oferowaniu gwarancji bezpiecze\u0144stwa, kt\u00f3re kiedy\u015b pozostawia\u0142a Stanom Zjednoczonym, nabiera kszta\u0142tu w Nuuk. Dzia\u0142ania Kanady wobec swojego arktycznego s\u0105siada mog\u0105 by\u0107 pocz\u0105tkiem pr\u00f3by zbudowania przez ten kraj w\u0142asnej mi\u0119dzynarodowej bona fides i wyrwania si\u0119 z cienia Trumpa.<\/p>\n<p>Co Mortensen s\u0105dzi o otwarciu konsulatu, mimo \u017ce ameryka\u0144ski prezydent wydaje si\u0119 na razie tonowa\u0107 swoj\u0105 retoryk\u0119 dotycz\u0105c\u0105 Grenlandii? \u2014 Donald Trump jest tak nieprzewidywalny, \u017ce wszystko, co uwa\u017ca za osobist\u0105 zniewag\u0119, mo\u017ce przekszta\u0142ci\u0107 w kryzys geopolityczny \u2014 odpowiada.<\/p>\n<p>W Stanach Zjednoczonych i Kanadzie s\u0105 tysi\u0105ce miast i miasteczek, kt\u00f3re maj\u0105 wi\u0119cej mieszka\u0144c\u00f3w ni\u017c Nuuk, gdzie mieszka 20 tys. os\u00f3b. Ale to ma\u0142e miasteczko, pe\u0142ne kolorowych dom\u00f3w rozrzuconych po skalistych urwiskach, sta\u0142o si\u0119 gor\u0105cym centrum rywalizacji wielkich mocarstw XXI w. \u2014 miejscem, gdzie s\u0105 realizowane doktryny polityki zagranicznej opracowane w odleg\u0142ych stolicach, frontow\u0105 lini\u0105 kolejnej zimnej wojny.<\/p>\n<p>**<\/p>\n<p>Nieca\u0142e trzy tygodnie temu w innej za\u015bnie\u017conej enklawie (w Davos w szwajcarskich Alpach) premier Kanady Mark Carney przedstawi\u0142 klarown\u0105 wizj\u0119 swojej globalnej agendy.<\/p>\n<p>\u2014 Dzisiaj b\u0119d\u0119 m\u00f3wi\u0142 o za\u0142amaniu si\u0119 porz\u0105dku \u015bwiatowego, ko\u0144cu przyjemnej fikcji i pocz\u0105tku surowej rzeczywisto\u015bci \u2014 powiedzia\u0142 swoim wci\u0105\u017c nieco niepewnym francuskim, po czym powr\u00f3ci\u0142 do angielskiego.<\/p>\n<p>W ci\u0105gu nieca\u0142ych 20 minut Carney opisa\u0142, jak postrzega miejsce Kanady i Europy w tej &#8222;surowej rzeczywisto\u015bci&#8221;, kt\u00f3ra oznacza koniec opartego na zasadach porz\u0105dku mi\u0119dzynarodowego i nie zak\u0142ada ju\u017c ochrony ze strony Stan\u00f3w Zjednoczonych ani \u017cadnego innego mocarstwa lub instytucji.<\/p>\n<p> <img decoding=\"async\" src=\"https:\/\/www.europesays.com\/pl\/wp-content\/uploads\/2026\/02\/Hrsk9lBaHR0cHM6Ly9vY2RuLmV1L3B1bHNjbXMvTURBXy9kOTUzOTFhZGNlNTVjMWVlZDVmM2FlNDRjOTI3OGEzZi5qcGeRlQLNB.jpeg\" height=\"627\" width=\"940\" alt=\"Premier Kanady Mark Carney wyg\u0142aszaj\u0105cy przem\u00f3wienie podczas \u015awiatowego Forum Ekonomicznego w Davos, Szwajcaria, 20 stycznia 2026 r.\" loading=\"lazy\" class=\"ods-c-image__img ods-c-image__img--viewport-width\"\/> <\/p>\n<p>Premier Kanady Mark Carney wyg\u0142aszaj\u0105cy przem\u00f3wienie podczas \u015awiatowego Forum Ekonomicznego w Davos, Szwajcaria, 20 stycznia 2026 r.GIAN EHRENZELLER \/ PAP<\/p>\n<p>\u2014 Nie polegamy ju\u017c tylko na sile naszych warto\u015bci, ale tak\u017ce na warto\u015bci naszej si\u0142y \u2014 kontynuowa\u0142. \u2014 W kwestii suwerenno\u015bci Arktyki stanowczo popieramy Grenlandi\u0119 i Dani\u0119 i w pe\u0142ni popieramy ich wyj\u0105tkowe prawo do decydowania o przysz\u0142o\u015bci Grenlandii.<\/p>\n<p><a href=\"https:\/\/wiadomosci.onet.pl\/swiat\/mocne-przemowienie-premiera-kanady-dawny-porzadek-swiata-sie-zalamuje\/s88x8b9\" id=\"b81da9e3-0b23-4e54-a839-91d21e18d685\" rel=\"nofollow noopener\" target=\"_blank\">Jego przem\u00f3wienie by\u0142o pocz\u0105tkiem tego, co ju\u017c nazywa si\u0119 doktryn\u0105 Carney&#8217;a<\/a>: kreatywnej, koalicyjnej zagranicznej si\u0142y, kt\u00f3ra mo\u017ce zapewni\u0107 sobie miejsce przy stole obok takich pot\u0119g jak Stany Zjednoczone, Rosja i Chiny. <a href=\"https:\/\/www.onet.pl\/styl-zycia\/iwona-zielinska-sasiada\/francja-i-kanada-otwieraja-konsulaty-w-grenlandii-po-grozbach-trumpa-na-pierwszy-rzut\/nj1kwz2,30bc1058\" id=\"1e7d900e-f77b-49e3-af76-cccb2fedf521\" rel=\"nofollow noopener\" target=\"_blank\">W pi\u0105tek na Grenlandii Kanada dos\u0142ownie zatkn\u0119\u0142a swoj\u0105 flag\u0119<\/a>, w\u0142\u0105czaj\u0105c si\u0119 w geopolityczn\u0105 walk\u0119 o Arktyk\u0119.   <\/p>\n<p>W najbli\u017cszy weekend Kanada zamierza podj\u0105\u0107 drugi krok w tym kierunku, kiedy Carney podpisze umow\u0119 o wsp\u00f3\u0142pracy obronnej z Dani\u0105 podczas Konferencji Bezpiecze\u0144stwa w Monachium. Umowa ta b\u0119dzie obejmowa\u0142a wsp\u00f3\u0142prac\u0119 w Grenlandii, Arktyce i &#8222;wschodniej flance NATO&#8221; \u2014 poinformowa\u0142 we wtorek anonimowo wysoki rang\u0105 urz\u0119dnik kanadyjskiego rz\u0105du.<\/p>\n<p>Arktyka od pocz\u0105tku by\u0142a kluczowa dla Carney&#8217;a, kt\u00f3ry uzna\u0142 j\u0105 za g\u0142\u00f3wny priorytet polityki zagranicznej, gdy <a href=\"https:\/\/wiadomosci.onet.pl\/swiat\/nowy-premier-kanady-grzmi-nigdy-nie-ustapimy-przed-grozbami-trumpa\/ml1xhpw\" id=\"541ef93e-8553-4422-971a-ab386426524d\" rel=\"nofollow noopener\" target=\"_blank\">w marcu 2025 r. zast\u0105pi\u0142 Justina Trudeau na stanowisku lidera Partii Liberalnej i premiera<\/a>. Carney pojecha\u0142 do Iqaluit, po\u0142o\u017conego na kanadyjskim terytorium Nunavut, zachodniego s\u0105siada Grenlandii po drugiej stronie Cie\u015bniny Davisa, po wizytach w Wielkiej Brytanii i Francji podczas tej samej podr\u00f3\u017cy w marcu 2025 r.<\/p>\n<p>\u2014 Kanada jest silna, gdy uznajemy rdzennych mieszka\u0144c\u00f3w za pierwotnych zarz\u0105dc\u00f3w tej ziemi \u2014 powiedzia\u0142 wtedy Carney.<\/p>\n<p>Cztery miesi\u0105ce wcze\u015bniej Kanada og\u0142osi\u0142a plan otwarcia konsulatu na Grenlandii, a tak\u017ce kolejnego w Anchorage na Alasce, w ramach nowej polityki zagranicznej skoncentrowanej na Arktyce \u2014 co minister spraw zagranicznych Anita Anand zaznaczy\u0142a podczas pobytu w Nuuk w zesz\u0142ym tygodniu.<\/p>\n<p>\u2014 Podkre\u015blam, \u017ce otwarcie tego konsulatu od pewnego czasu by\u0142o cz\u0119\u015bci\u0105 naszych zamierze\u0144 w ramach polityki zagranicznej dotycz\u0105cej Arktyki \u2014 powiedzia\u0142a. Anand przyzna\u0142a jednak, \u017ce w tej chwili posuni\u0119cie to ma r\u00f3wnie\u017c na celu pokazanie, \u017ce Kanada mo\u017ce odegra\u0107 rol\u0119 w obronie warto\u015bci i suwerenno\u015bci Grenlandii. \u2014 Jest to r\u00f3wnie\u017c wyraz wsparcia dla mieszka\u0144c\u00f3w Grenlandii w okresie ich d\u0142ugiej historii, w kt\u00f3rym odczuwaj\u0105 niepok\u00f3j i obawy.<\/p>\n<p> <img decoding=\"async\" src=\"https:\/\/www.europesays.com\/pl\/wp-content\/uploads\/2026\/02\/_Lzk9lBaHR0cHM6Ly9vY2RuLmV1L3B1bHNjbXMvTURBXy81NzFiYjE5ZTFlMzA4MjUzZWI4MDlmY2FhMDc2MGM0OC5qcGeRlQLNB.jpeg\" height=\"705\" width=\"940\" alt=\"Budynek, w kt\u00f3rym mie\u015bci si\u0119 konsulat Kanady na Grenlandii, 6 lutego 2026 r.\" loading=\"lazy\" class=\"ods-c-image__img ods-c-image__img--viewport-width\"\/> <\/p>\n<p>Budynek, w kt\u00f3rym mie\u015bci si\u0119 konsulat Kanady na Grenlandii, 6 lutego 2026 r.\u0179r\u00f3d\u0142o: Politico \/ Mike Blanchfield<\/p>\n<p> Ludno\u015b\u0107 Nuuk sk\u0142ada si\u0119 w du\u017cej mierze z Du\u0144czyk\u00f3w lub os\u00f3b o mieszanym pochodzeniu du\u0144sko-rdzennym. <a href=\"https:\/\/wiadomosci.onet.pl\/swiat\/to-nasza-najsilniejsza-bron-tak-grenlandia-chce-sie-bronic-przed-trumpem\/q3y5wkz\" id=\"5e9c79e0-1e80-430a-9556-7bf41c8b95bf\" rel=\"nofollow noopener\" target=\"_blank\">Sama Dania ma z\u0142o\u017cone relacje z t\u0105 du\u017c\u0105 arktyczn\u0105 wysp\u0105<\/a>. Jesieni\u0105 2025 r. Kopenhaga przeprosi\u0142a za przymusow\u0105 sterylizacj\u0119 rdzennych mieszka\u0144c\u00f3w Grenlandii w po\u0142owie XX w., kt\u00f3ra by\u0142a cz\u0119\u015bci\u0105 d\u0142ugiej historii dyskryminacji.   <\/p>\n<p>Jednak w obliczu obaw o suwerenno\u015b\u0107 spowodowanych ci\u0105g\u0142ymi gro\u017abami ze strony Stan\u00f3w Zjednoczonych w trakcie drugiej kadencji Trumpa, Kanada traktuje ten napi\u0119ty okres jako szans\u0119 na zaznaczenie swojej obecno\u015bci na arenie mi\u0119dzynarodowej i zbudowanie mi\u0119dzykontynentalnych sojuszy z Dani\u0105, wynikaj\u0105cych ze wsp\u00f3lnej historii rdzennej ludno\u015bci Grenlandii i wsp\u00f3lnych obaw dotycz\u0105cych nadmiernej ingerencji Stan\u00f3w Zjednoczonych w Arktyce.<\/p>\n<p>\u2014 W przesz\u0142o\u015bci wygl\u0105da\u0142o na to, \u017ce Kanada pozostawia\u0142a Stanom Zjednoczonym inicjatyw\u0119 w kwestii Grenlandii \u2014 m\u00f3wi Rebecca Pincus, starsza pracownica naukowa w Instytucie Bada\u0144 nad Polityk\u0105 Zagraniczn\u0105 i ekspertka ds. Arktyki. \u2014 Uwa\u017cam, \u017ce [otwarcie konsulatu] jest naprawd\u0119 przekonuj\u0105cym sygna\u0142em, \u017ce Kanada mo\u017ce wypracowywa\u0107 nieco bardziej niezale\u017cne podej\u015bcie do Grenlandii \u2014 dodaje.<\/p>\n<p>W Nuuk grenlandzcy urz\u0119dnicy \u015bwi\u0119tuj\u0105 otwarcie konsulatu Kanady jako znak przyja\u017ani, kt\u00f3ra mo\u017ce wzmocni\u0107 zdolno\u015b\u0107 terytorium do odpierania atak\u00f3w z zewn\u0105trz. Minister spraw zagranicznych Grenlandii Vivian Motzfeldt powiedzia\u0142a, \u017ce nowy konsulat Kanady jest przyk\u0142adem &#8222;rosn\u0105cej wi\u0119zi mi\u0119dzy Grenlandi\u0105 a Kanad\u0105&#8221;, przemawiaj\u0105c podczas przyj\u0119cia, w kt\u00f3rym uczestniczyli Anand, pierwsza w historii Kanady rdzenna gubernator generalna Mary Simon, ponad 100 rdzennych mieszka\u0144c\u00f3w z Kanady oraz dyplomaci z Danii i Francji.<\/p>\n<p>\u2014 W szczeg\u00f3lno\u015bci chcia\u0142abym podzi\u0119kowa\u0107 Kanadzie za bycie niez\u0142omnym przyjacielem i zwolennikiem Grenlandii, zw\u0142aszcza w trudnych czasach. Wasze niezachwiane wsparcie jest g\u0142\u0119boko doceniane \u2014 powiedzia\u0142a Motzfeldt.<\/p>\n<p> <img decoding=\"async\" src=\"https:\/\/www.europesays.com\/pl\/wp-content\/uploads\/2026\/02\/w3Ik9lBaHR0cHM6Ly9vY2RuLmV1L3B1bHNjbXMvTURBXy85MTdkZTNhMWM2NGVlYzBmMDNlZjkxZmEwM2JmNjM3My5qcGeRlQLNB.jpeg\" height=\"627\" width=\"940\" alt=\"Od lewej: minister spraw zagranicznych Grenlandii Vivian Motzfeldt, minister spraw zagranicznych Kanady Anita Anand i minister spraw zagranicznych Danii Lars Loekke Rasmussen przed nowo otwartym konsulatem w Nuuk, Grenlandia, 7 lutego 2026 r.\" loading=\"lazy\" class=\"ods-c-image__img ods-c-image__img--viewport-width\"\/> <\/p>\n<p>Od lewej: minister spraw zagranicznych Grenlandii Vivian Motzfeldt, minister spraw zagranicznych Kanady Anita Anand i minister spraw zagranicznych Danii Lars Loekke Rasmussen przed nowo otwartym konsulatem w Nuuk, Grenlandia, 7 lutego 2026 r.Ida Marie Odgaard \/ PAP<\/p>\n<p>Jakob Faerch, konsultant z Kopenhagi pracuj\u0105cy w Nuuk, powiedzia\u0142, \u017ce otwarcie nowego konsulatu kanadyjskiego, w tym obecno\u015b\u0107 Simon, przedstawicielki kr\u00f3la Karola III w Kanadzie, stanowi kontynuacj\u0119 dynamiki wizyty prezydenta Francji Emmanuela Macrona w grudniu.<\/p>\n<p>\u2014 Pozytywne komentarze p\u0142yn\u0105ce z Kanady&#8230; faktycznie r\u00f3wnie\u017c przyczyniaj\u0105 si\u0119 do pozytywnych zmian \u2014 powiedzia\u0142 Faerch.<\/p>\n<p>**<\/p>\n<p>Europejczycy pracuj\u0105cy i mieszkaj\u0105cy w Grenlandii \u2014 a tak\u017ce wielu mieszka\u0144c\u00f3w \u2014 postrzegaj\u0105 Kanad\u0119 jako potencjaln\u0105 drog\u0119 do odparcia presji ze strony Stan\u00f3w Zjednoczonych. Trump interesowa\u0142 si\u0119 Grenlandi\u0105 od czasu swojej pierwszej kadencji; w 2019 r. zaproponowa\u0142 zakup wyspy od Danii, co doprowadzi\u0142o do kr\u00f3tkiego sporu z du\u0144sk\u0105 premier Mette Frederiksen i odwo\u0142ania wizyty pa\u0144stwowej Stan\u00f3w Zjednoczonych w Danii.<\/p>\n<p>W ostatnim roku zacz\u0105\u0142 jednak zwi\u0119ksza\u0107 presj\u0119. Wynika to w du\u017cej mierze z rosn\u0105cego znaczenia Arktyki w polityce mi\u0119dzynarodowej. Posiadanie lub kontrolowanie Grenlandii pomog\u0142oby Stanom Zjednoczonym uzyska\u0107 wi\u0119ksz\u0105 kontrol\u0119 nad Przej\u015bciem P\u00f3\u0142nocno-Zachodnim i innymi transarktycznymi szlakami handlowymi, umo\u017cliwi\u0142oby budow\u0119 wi\u0119kszej liczby baz wojskowych na wyspie oraz kontrol\u0119 nad potencjalnymi zasobami minera\u0142\u00f3w ziem rzadkich, kt\u00f3re oferuje to terytorium. Ocieplenie regionu spowodowa\u0142o r\u00f3wnie\u017c otwarcie szlak\u00f3w, kt\u00f3re wcze\u015bniej nie mog\u0142y by\u0107 bezpiecznie pokonywane przez statki. W czasie, gdy <a href=\"https:\/\/wiadomosci.onet.pl\/swiat\/druga-flota-cieni-putina-potezny-sasiad-rosji-otworzyl-jej-drzwi-do-wzbogacenia-sie\/j8nkpx8\" id=\"79fea5e0-ccb9-4a79-80d3-9e0e2597f998\" rel=\"nofollow noopener\" target=\"_blank\">Rosja i Chiny r\u00f3wnie\u017c wykazuj\u0105 ponowne zainteresowanie Arktyk\u0105<\/a>, administracja Trumpa zaproponowa\u0142a r\u00f3\u017cne umowy dotycz\u0105ce tego terytorium.   <\/p>\n<p>\u2014 Nowa wielka gra XXI w. b\u0119dzie toczy\u0107 si\u0119 w Arktyce \u2014 powiedzia\u0142 by\u0142y doradca Trumpa Steve Bannon w zesz\u0142ym roku. \u2014 Ju\u017c teraz trwa wielka walka o w\u0142adz\u0119 mi\u0119dzy Komunistyczn\u0105 Parti\u0105 Chin a Rosjanami&#8230; Najwi\u0119ksz\u0105 s\u0142abo\u015bci\u0105 [Stan\u00f3w Zjednoczonych] jest obecnie Arktyka \u2014 doda\u0142.<\/p>\n<p>Nick Solheim, wsp\u00f3\u0142za\u0142o\u017cyciel <a rel=\"nofollow noopener\" href=\"https:\/\/www.politico.com\/news\/magazine\/2023\/11\/03\/american-moment-conservative-00124178\" id=\"e7723fd4-fd9f-4494-996b-c337ecf4227b\" target=\"_blank\">konserwatywnego think tanku American Moment<\/a> i ekspert ds. Grenlandii maj\u0105cy g\u0142\u0119bokie powi\u0105zania z Bia\u0142ym Domem, swoje zainteresowanie tym regionem datuje od 2016 r., kiedy to odwiedzi\u0142 irlandzki pub The Drunk Rabbit (ang. Pijany kr\u00f3lik) w Rejkjawiku na Islandii. Podczas pobytu w tym miejscu, gdzie Solheim prowadzi\u0142 wycieczki po regionie, spotka\u0142 kilku cz\u0142onk\u00f3w islandzkiego parlamentu i korpusu dyplomatycznego i &#8222;zainteresowa\u0142 si\u0119&#8221; polityk\u0105 arktyczn\u0105.<\/p>\n<p>Od tego czasu wielokrotnie odwiedza\u0142 Grenlandi\u0119, w tym odleg\u0142e wioski rybackie licz\u0105ce zaledwie oko\u0142o 100 mieszka\u0144c\u00f3w, i opowiada si\u0119 za tym, aby Stany Zjednoczone zarz\u0105dza\u0142y Grenlandi\u0105 w ramach porozumienia o wolnym stowarzyszeniu w celu zwalczania Chin, podobnie jak w przypadku stosunk\u00f3w Ameryki z Palau lub Mikronezj\u0105. Ameryka udziela im pomocy gospodarczej, a oni zezwalaj\u0105 na wy\u0142\u0105czny dost\u0119p wojskowy oraz na pobyt i prac\u0119 obywateli ameryka\u0144skich bez wiz.<\/p>\n<p>\u2014 Mamy geopolitycznego przeciwnika [w Chinach], kt\u00f3ry jest bardzo zainteresowany inwestycjami w infrastruktur\u0119 tu\u017c przy wybrze\u017cach Stan\u00f3w Zjednoczonych, a to dla nas czerwona linia \u2014 powiedzia\u0142 Solheim.<\/p>\n<p>W burzliwym okresie mi\u0119dzy dawnymi sojusznikami wp\u0142yw Kanady w regionie mo\u017ce wydawa\u0107 si\u0119 podobnym problemem dla Solheima. W rzeczywisto\u015bci jednak w wi\u0119kszo\u015bci przypadk\u00f3w z zadowoleniem przyjmuje ich zaanga\u017cowanie.<\/p>\n<p>\u2014 [Zwi\u0119kszone zainteresowanie Grenlandi\u0105] jest oczywistym skutkiem przem\u00f3wienia Carney&#8217;a w Davos \u2014 m\u00f3wi. \u2014 O ile nie pr\u00f3buj\u0105 sabotowa\u0107 stosunk\u00f3w Stan\u00f3w Zjednoczonych z Grenlandi\u0105, przyjmuj\u0119 to z zadowoleniem. Dla ka\u017cdego studenta historii jest oczywiste, \u017ce rdzenni mieszka\u0144cy Grenlandii maj\u0105 znacznie bli\u017csze relacje kulturowe z rdzennymi mieszka\u0144cami Kanady i Stan\u00f3w Zjednoczonych ni\u017c z mieszka\u0144cami Danii \u2014 wyja\u015bnia.<\/p>\n<p>Solheim zachowuje swoj\u0105 z\u0142o\u015b\u0107 dla Du\u0144czyk\u00f3w i nazywa ich niech\u0119\u0107 do podj\u0119cia dyskusji na temat w\u0142asno\u015bci terytorium &#8222;s\u0142abo\u015bci\u0105 w sztuce rz\u0105dzenia&#8221;.<\/p>\n<p> <img decoding=\"async\" src=\"https:\/\/www.europesays.com\/pl\/wp-content\/uploads\/2026\/02\/dIak9lBaHR0cHM6Ly9vY2RuLmV1L3B1bHNjbXMvTURBXy8zZmUzOWYzMDM0YzQ0Mjk4YzBlNjIzMTYwMTYxNDM5Mi5qcGeRlQLNB.jpeg\" height=\"629\" width=\"940\" alt=\"Zorza polarna nad Nuuk, Grenlandia, 27 stycznia 2026 r.\" loading=\"lazy\" class=\"ods-c-image__img ods-c-image__img--viewport-width\"\/> <\/p>\n<p>Zorza polarna nad Nuuk, Grenlandia, 27 stycznia 2026 r.Ben Birchall \/ PAP<\/p>\n<p>Na Grenlandii geopolityka r\u00f3wnie\u017c jest na pierwszym planie dla rdzennej ludno\u015bci Inuit\u00f3w. Komplikuj\u0105c tez\u0119 Solheima, kanadyjscy przyw\u00f3dcy Inuit\u00f3w postrzegaj\u0105 swoj\u0105 obecno\u015b\u0107 na Grenlandii jako potencjalne wsparcie przeciwko Stanom Zjednoczonym, a tak\u017ce Chinom i Rosji.<\/p>\n<p>Natan Obed, prezes Inuit Tapiriit Kanatami \u2014 organizacji reprezentuj\u0105cej ludno\u015b\u0107 Inuit\u00f3w w Kanadzie \u2014 powiedzia\u0142 to samo w przem\u00f3wieniu wyg\u0142oszonym w pi\u0105tek wieczorem w Nuuk podczas tego samego przyj\u0119cia, na kt\u00f3rym przemawia\u0142a Motzfeldt, minister spraw zagranicznych Grenlandii.<\/p>\n<p>Na scenie Obed rzuci\u0142 mimochodem uwag\u0119 na niekt\u00f3re filozoficzne podstawy zainteresowania Trumpa terytorium arktycznym, a konkretnie &#8222;star\u0105 ide\u0119, \u017ce trzeba wykorzystywa\u0107 ziemi\u0119 w okre\u015blony spos\u00f3b, kt\u00f3ry zaspokaja interesy kapitalist\u00f3w&#8221;.<\/p>\n<p>Potwierdzi\u0142 to, parafrazuj\u0105c wypowied\u017a Carney&#8217;a z Davos.<\/p>\n<blockquote class=\"ods-o-quote\">\n<p class=\"ods-o-quote__paragraph\">By\u0107 mo\u017ce nie b\u0119dziemy ju\u017c d\u0142ugo \u017cy\u0107 w czasach, w kt\u00f3rych mo\u017cemy liczy\u0107 na Stany Zjednoczone, NATO lub inne mechanizmy, nad kt\u00f3rymi pracowali\u015bmy przez ponad 50 lat, ale wiemy, \u017ce na \u015bwiecie s\u0105 dziesi\u0105tki, je\u015bli nie setki kraj\u00f3w, kt\u00f3re w tej chwili okaza\u0142yby nam solidarno\u015b\u0107<\/p>\n<\/blockquote>\n<p>\u2014 powiedzia\u0142 Obed, wywo\u0142uj\u0105c aplauz.<\/p>\n<p>**<\/p>\n<p>Wystarczy przej\u015b\u0107 si\u0119 po centrach handlowych i kawiarniach w Nuuk, zw\u0142aszcza z notatnikiem w r\u0119ku, aby dostrzec ten sam charakterystyczny wyraz twarzy \u2014 wymuszony u\u015bmiech, kt\u00f3ry zdradza wi\u0119cej ni\u017c tylko \u015blad b\u00f3lu i dyskomfortu spowodowanego kolejnym pytaniem osoby z zewn\u0105trz o wp\u0142yw retoryki Trumpa na Grenlandi\u0119.<\/p>\n<p>W stolicy Grenlandii ostatni rok przyni\u00f3s\u0142 seri\u0119 niepokoj\u0105cych o\u015bwiadcze\u0144 zagranicznych przyw\u00f3dc\u00f3w, kt\u00f3re nagle dotyczy\u0142y mieszka\u0144c\u00f3w. Jednak wielka geopolityka to co\u015b wi\u0119cej ni\u017c tylko teorie, o kt\u00f3rych czytaj\u0105 na swoich telefonach mieszka\u0144cy; przynios\u0142a ona dziwne zmiany w krajobrazie, nowe flagi w stolicy, nowych ludzi na miejscu, a nawet nowe sposoby czerpania zysk\u00f3w z czujnego oka wielkich mocarstw zwr\u00f3conego w ich stron\u0119.<\/p>\n<p>\u2014 Wszyscy Amerykanie [zainteresowani t\u0105 spraw\u0105] rzucili si\u0119 do Nuuk. Wszystko, co s\u0142ysz\u0119 od moich grenlandzkich przyjaci\u00f3\u0142, to: &#8222;Mamy was do\u015b\u0107&#8221; \u2014 m\u00f3wi Pincus.<\/p>\n<p> <img decoding=\"async\" src=\"https:\/\/www.europesays.com\/pl\/wp-content\/uploads\/2026\/02\/eNYk9lBaHR0cHM6Ly9vY2RuLmV1L3B1bHNjbXMvTURBXy8wYjJhMDNmMDlmMWFkMzU2MjYyZTI1ODRhZmQ0MmY1ZC5qcGeRlQLNB.jpeg\" height=\"627\" width=\"940\" alt=\"Demonstracji przed konsulatem USA w Nuuk na Grenlandii 15 marca 2025 r.\" loading=\"lazy\" class=\"ods-c-image__img ods-c-image__img--viewport-width\"\/> <\/p>\n<p>Demonstracji przed konsulatem USA w Nuuk na Grenlandii 15 marca 2025 r.CHRISTIAN KLINDT SOELBECK \/ PAP<\/p>\n<p>A dotarcie tam staje si\u0119 coraz \u0142atwiejsze; w 2025 r. linie lotnicze United Airlines rozpocz\u0119\u0142y oferowanie bezpo\u015brednich, sezonowych po\u0142\u0105cze\u0144 mi\u0119dzy lotniskiem Newark w New Jersey a Nuuk.<\/p>\n<p>Zainteresowanie dyplomat\u00f3w i medi\u00f3w sprawi\u0142o, \u017ce to ma\u0142e, pokryte lodem miasteczko sta\u0142o si\u0119 nieoczekiwanym magnesem przyci\u0105gaj\u0105cym prowokator\u00f3w. Du\u0144ski protestuj\u0105cy niedawno uderzy\u0142 Kanadyjczyka udaj\u0105cego Trumpa, Marka Critcha, za pojawienie si\u0119 przed konsulatem USA. Niemiecki komik Maxi Schafroth wpad\u0142 w k\u0142opoty, pr\u00f3buj\u0105c zatkn\u0105\u0107 ameryka\u0144sk\u0105 flag\u0119 w stolicy Grenlandii.<\/p>\n<p>&#8222;Ekonomia uwagi&#8221; dotar\u0142a do Arktyki.<\/p>\n<p>Dla lokalnej mieszkanki Rii Hornum nie jest to wcale takie z\u0142e. Hornum jest wsp\u00f3\u0142za\u0142o\u017cycielk\u0105 Matas Nuuk, butiku przypominaj\u0105cego nieco ameryka\u0144sk\u0105 sie\u0107 Walgreens, z p\u00f3\u0142kami pe\u0142nymi lek\u00f3w, kosmetyk\u00f3w, odzie\u017cy \u2014 a teraz tak\u017ce dw\u00f3ch wersji charakterystycznej, popularnej w sieci czapki baseballowej z napisem &#8222;anty-MAGA&#8221;.<\/p>\n<p>    <img decoding=\"async\" src=\"https:\/\/www.europesays.com\/pl\/wp-content\/uploads\/2026\/02\/gDMk9lBaHR0cHM6Ly9vY2RuLmV1L3B1bHNjbXMvTURBXy8wYzRlOGY2M2FmZWVmZGMzYTI5NzFhOWZkNDRkNDJkZi5qcGeRlQLNB.jpeg\" height=\"457\" width=\"609\" alt=\"Ria Hornum w butiku Matas Nuuk\" loading=\"lazy\" class=\"ods-c-image__img ods-c-image__img--viewport-width\"\/> <\/p>\n<p>Ria Hornum w butiku Matas Nuuk\u0179r\u00f3d\u0142o: Politico \/ Mike Blanchfield<\/p>\n<p>64-letnia Hornum od 30 stycznia sprzeda\u0142a 180 czapek. Kosztuj\u0105 oko\u0142o 25 dol. (oko\u0142o 90 z\u0142) za sztuk\u0119. Hornum, kt\u00f3ra mieszka w Nuuk od zawsze, m\u00f3wi, \u017ce cieszy si\u0119 z dodatkowego dochodu, ale uwaga skupiona na jej spo\u0142eczno\u015bci ma negatywny wp\u0142yw na jej psychik\u0119.<\/p>\n<p>\u2014 Skoro tak si\u0119 nami interesujecie, mo\u017cecie nas wesprze\u0107. [Ale] oczywi\u015bcie jestem te\u017c tym troch\u0119 zm\u0119czona \u2014 komentuje.<\/p>\n<p>I tak oto pot\u0119\u017cna i z\u0142o\u017cona geopolityka tego miejsca znalaz\u0142a odzwierciedlenie w lokalnej sprzeda\u017cy czapek.<\/p>\n<p>Podobnie jak w przypadku sprzeda\u017cy kanadyjskich flag na pocz\u0105tku ubieg\u0142ego roku, Trump w po\u015bredni spos\u00f3b pobudza dum\u0119 narodow\u0105, a co za tym idzie zainteresowanie i sprzeda\u017c zwi\u0105zanych z tym produkt\u00f3w. Skupienie \u015bwiata na tym ma\u0142ym miasteczku wci\u0105\u017c trwa, nawet je\u015bli mieszka\u0144cy chcieliby zamieni\u0107 czapki na troch\u0119 spokoju i ciszy.<\/p>\n<p>Tymczasem dzia\u0142ania Kanady wobec Grenlandii mog\u0105 sta\u0107 si\u0119 pocz\u0105tkiem pr\u00f3b budowania przez ten kraj w\u0142asnej mi\u0119dzynarodowej wiarygodno\u015bci i wyrwania si\u0119 z cienia Trumpa.<\/p>\n","protected":false},"excerpt":{"rendered":"Na szczycie wysokiego bia\u0142ego masztu, kt\u00f3ry przy\u0107miewa male\u0144k\u0105 czerwon\u0105 chat\u0119 na skraju pokrytego \u015bniegiem zachodniego wybrze\u017ca Grenlandii, na&hellip;\n","protected":false},"author":2,"featured_media":254612,"comment_status":"","ping_status":"","sticky":false,"template":"","format":"standard","meta":{"footnotes":"","_share_on_mastodon":"0"},"categories":[14],"tags":[2649,56,32,33,2787,9796,27,193,34,35,10875,28,31,48,25,46,40,41,47,80,29,30,26,82,83,84],"class_list":["post-254611","post","type-post","status-publish","format-standard","has-post-thumbnail","category-swiat","tag-arktyka","tag-article_premium","tag-breaking-news","tag-breakingnews","tag-dania","tag-grenlandia","tag-headlines","tag-kanada","tag-latest-news","tag-latestnews","tag-mark_carney","tag-naglowki","tag-najwazniejsze-artykuly","tag-nat_styl","tag-news","tag-omp","tag-polish","tag-polski","tag-screening_general","tag-swiat","tag-top-stories","tag-topstories","tag-wiadomosci","tag-world","tag-world-news","tag-worldnews"],"share_on_mastodon":{"url":"https:\/\/pubeurope.com\/@pl\/116053735104982487","error":""},"_links":{"self":[{"href":"https:\/\/www.europesays.com\/pl\/wp-json\/wp\/v2\/posts\/254611","targetHints":{"allow":["GET"]}}],"collection":[{"href":"https:\/\/www.europesays.com\/pl\/wp-json\/wp\/v2\/posts"}],"about":[{"href":"https:\/\/www.europesays.com\/pl\/wp-json\/wp\/v2\/types\/post"}],"author":[{"embeddable":true,"href":"https:\/\/www.europesays.com\/pl\/wp-json\/wp\/v2\/users\/2"}],"replies":[{"embeddable":true,"href":"https:\/\/www.europesays.com\/pl\/wp-json\/wp\/v2\/comments?post=254611"}],"version-history":[{"count":0,"href":"https:\/\/www.europesays.com\/pl\/wp-json\/wp\/v2\/posts\/254611\/revisions"}],"wp:featuredmedia":[{"embeddable":true,"href":"https:\/\/www.europesays.com\/pl\/wp-json\/wp\/v2\/media\/254612"}],"wp:attachment":[{"href":"https:\/\/www.europesays.com\/pl\/wp-json\/wp\/v2\/media?parent=254611"}],"wp:term":[{"taxonomy":"category","embeddable":true,"href":"https:\/\/www.europesays.com\/pl\/wp-json\/wp\/v2\/categories?post=254611"},{"taxonomy":"post_tag","embeddable":true,"href":"https:\/\/www.europesays.com\/pl\/wp-json\/wp\/v2\/tags?post=254611"}],"curies":[{"name":"wp","href":"https:\/\/api.w.org\/{rel}","templated":true}]}}