{"id":254670,"date":"2026-02-11T20:28:07","date_gmt":"2026-02-11T20:28:07","guid":{"rendered":"https:\/\/www.europesays.com\/pl\/254670\/"},"modified":"2026-02-11T20:28:07","modified_gmt":"2026-02-11T20:28:07","slug":"katarzyna-zillmann-i-janja-lesar-skradly-show-w-teledysku-najgoretsza-para-w-polsce","status":"publish","type":"post","link":"https:\/\/www.europesays.com\/pl\/254670\/","title":{"rendered":"Katarzyna Zillmann i Janja Lesar skrad\u0142y show w teledysku. &#8222;Najgor\u0119tsza para w Polsce&#8221;"},"content":{"rendered":"<p class=\"Paragraph_desktopParagraph__U31Gm\">Katarzyna Zillmann i Janja Lesar zwr\u00f3ci\u0142y na siebie szczeg\u00f3ln\u0105 uwag\u0119, wyst\u0119puj\u0105c w ostatniej edycji &#8222;Ta\u0144ca z gwiazdami&#8221;. Uczestniczki show utrzyma\u0142y kontakt tak\u017ce po zako\u0144czeniu sezonu i zapowiada\u0142y wiele wsp\u00f3lnych projekt\u00f3w. Tymczasem internauci nieustannie spekulowali na temat ich relacji.<\/p>\n<blockquote>\n<p class=\"Paragraph_desktopParagraph__U31Gm\">My\u015bl\u0119, \u017ce jeste\u015bmy par\u0105 w jakim\u015b sensie. Wiesz, kiedy z kim\u015b przebywasz tyle czasu, to masz wsp\u00f3lne plany, robisz wsp\u00f3lne projekty i widzisz wsp\u00f3ln\u0105 przysz\u0142o\u015b\u0107. Dok\u0142adnie, to mo\u017cna nazwa\u0107 zwi\u0105zkiem<\/p>\n<\/blockquote>\n<p class=\"Paragraph_desktopParagraph__U31Gm\">\u2014 powiedzia\u0142a Janja Lesar w rozmowie z viva.pl.<\/p>\n<ul class=\"OchatFollowUps_wrapper__1ry7X\">\n<li class=\"OchatFollowUps_item__Dhyly OchatFollowUps_itemDesktop__R6aBv\">W jakim teledysku wyst\u0105pi\u0142y Katarzyna Zillmann i Janja Lesar?<\/li>\n<li class=\"OchatFollowUps_item__Dhyly OchatFollowUps_itemDesktop__R6aBv\">Jakie by\u0142y reakcje internaut\u00f3w na wyst\u0119p Zillmann i Lesar?<\/li>\n<li class=\"OchatFollowUps_item__Dhyly OchatFollowUps_itemDesktop__R6aBv\">Co powiedzia\u0142a Janja Lesar na temat jej relacji z Katarzyn\u0105 Zillmann?<\/li>\n<li class=\"OchatFollowUps_item__Dhyly OchatFollowUps_itemDesktop__R6aBv\">Kto jeszcze wyst\u0105pi\u0142 w teledysku do piosenki 'Nie, nie mi\u0142o\u015b\u0107&#8217;?<\/li>\n<\/ul>\n<p>Katarzyna Zillmann i Janja Lesar skrad\u0142y show w teledysku. &#8222;Najgor\u0119tsza para w Polsce&#8221; <\/p>\n<p class=\"Paragraph_desktopParagraph__U31Gm\">W \u015brodowy wiecz\u00f3r odby\u0142a si\u0119 premiera teledysku do piosenki &#8222;Nie, nie mi\u0142o\u015b\u0107&#8221; Ady Fija\u0142, w kt\u00f3rym wyst\u0105pi\u0142a wio\u015blarka z tancerk\u0105. Ju\u017c wcze\u015bniej artystka <a href=\"https:\/\/plejada.pl\/newsy\/katarzyna-zillmann-i-janja-lesar-w-namietnym-pocalunku-goraco-sie-zrobilo\/0cr4p18\" id=\"06e95590-a704-4425-8b4e-5d1fa6439bfa\" rel=\"nofollow noopener\" target=\"_blank\">zapowiada\u0142a nagranie z udzia\u0142em gwiazd, wywo\u0142uj\u0105c liczne reakcje.<\/a><\/p>\n<p class=\"Paragraph_desktopParagraph__U31Gm\">W klipie pojawili si\u0119 tak\u017ce Milena Zdzuj, Maurycy Popiel i Kamil Szymczak, jednak to Katarzyna Zillmann i Janja Lesar skrad\u0142y show. W komentarzach mo\u017cna przeczyta\u0107 liczne wypowiedzi zachwyconych fan\u00f3w.<\/p>\n<blockquote>\n<p class=\"Paragraph_desktopParagraph__U31Gm\">Pi\u0119kno. Dzi\u0119kuj\u0119. Katarzyna i Janja&#8230; niech kto\u015b wezwie karetk\u0119<\/p>\n<\/blockquote>\n<blockquote>\n<p class=\"Paragraph_desktopParagraph__U31Gm\">Pi\u0119kna wizualnie historia! A Kasia i Janja rozwali\u0142y system<\/p>\n<\/blockquote>\n<blockquote>\n<p class=\"Paragraph_desktopParagraph__U31Gm\">Super teledysk i piosenka! Kasia i Janja najgor\u0119tsza para w Polsce <\/p>\n<\/blockquote>\n<p class=\"Paragraph_desktopParagraph__U31Gm\">&#8222;Wow. Ale ogie\u0144. A\u017c ciarki przechodz\u0105. Janja i Kasia the best [z ang \u2014 najlepsze&#8221;, &#8222;Teraz chcemy ca\u0142y z Kasi\u0105 i Janj\u0105&#8221;, &#8222;O panie, \u015bnieg si\u0119 topi&#8221;, &#8222;To jest co\u015b niesamowitego! Cudo! Utw\u00f3r, jak i teledysk s\u0105 czym\u015b magicznym&#8221; \u2014 czytamy.<\/p>\n<p class=\"Paragraph_desktopParagraph__U31Gm\">Dzi\u0119kujemy, \u017ce przeczyta\u0142a\u015b\/e\u015b nasz artyku\u0142 do ko\u0144ca. W serwisie Plejada.pl ka\u017cdego dnia piszemy o najwa\u017cniejszych wydarzeniach show-biznesowych. B\u0105d\u017a na bie\u017c\u0105co! <a rel=\"nofollow noopener\" href=\"https:\/\/profile.google.com\/cp\/Cg0vZy8xMWJ6X19wdHBx\" id=\"52f5c4a7-dabc-4d97-836a-a2c7541a984e\" target=\"_blank\">Obserwuj<\/a> Plejad\u0119 w Google. Odwied\u017a nas tak\u017ce na <a rel=\"nofollow noopener\" href=\"https:\/\/www.facebook.com\/plejadapl\" id=\"6da146ad-2a3c-491e-891a-1d779b417b36\" target=\"_blank\">Facebooku<\/a>, <a rel=\"nofollow noopener\" href=\"https:\/\/www.instagram.com\/plejadapl\/\" id=\"6367ca1c-81a3-4c17-8e31-57a88254393b\" target=\"_blank\">Instagramie<\/a>, <a rel=\"nofollow noopener\" href=\"https:\/\/www.youtube.com\/c\/plejada\" id=\"75035b3e-800b-43ff-9afb-bc249d8191e7\" target=\"_blank\">YouTubie<\/a> oraz <a rel=\"nofollow noopener\" href=\"https:\/\/www.tiktok.com\/@plejada_pl\" id=\"ef597e2c-1fd0-41c5-863a-95c1a254e0ce\" target=\"_blank\">TikToku<\/a>.<\/p>\n<p class=\"Paragraph_desktopParagraph__U31Gm\">Chcesz podzieli\u0107 si\u0119 ciekawym newsem lub zaproponowa\u0107 temat? Skontaktuj si\u0119 z nami, pisz\u0105c maila na adres: <a href=\"https:\/\/www.onet.pl\/styl-zycia\/plejada\/katarzyna-zillmann-i-janja-lesar-skradly-show-w-teledysku-najgoretsza-para-w-polsce\/mailto:plejada@redakcjaonet.pl\" id=\"72fa0207-194a-4060-a3e0-6d1fc4aa9c51\" rel=\"nofollow noopener\" target=\"_blank\">plejada@redakcjaon<\/a><a rel=\"nofollow noopener\" href=\"https:\/\/et.pl\/\" id=\"3dc01311-25ca-4e9e-aad3-fa046c61adfb\" target=\"_blank\">et.pl<\/a>.<\/p>\n<p><script async src=\"\/\/www.instagram.com\/embed.js\"><\/script><script async src=\"\/\/www.tiktok.com\/embed.js\"><\/script><\/p>\n","protected":false},"excerpt":{"rendered":"Katarzyna Zillmann i Janja Lesar zwr\u00f3ci\u0142y na siebie szczeg\u00f3ln\u0105 uwag\u0119, wyst\u0119puj\u0105c w ostatniej edycji &#8222;Ta\u0144ca z gwiazdami&#8221;. Uczestniczki&hellip;\n","protected":false},"author":2,"featured_media":254671,"comment_status":"","ping_status":"","sticky":false,"template":"","format":"standard","meta":{"footnotes":"","_share_on_mastodon":"0"},"categories":[22],"tags":[44332,244,122,67,3765,3561,53,52,68,51,55,42,38,40,39,41,123,47,196,65,50],"class_list":["post-254670","post","type-post","status-publish","format-standard","has-post-thumbnail","category-rozrywka","tag-ada_fijal","tag-ctr_tst","tag-entertainment","tag-intextvideo_splayer","tag-janja_lesar","tag-katarzyna_zillmann","tag-new_header","tag-onet3","tag-onet3d","tag-onet3d_2i","tag-phx","tag-pl","tag-poland","tag-polish","tag-polska","tag-polski","tag-rozrywka","tag-screening_general","tag-styl_zycia","tag-update_me","tag-v2021"],"share_on_mastodon":{"url":"https:\/\/pubeurope.com\/@pl\/116053888682317853","error":""},"_links":{"self":[{"href":"https:\/\/www.europesays.com\/pl\/wp-json\/wp\/v2\/posts\/254670","targetHints":{"allow":["GET"]}}],"collection":[{"href":"https:\/\/www.europesays.com\/pl\/wp-json\/wp\/v2\/posts"}],"about":[{"href":"https:\/\/www.europesays.com\/pl\/wp-json\/wp\/v2\/types\/post"}],"author":[{"embeddable":true,"href":"https:\/\/www.europesays.com\/pl\/wp-json\/wp\/v2\/users\/2"}],"replies":[{"embeddable":true,"href":"https:\/\/www.europesays.com\/pl\/wp-json\/wp\/v2\/comments?post=254670"}],"version-history":[{"count":0,"href":"https:\/\/www.europesays.com\/pl\/wp-json\/wp\/v2\/posts\/254670\/revisions"}],"wp:featuredmedia":[{"embeddable":true,"href":"https:\/\/www.europesays.com\/pl\/wp-json\/wp\/v2\/media\/254671"}],"wp:attachment":[{"href":"https:\/\/www.europesays.com\/pl\/wp-json\/wp\/v2\/media?parent=254670"}],"wp:term":[{"taxonomy":"category","embeddable":true,"href":"https:\/\/www.europesays.com\/pl\/wp-json\/wp\/v2\/categories?post=254670"},{"taxonomy":"post_tag","embeddable":true,"href":"https:\/\/www.europesays.com\/pl\/wp-json\/wp\/v2\/tags?post=254670"}],"curies":[{"name":"wp","href":"https:\/\/api.w.org\/{rel}","templated":true}]}}