{"id":254763,"date":"2026-02-11T21:48:04","date_gmt":"2026-02-11T21:48:04","guid":{"rendered":"https:\/\/www.europesays.com\/pl\/254763\/"},"modified":"2026-02-11T21:48:04","modified_gmt":"2026-02-11T21:48:04","slug":"niemcy-zdominuja-nato-niespodziewany-skutek-presji-donalda-trumpa","status":"publish","type":"post","link":"https:\/\/www.europesays.com\/pl\/254763\/","title":{"rendered":"Niemcy zdominuj\u0105 NATO? Niespodziewany skutek presji Donalda Trumpa"},"content":{"rendered":"<p>W 77 lat po powstaniu sojuszu obronnego NATO nadchodzi prze\u0142om: bezpiecze\u0144stwo w Europie staje si\u0119 coraz bardziej spraw\u0105 Europejczyk\u00f3w, a coraz mniej zadaniem Amerykan\u00f3w. \u2014 Europejczycy przejmuj\u0105 coraz wi\u0119ksz\u0105 odpowiedzialno\u015b\u0107 \u2014 podkre\u015bla wysoki rang\u0105 dyplomata NATO.<\/p>\n<p>W sojuszu m\u00f3wi si\u0119 teraz o &#8222;coraz bardziej europejskim NATO&#8221;. To nowe has\u0142o stanie si\u0119 <a href=\"https:\/\/wiadomosci.onet.pl\/politico\/goracy-tydzien-w-ue-od-tych-kilku-spotkan-moze-zalezec-jej-przyszlosc\/nsd21wv\" id=\"cd9dfa16-7b7b-4a6f-8fcf-5cd83d5cb72b\" rel=\"nofollow noopener\" target=\"_blank\">w tym tygodniu<\/a> g\u0142\u00f3wnym przes\u0142aniem w polityce bezpiecze\u0144stwa \u2014 zar\u00f3wno podczas spotkania ministr\u00f3w obrony NATO w czwartek w Brukseli, jak i na weekendowej Monachijskiej Konferencji Bezpiecze\u0144stwa.Rozw\u00f3j ten jest w du\u017cej mierze inspirowany przez administracj\u0119 prezydenta Donalda Trumpa. Zgodnie z intencjami Waszyngtonu, wyra\u017conymi <a href=\"https:\/\/wiadomosci.onet.pl\/swiat\/pentagon-wlasnie-potwierdzil-na-pismie-zerwanie-ze-starym-porzadkiem-swiatowym\/fyldg19\" id=\"ced83507-9d4d-47ca-8d7b-918797096b41\" rel=\"nofollow noopener\" target=\"_blank\">w nowej strategii obronnej USA<\/a>, Europejczycy maj\u0105 ju\u017c od 2027 r. przej\u0105\u0107 wi\u0119kszo\u015b\u0107 konwencjonalnej obrony Europy, podczas gdy Amerykanie chc\u0105 skupi\u0107 si\u0119 bardziej na obronie w\u0142asnego kraju i regionie Pacyfiku.   <\/p>\n<p>Ameryka\u0144ski parasol nuklearny jako gwarancja bezpiecze\u0144stwa Niemiec i Europy ma jednak wci\u0105\u017c pozosta\u0107. \u2014 Amerykanie nigdy nie podwa\u017cyli tego nuklearnego zabezpieczenia \u2014 zgodnie podkre\u015blaj\u0105 nasze \u017ar\u00f3d\u0142a w sojuszu.<\/p>\n<p>Na tym tle publiczne debaty o europeizacji odstraszania nuklearnego czy nawet o &#8222;niemieckiej bombie atomowej&#8221; s\u0105 w du\u017cej mierze uznawane za nieproduktywne. Wielka Brytania i Francja mog\u0142yby natomiast rozszerzy\u0107 swoje gwarancje bezpiecze\u0144stwa i parasol nuklearny na inne pa\u0144stwa europejskie.<\/p>\n<p>   Europa pod presj\u0105 ze strony WaszyngtonuZa kulisami Amerykanie wywieraj\u0105 ogromn\u0105 presj\u0119 na Europejczyk\u00f3w, by jak najszybciej byli zdolni do samodzielnej obrony. Europa jest jednak wci\u0105\u017c <a href=\"https:\/\/wiadomosci.onet.pl\/swiat\/mark-rutte-rozrywa-iluzje-brukseli-europa-stoi-na-glinianych-nogach-gdy-nadejdzie\/np8ws2d\" id=\"cb934ece-0b4b-4f96-ada9-6eced9e65eb9\" rel=\"nofollow noopener\" target=\"_blank\">daleka od tego celu<\/a>. Brakuje wojsk, zdolno\u015bci i efektywnego europejskiego przemys\u0142u obronnego. <img decoding=\"async\" src=\"https:\/\/www.europesays.com\/pl\/wp-content\/uploads\/2026\/02\/IHmk9lBaHR0cHM6Ly9vY2RuLmV1L3B1bHNjbXMvTURBXy83ZmRkMWZkNTQwNmI0YmVkMDJiNjk4ODY5YjVkZmUxZi5qcGeRlQLNB.jpeg\" height=\"627\" width=\"940\" alt=\"Mark Rutte i Donald Trump, prezydent USA. Waszyngton, 22 pa\u017adziernika 2025 r.  \" loading=\"lazy\" class=\"ods-c-image__img ods-c-image__img--viewport-width\"\/> <\/p>\n<p>Mark Rutte i Donald Trump, prezydent USA. Waszyngton, 22 pa\u017adziernika 2025 r.Aaron Schwartz \/ Pool via CNP\/AdMedia \/ PAP<\/p>\n<p>Min\u0105 jeszcze lata, zanim Europa b\u0119dzie w stanie ca\u0142kowicie zast\u0105pi\u0107 ameryka\u0144skie mo\u017cliwo\u015bci na l\u0105dzie, w powietrzu i na morzu. Najwi\u0119ksze braki wyst\u0119puj\u0105 w rozpoznaniu satelitarnym i dronami oraz w obronie powietrznej. Du\u017cym znakiem zapytania, kt\u00f3ry intensywnie dyskutuje si\u0119 w dow\u00f3dztwie NATO, jest to, w jakim stopniu europeizacja sojuszu wp\u0142ynie na kalkulacje W\u0142adimira Putina i jakie wnioski wyci\u0105gnie z tego rosyjski przyw\u00f3dca.<\/p>\n<p>To jednak zale\u017cy od determinacji Europejczyk\u00f3w. Na szczycie NATO w 2025 r. postanowiono, \u017ce wszystkie pa\u0144stwa cz\u0142onkowskie maj\u0105 zwi\u0119kszy\u0107 wydatki obronne <a href=\"https:\/\/wiadomosci.onet.pl\/politico\/5-proc-pkb-na-obronnosc-po-szczycie-nato-trump-ma-powody-do-zadowolenia\/c9lfbty\" id=\"3cfd4202-45c7-4485-b51d-40a2cfc1606a\" rel=\"nofollow noopener\" target=\"_blank\">do poziomu 3,5 proc. PKB<\/a> najp\u00f3\u017aniej do 2035 r.   <\/p>\n<p>Niemcy chc\u0105 osi\u0105gn\u0105\u0107 ten cel ju\u017c w 2029 r., natomiast wi\u0119kszo\u015b\u0107 pa\u0144stw NATO dopiero za dziewi\u0119\u0107 lat. Dla Niemiec oznacza to nak\u0142ady na obronno\u015b\u0107 w wysoko\u015bci 152 mld euro (ok. 540 mld z\u0142) ju\u017c za trzy lata \u2014 co z dzisiejszej perspektywy stanowi niemal jedn\u0105 trzeci\u0105 ca\u0142ego bud\u017cetu federalnego. W por\u00f3wnaniu z 2021 r. niemieckie wydatki obronne podwoi\u0142yby si\u0119 w ci\u0105gu o\u015bmiu lat.<\/p>\n<p>Niemcy awansuj\u0105 w strukturach NATOWed\u0142ug Waszyngtonu to w\u0142a\u015bnie Niemcy i Holandia maj\u0105 odgrywa\u0107 kluczow\u0105 rol\u0119 w nowej strukturze NATO. R\u00f3wnocze\u015bnie <a href=\"https:\/\/wiadomosci.onet.pl\/swiat\/witold-jurasz-donald-trump-jest-najbardziej-proniemieckim-prezydentem-usa-w-historii\/94j88xy\" id=\"12281e83-3662-4976-955d-6b4abf6a3cb6\" rel=\"nofollow noopener\" target=\"_blank\">Niemcy otrzymaj\u0105 znacznie wi\u0119cej wysokich stanowisk<\/a> w strukturach dowodzenia sojuszu \u2014 b\u0119d\u0105 mie\u0107 wi\u0119cej najwy\u017cszych rang\u0105 genera\u0142\u00f3w ni\u017c Stany Zjednoczone. Inspektor generalny Bundeswehry Carsten Breuer ma od lata 2027 r. obj\u0105\u0107 <a href=\"https:\/\/www.onet.pl\/informacje\/deutsche-welle\/prasa-niemcy-przejma-wazne-stanowiska-w-nato\/1wxmnf8,0666d3f1\" id=\"8d3a86de-a5f7-4f52-8c00-9419774623ef\" rel=\"nofollow noopener\" target=\"_blank\">funkcj\u0119 szefa pot\u0119\u017cnego Komitetu Wojskowego<\/a> w brukselskim sztabie g\u0142\u00f3wnym.    <img decoding=\"async\" src=\"https:\/\/www.europesays.com\/pl\/wp-content\/uploads\/2026\/02\/hkVk9lBaHR0cHM6Ly9vY2RuLmV1L3B1bHNjbXMvTURBXy8zMDQ1ZDdkOTNlZDQ1M2JjZDgxMWJjNmFlNzBhYjA3Ni5qcGeRlQLNB.jpeg\" height=\"627\" width=\"940\" alt=\"Carsten Breuer, inspektor generalny niemieckich si\u0142 zbrojnych, podczas konferencji Bundeswehr 2025 w Berlinie, 7 listopada 2025 r.\" loading=\"lazy\" class=\"ods-c-image__img ods-c-image__img--viewport-width\"\/> <\/p>\n<p>Carsten Breuer, inspektor generalny niemieckich si\u0142 zbrojnych, podczas konferencji Bundeswehr 2025 w Berlinie, 7 listopada 2025 r.EPA\/CLEMENS BILAN \/ PAP<\/p>\n<p> W \u015brod\u0119 NATO uruchomi\u0142o zapowiadan\u0105 od tygodni <a href=\"https:\/\/www.onet.pl\/informacje\/onetwiadomosci\/nato-chce-uruchomic-misje-arktyczna-straz-decyzja-mozliwa-w-tym-tygodniu\/5j03nnh,79cfc278\" id=\"8ccf3016-526e-4237-9c8d-b07815af83d7\" rel=\"nofollow noopener\" target=\"_blank\">misj\u0119 &#8222;Arctic Sentry&#8221;<\/a> (pol. Arktyczna Stra\u017c). Sojusz zwi\u0119ksza w ten spos\u00f3b swoj\u0105 obecno\u015b\u0107 wojskow\u0105 w Arktyce. Chodzi zar\u00f3wno o zapewnienie wi\u0119kszego bezpiecze\u0144stwa na p\u00f3\u0142nocy, jak i o z\u0142agodzenie <a href=\"https:\/\/wiadomosci.onet.pl\/politico\/nawalil-donald-trump-przelicytowal-z-grenlandia-teraz-moze-sie-doigrac\/1cmwq6x\" id=\"553e9106-289b-4d56-8fb0-56594707a117\" rel=\"nofollow noopener\" target=\"_blank\">konfliktu o kontrolowan\u0105 przez Dani\u0119 Grenlandi\u0119<\/a>, kt\u00f3ry wywo\u0142a\u0142 Trump. Kreml postrzega Arktyk\u0119 jako strategiczny obszar dla swoich ambicji mocarstwowych.<\/p>\n<p>Bundeswehra zamierza wzi\u0105\u0107 udzia\u0142 w misji, wykorzystuj\u0105c my\u015bliwce Eurofighter i samoloty transportowe A400M. W przysz\u0142o\u015bci ma tam odbywa\u0107 si\u0119 wi\u0119cej skoordynowanych \u0107wicze\u0144 i lepsza kontrola regionu. W perspektywie \u015brednioterminowej rozwa\u017cane jest te\u017c utworzenie nowego dow\u00f3dztwa w Arktyce. \u2014 To naprawd\u0119 wielkie przedsi\u0119wzi\u0119cie \u2014 powiedzia\u0142 w Brukseli Mark Rutte, sekretarz generalny NATO.<\/p>\n","protected":false},"excerpt":{"rendered":"W 77 lat po powstaniu sojuszu obronnego NATO nadchodzi prze\u0142om: bezpiecze\u0144stwo w Europie staje si\u0119 coraz bardziej spraw\u0105&hellip;\n","protected":false},"author":2,"featured_media":254764,"comment_status":"","ping_status":"","sticky":false,"template":"","format":"standard","meta":{"footnotes":"","_share_on_mastodon":"0"},"categories":[14],"tags":[56,32,33,3096,44,189,96,27,34,35,13445,28,31,48,160,25,295,46,40,41,47,80,29,30,71,26,79,82,83,84],"class_list":["post-254763","post","type-post","status-publish","format-standard","has-post-thumbnail","category-swiat","tag-article_premium","tag-breaking-news","tag-breakingnews","tag-bundeswehra","tag-donald_trump","tag-europa","tag-francja","tag-headlines","tag-latest-news","tag-latestnews","tag-mark_rutte","tag-naglowki","tag-najwazniejsze-artykuly","tag-nat_styl","tag-nato","tag-news","tag-niemcy","tag-omp","tag-polish","tag-polski","tag-screening_general","tag-swiat","tag-top-stories","tag-topstories","tag-usa","tag-wiadomosci","tag-wielka_brytania","tag-world","tag-world-news","tag-worldnews"],"share_on_mastodon":{"url":"https:\/\/pubeurope.com\/@pl\/116054203154508154","error":""},"_links":{"self":[{"href":"https:\/\/www.europesays.com\/pl\/wp-json\/wp\/v2\/posts\/254763","targetHints":{"allow":["GET"]}}],"collection":[{"href":"https:\/\/www.europesays.com\/pl\/wp-json\/wp\/v2\/posts"}],"about":[{"href":"https:\/\/www.europesays.com\/pl\/wp-json\/wp\/v2\/types\/post"}],"author":[{"embeddable":true,"href":"https:\/\/www.europesays.com\/pl\/wp-json\/wp\/v2\/users\/2"}],"replies":[{"embeddable":true,"href":"https:\/\/www.europesays.com\/pl\/wp-json\/wp\/v2\/comments?post=254763"}],"version-history":[{"count":0,"href":"https:\/\/www.europesays.com\/pl\/wp-json\/wp\/v2\/posts\/254763\/revisions"}],"wp:featuredmedia":[{"embeddable":true,"href":"https:\/\/www.europesays.com\/pl\/wp-json\/wp\/v2\/media\/254764"}],"wp:attachment":[{"href":"https:\/\/www.europesays.com\/pl\/wp-json\/wp\/v2\/media?parent=254763"}],"wp:term":[{"taxonomy":"category","embeddable":true,"href":"https:\/\/www.europesays.com\/pl\/wp-json\/wp\/v2\/categories?post=254763"},{"taxonomy":"post_tag","embeddable":true,"href":"https:\/\/www.europesays.com\/pl\/wp-json\/wp\/v2\/tags?post=254763"}],"curies":[{"name":"wp","href":"https:\/\/api.w.org\/{rel}","templated":true}]}}