{"id":256632,"date":"2026-02-12T22:07:09","date_gmt":"2026-02-12T22:07:09","guid":{"rendered":"https:\/\/www.europesays.com\/pl\/256632\/"},"modified":"2026-02-12T22:07:09","modified_gmt":"2026-02-12T22:07:09","slug":"atletico-madryt-fc-barcelona-na-zywo-relacja-w-tvp-kiedy-i-o-ktorej-mecz-1-2-finalu-pucharu-krola-sklady-sport-tvp-pl","status":"publish","type":"post","link":"https:\/\/www.europesays.com\/pl\/256632\/","title":{"rendered":"Atletico Madryt \u2013 FC Barcelona na \u017cywo relacja w TVP. Kiedy i o kt\u00f3rej mecz 1\/2 fina\u0142u Pucharu Kr\u00f3la? [SK\u0141ADY] &#8211; sport.tvp.pl"},"content":{"rendered":"<ol>\n<li><a href=\"https:\/\/news.google.com\/rss\/articles\/CBMixAFBVV95cUxQakpVLWcteTJoYkFjRmtlRm1yLUpjX28ybjBmNWM3WTc1LU9uTWpWM2F2RHl4ZlNYSzdsVG5PSjRtdkpUOWk2VWwxUUNZNmtMQjdLaHJ4Vm9iOWU4UG1uaThUdjZ4SWFjV05mckFXQllETzRWZWVLNnMtY1lDT3dPRDZhN1NxNnZ4eEU3cXFnSVpoVzhuVlpMaUMwaGJodER5c00tcFJTM0x2UTY0NnpwUU94b3BNTEo3S0VMeG5GZ2k5U3ND0gHKAUFVX3lxTE5KRThrYlEwSGdsMHI2VGJtUmxiRnY5b0FoYzl5VmpISFNQLUx1M3N4dE91cEFqMFNUSXZtc0otblRVdGxTc243a2x0UjNjQkNGa1pPZXNKc1lhbk1feE1vS2dHN3RnOC1DaFBPY0t5cXJncE10Yi1FNEpzc2x0b0ZqRkZpMWx4RURUWEs0R3NtZGRNbE9FZUhXbDcwLWFzVmNGeE5qUWxtXzNESnZzWEttZkx2b2N6MDZ4bjE1Zm5tRGVLSE8zWTl2RFE?oc=5\" target=\"_blank\" rel=\"nofollow noopener\">Atletico Madryt \u2013 FC Barcelona na \u017cywo relacja w TVP. Kiedy i o kt\u00f3rej mecz 1\/2 fina\u0142u Pucharu Kr\u00f3la? [SK\u0141ADY]<\/a>&nbsp;&nbsp;sport.tvp.pl<\/li>\n<li><a href=\"https:\/\/news.google.com\/rss\/articles\/CBMivwFBVV95cUxNeUN4TFVqb096clJxcUhENTBSYWVfY3ltOHlXOHkzVk1NN3YySDZraHkySFZOcGJJVVJFdEJxOXprUjFad2NRcXR2X2JtTEpURWZWdXp0b1pfZDQ0eEpoamRRTU42dExEclhSOVdISWdSZXZSaHFRVHlpeXhlbTZaTlZrZVBGWXRFX0hLT0tkS0dtMDlWV1BQMGlLT3NYV0NnenJvUDktaVlHcU56WEhmUk4yOFdXREJEWFUyVkdfUQ?oc=5\" target=\"_blank\" rel=\"nofollow noopener\">Niepokoj\u0105ce przecieki na temat Lewandowskiego. Oto decyzja Flicka, ju\u017c oficjalnie<\/a>&nbsp;&nbsp;Sport Interia<\/li>\n<li><a href=\"https:\/\/news.google.com\/rss\/articles\/CBMixwFBVV95cUxOMUFkbi1KQnlzOWlTVHYtN192Smg2ZHl1dFd3WE14ZTBneXlkc3BnV0VZbUlKWjVZLW5LbVhkQ0lBVUwxMzVpYTJ3c1B6SGNMN0xZZlp3RG9yS3NqU1pyc0w3dkpQMGlyendudWFGdGdGbmo5MXg4MjUwQXdtUlJLUDlfSmxmdG54djh2OE1SWEQtNEoyc3JZbnJoc3hHelNjcWwwSUc3YzlRZG9iWXhydDJjalBEYnJRN0NZS21HUE0xaVlhSlNJ?oc=5\" target=\"_blank\" rel=\"nofollow noopener\">Ostre komentarze po nokaucie Barcelony. Nie czekali do drugiej po\u0142owy. &#8222;Miazga&#8221;<\/a>&nbsp;&nbsp;Przegl\u0105d Sportowy<\/li>\n<li><a href=\"https:\/\/news.google.com\/rss\/articles\/CBMipAFBVV95cUxPdlViNWZBMjhtdGNJR0d0enVOaFVSU3VIVWJ1SFY0NFEzMnVvZk5venRMQXR4bmhwd2JnX1JkMWdfV3NyN2ZDVUR5OThDdjdhOU1Cank5eWZhNXFWQmt0U0wtYjdtU1AxTnZXNTlmR05xdGFORG9QbVlPdDJwdEtidVBRd2tMSG5pYnpaNEctZ2tiQWVFWXBSaDVsYVBrLVBFbHlLag?oc=5\" target=\"_blank\" rel=\"nofollow noopener\">Flick namiesza\u0142! Oto sk\u0142ad Barcelony na hit z Altetico<\/a>&nbsp;&nbsp;Sport.pl<\/li>\n<li><a href=\"https:\/\/news.google.com\/rss\/articles\/CBMisgFBVV95cUxOS3dyak9ub3VlY1B0bFZEcGcwOWRFQ0hvTllmNDhXRXh4RDI0SVZfN2YzLUNITkNqclFrWE5ra29qU2gtdFJTY2VObDhQXzRnR25rUWhUcVdTMVgyaFFtQ1IwXzNuUE1sdlh6U1UwRzhvTTV4dE13bzIzZFJmRW5NOW9UWks3UGVidXVJMm9XdEtlYkQxdzVnNHpXd1dhMDIzQU5Bc1FpUFpjTnhveXNocUZB?oc=5\" target=\"_blank\" rel=\"nofollow noopener\">Lewandowski na ratunek Barcelonie! Nietypowa decyzja Flicka<\/a>&nbsp;&nbsp;Meczyki.pl<\/li>\n<\/ol>\n","protected":false},"excerpt":{"rendered":"Atletico Madryt \u2013 FC Barcelona na \u017cywo relacja w TVP. Kiedy i o kt\u00f3rej mecz 1\/2 fina\u0142u Pucharu&hellip;\n","protected":false},"author":2,"featured_media":256633,"comment_status":"","ping_status":"","sticky":false,"template":"","format":"standard","meta":{"footnotes":"","_share_on_mastodon":"0"},"categories":[24],"tags":[999,272,42,38,40,39,41,30677,273,127,334,126,1876],"class_list":["post-256632","post","type-post","status-publish","format-standard","has-post-thumbnail","category-sport","tag-atletico-madryt","tag-fc-barcelona","tag-pl","tag-poland","tag-polish","tag-polska","tag-polski","tag-puchar-krla","tag-robert-lewandowski","tag-sport","tag-sport-tvp-pl","tag-sports","tag-wojciech-szczesny"],"share_on_mastodon":{"url":"https:\/\/pubeurope.com\/@pl\/116059939987588364","error":""},"_links":{"self":[{"href":"https:\/\/www.europesays.com\/pl\/wp-json\/wp\/v2\/posts\/256632","targetHints":{"allow":["GET"]}}],"collection":[{"href":"https:\/\/www.europesays.com\/pl\/wp-json\/wp\/v2\/posts"}],"about":[{"href":"https:\/\/www.europesays.com\/pl\/wp-json\/wp\/v2\/types\/post"}],"author":[{"embeddable":true,"href":"https:\/\/www.europesays.com\/pl\/wp-json\/wp\/v2\/users\/2"}],"replies":[{"embeddable":true,"href":"https:\/\/www.europesays.com\/pl\/wp-json\/wp\/v2\/comments?post=256632"}],"version-history":[{"count":0,"href":"https:\/\/www.europesays.com\/pl\/wp-json\/wp\/v2\/posts\/256632\/revisions"}],"wp:featuredmedia":[{"embeddable":true,"href":"https:\/\/www.europesays.com\/pl\/wp-json\/wp\/v2\/media\/256633"}],"wp:attachment":[{"href":"https:\/\/www.europesays.com\/pl\/wp-json\/wp\/v2\/media?parent=256632"}],"wp:term":[{"taxonomy":"category","embeddable":true,"href":"https:\/\/www.europesays.com\/pl\/wp-json\/wp\/v2\/categories?post=256632"},{"taxonomy":"post_tag","embeddable":true,"href":"https:\/\/www.europesays.com\/pl\/wp-json\/wp\/v2\/tags?post=256632"}],"curies":[{"name":"wp","href":"https:\/\/api.w.org\/{rel}","templated":true}]}}