{"id":256863,"date":"2026-02-13T01:48:10","date_gmt":"2026-02-13T01:48:10","guid":{"rendered":"https:\/\/www.europesays.com\/pl\/256863\/"},"modified":"2026-02-13T01:48:10","modified_gmt":"2026-02-13T01:48:10","slug":"wladyslaw-kosiniak-kamysz-po-spotkaniu-w-kwaterze-glownej-nato-nowa-misja-na-dalekiej-polnocy","status":"publish","type":"post","link":"https:\/\/www.europesays.com\/pl\/256863\/","title":{"rendered":"W\u0142adys\u0142aw Kosiniak-Kamysz po spotkaniu w kwaterze g\u0142\u00f3wnej NATO. Nowa misja na Dalekiej P\u00f3\u0142nocy"},"content":{"rendered":"<p>Jak relacjonowa\u0142 szef MON, spotkanie z udzia\u0142em podsekretarza obrony USA Elbridge&#8217;a Colby&#8217;ego odby\u0142o si\u0119 przy &#8222;zupe\u0142nie innych emocjach&#8221;, ni\u017c na spotkaniach rok temu, gdy zaraz po obj\u0119ciu prezydentury przez Donalda Trumpa, Amerykanie intensywnie naciskali na pa\u0144stwa europejskie, by te gwa\u0142townie zwi\u0119ksza\u0142y swoje wydatki na obronno\u015b\u0107.<\/p>\n<p>Kosiniak-Kamysz zacytowa\u0142 te\u017c ameryka\u0144skiego wicesekretarza, kt\u00f3ry powiedzia\u0142 na spotkaniu do sojusznik\u00f3w, \u017ce &#8222;nigdy nie b\u0119d\u0105 szli sami&#8221;. Doda\u0142, \u017ce czwartkowe obrady by\u0142y tak\u017ce okazj\u0105 do kilku spotka\u0144 bilateralnych m.in. rozmowy z Colby&#8217;m, a tak\u017ce z ministrami obrony z Wielkiej Brytanii, Francji, Niemiec i Szwecji.<\/p>\n<p>    Dalszy ci\u0105g artyku\u0142u pod materia\u0142em wideo    <\/p>\n<p> Jakie by\u0142y g\u0142\u00f3wne tematy spotkania ministr\u00f3w obrony NATO? <\/p>\n<p> Co oznacza misja Arctic Sentry dla NATO? <\/p>\n<p> Czy Polska we\u017amie udzia\u0142 w misji Arctic Sentry? <\/p>\n<p> Jakie umowy zawarto dotycz\u0105ce obrony przed dronami? <\/p>\n<p>Jak poinformowa\u0142, podpisany zosta\u0142 tak\u017ce list intencyjny w sprawie wsp\u00f3lnego nabywania zdolno\u015bci do precyzyjnych uderze\u0144 na dystansach ponad 500 km przez Polsk\u0119, Francj\u0119, Niemcy i Szwecj\u0119.<\/p>\n<p>\u2014 To jest absolutnie jedna z dw\u00f3ch kluczowych dzia\u0142a\u0144 NATO i Polski, czyli systemy dronowe i antydronowe i daleki precyzyjny zasi\u0119g. To s\u0105 dwa najwa\u017cniejsze elementy odstraszania, obrony, strategii odstraszania obrony i polskiej, i NATO-wskiej. Rozw\u00f3j tego typu inicjatyw jest nam potrzebny \u2014 powiedzia\u0142 szef MON.<\/p>\n<p>Kosiniak-Kamysz m\u00f3wi\u0142 te\u017c o rozwoju zdolno\u015bci dronowych.<\/p>\n<p>\u2014 W swojej wypowiedzi mia\u0142em okazj\u0119 zaprezentowa\u0107 te ostatnie umowy zwi\u0119kszanie potencja\u0142u obrony przeciwko dronom, czyli program San \u2014 18 baterii, r\u00f3\u017cnego rodzaju bro\u0144, efektory kinetyczne, jak i r\u00f3wnie\u017c bro\u0144 walki radioelektronicznej i sensory r\u00f3\u017cnego typu. To brzmi skomplikowanie, (&#8230;) ale to oznacza, \u017ce i zobrazowanie, lokalizacja, namierzenie celu, jak i oddzia\u0142ywanie, czyli zniszczenie tego celu przez zar\u00f3wno w\u0142a\u015bnie bro\u0144 kinetyczn\u0105, jak i niekinetyczn\u0105, b\u0119dzie du\u017co bardziej mo\u017cliwe w Polsce \u2014 powiedzia\u0142.<\/p>\n<p>   Nowa misja na Dalekiej P\u00f3\u0142nocy<\/p>\n<p>Rozmowa ministr\u00f3w obrony NATO \u2014 relacjonowa\u0142 Kosiniak-Kamysz \u2014 obj\u0119\u0142a tak\u017ce zaanga\u017cowanie pa\u0144stw sojuszniczych w now\u0105 misj\u0119 Arctic Sentry na Dalekiej P\u00f3\u0142nocy. Jak powiedzia\u0142, ka\u017cde z pa\u0144stw zosta\u0142o poproszone o rozwa\u017cenie swojego wk\u0142adu w t\u0119 operacj\u0119.<\/p>\n<p>Minister dopytywany, czy Polska we\u017amie udzia\u0142 w misji Arctic Sentry, odpar\u0142, \u017ce b\u0119dzie to tematem dyskusji. \u2014 Ten punkt przedstawi\u0119 na najbli\u017cszym Komitecie Bezpiecze\u0144stwa (MON) przy udziale w\u0142a\u015bnie najwa\u017cniejszych, odpowiedzialnych ministr\u00f3w, przy udziale przedstawicieli prezydenta, \u017ceby\u015bmy o tym porozmawiali \u2014 powiedzia\u0142.<\/p>\n<p>NATO b\u0119dzie wykorzystywa\u0107 misj\u0119 Arctic Sentry do scalania dzia\u0142a\u0144 cz\u0142onk\u00f3w Sojuszu w Arktyce w jedno &#8222;podej\u015bcie operacyjne&#8221;, co ma wzmocni\u0107 obecno\u015b\u0107 NATO w tym regionie. Dzia\u0142ania te obejmuj\u0105 m.in. du\u0144skie \u0107wiczenia Arctic Endurance, seri\u0119 wielodomenowych \u0107wicze\u0144 maj\u0105cych na celu wzmocnienie zdolno\u015bci Sojuszu do dzia\u0142ania w regionie, oraz zbli\u017caj\u0105ce si\u0119 norweskie \u0107wiczenia Cold Response, na kt\u00f3re ju\u017c zacz\u0119\u0142y przybywa\u0107 wojska ca\u0142ego NATO.<\/p>\n<p>Operacj\u0105 Arctic Sentry b\u0119dzie kierowa\u0107 Dow\u00f3dztwo Si\u0142 Po\u0142\u0105czonych w Norfolk (JFC Norfolk), kt\u00f3rego obszar odpowiedzialno\u015bci obejmuje od grudnia 2025 r. m.in. region Arktyki.<\/p>\n","protected":false},"excerpt":{"rendered":"Jak relacjonowa\u0142 szef MON, spotkanie z udzia\u0142em podsekretarza obrony USA Elbridge&#8217;a Colby&#8217;ego odby\u0142o si\u0119 przy &#8222;zupe\u0142nie innych emocjach&#8221;,&hellip;\n","protected":false},"author":2,"featured_media":256864,"comment_status":"","ping_status":"","sticky":false,"template":"","format":"standard","meta":{"footnotes":"","_share_on_mastodon":"0"},"categories":[14],"tags":[2649,32,33,27,49,34,35,786,28,31,48,160,25,46,40,41,4678,47,80,29,30,26,617,82,83,84],"class_list":["post-256863","post","type-post","status-publish","format-standard","has-post-thumbnail","category-swiat","tag-arktyka","tag-breaking-news","tag-breakingnews","tag-headlines","tag-kraj","tag-latest-news","tag-latestnews","tag-mon_ministerstwo_obrony","tag-naglowki","tag-najwazniejsze-artykuly","tag-nat_styl","tag-nato","tag-news","tag-omp","tag-polish","tag-polski","tag-psl","tag-screening_general","tag-swiat","tag-top-stories","tag-topstories","tag-wiadomosci","tag-wladyslaw_kosiniak_kamysz","tag-world","tag-world-news","tag-worldnews"],"share_on_mastodon":{"url":"https:\/\/pubeurope.com\/@pl\/116060808998326917","error":""},"_links":{"self":[{"href":"https:\/\/www.europesays.com\/pl\/wp-json\/wp\/v2\/posts\/256863","targetHints":{"allow":["GET"]}}],"collection":[{"href":"https:\/\/www.europesays.com\/pl\/wp-json\/wp\/v2\/posts"}],"about":[{"href":"https:\/\/www.europesays.com\/pl\/wp-json\/wp\/v2\/types\/post"}],"author":[{"embeddable":true,"href":"https:\/\/www.europesays.com\/pl\/wp-json\/wp\/v2\/users\/2"}],"replies":[{"embeddable":true,"href":"https:\/\/www.europesays.com\/pl\/wp-json\/wp\/v2\/comments?post=256863"}],"version-history":[{"count":0,"href":"https:\/\/www.europesays.com\/pl\/wp-json\/wp\/v2\/posts\/256863\/revisions"}],"wp:featuredmedia":[{"embeddable":true,"href":"https:\/\/www.europesays.com\/pl\/wp-json\/wp\/v2\/media\/256864"}],"wp:attachment":[{"href":"https:\/\/www.europesays.com\/pl\/wp-json\/wp\/v2\/media?parent=256863"}],"wp:term":[{"taxonomy":"category","embeddable":true,"href":"https:\/\/www.europesays.com\/pl\/wp-json\/wp\/v2\/categories?post=256863"},{"taxonomy":"post_tag","embeddable":true,"href":"https:\/\/www.europesays.com\/pl\/wp-json\/wp\/v2\/tags?post=256863"}],"curies":[{"name":"wp","href":"https:\/\/api.w.org\/{rel}","templated":true}]}}